{"id":339796,"date":"2022-06-26T06:42:29","date_gmt":"2022-06-26T06:42:29","guid":{"rendered":"https:\/\/dimensionturistica.com\/es\/?p=339796"},"modified":"2022-06-26T06:42:29","modified_gmt":"2022-06-26T06:42:29","slug":"las-islas-paradisiacas-de-europa-mas-baratas-para-reservar-ahora-y-viajar-en-septiembre-lunes","status":"publish","type":"post","link":"https:\/\/dimensionturistica.com\/es\/las-islas-paradisiacas-de-europa-mas-baratas-para-reservar-ahora-y-viajar-en-septiembre-lunes\/","title":{"rendered":"Las islas paradis\u00edacas de Europa m\u00e1s baratas para reservar ahora y viajar en septiembre. Lunes"},"content":{"rendered":"<p> <br \/>\n<\/p>\n<div>\n<p class=\"paragraph \" id=\"m97-96-98\">Entre los destinos m\u00e1s apetecibles para estas vacaciones, viajar a una<strong> isla paradisiaca <\/strong>es una opci\u00f3n muy apetecible. Y no hay que irse muy lejos para disfrutar de un lugar as\u00ed, ya que en el continente europeo encontramos un gran abanico de posibilidades. Adem\u00e1s, lejos de lo que podr\u00edamos pensar, no tenemos por qu\u00e9 tener un presupuesto muy elevado, ya que, si reservamos ahora para el mes de <strong>septiembre<\/strong>, encontraremos ofertas muy interesantes.<\/p>\n<p class=\"paragraph \" id=\"m102-101-103\">(Estos son los precios consultados en el momento de escribir el art\u00edculo)<\/p>\n<h2 id=\"m107-106-108\">Cinco d\u00edas en Gran Canaria por 161 \u20ac<\/h2>\n<div id=\"m112-111-113\">\n<figure class=\"article-picture\">\n        <img decoding=\"async\" loading=\"lazy\" width=\"656\" height=\"558\" alt=\"Las Palmas de Gran Canaria.\" src=\"https:\/\/imagenes.20minutos.es\/files\/image_656_558\/uploads\/imagenes\/2022\/06\/13\/fotografia-las-palmas-de-gran-canaria.jpeg\" data-full-src=\"https:\/\/www.20minutos.es\/uploads\/imagenes\/2022\/06\/13\/fotografia-las-palmas-de-gran-canaria.jpeg\"\/><figcaption id=\"m123-122-124\">Las Palmas de Gran Canaria.<\/figcaption><span class=\"author \" id=\"m128-127-129\">Juergen Sack \/ iStock<\/span><\/figure>\n<\/div>\n<p class=\"paragraph \" id=\"m139-138-140\">Con <a rel=\"nofollow noopener\" target=\"_blank\" href=\"https:\/\/transporte-hotel-tc.viajeselcorteingles.es\/ES\/idea\/646481\/vacaciones-sin-fin-en-gran-canaria-?tripId=1&amp;_gl=1*17v8zf1*_ga*NzYwODc4ODYyLjE2NTE3MzU3Mzk.*_ga_YL3GF14XQ6*MTY1NjA3Mjg0My4xMi4wLjE2NTYwNzI4NDMuNjA.\">Viajes el Corte Ingl\u00e9s<\/a> podremos visitar la maravillosa isla de Gran Canaria durante cinco d\u00edas y cuatro noches por un precio de <strong>161 \u20ac<\/strong> por persona, que incluye tanto el vuelo como el lodge. Las fechas del viaje son del <strong>20 al 24<\/strong> de septiembre, con el alojamiento en el lodge de tres estrellas <strong>OYO Miami Santa Catalina<\/strong>.<\/p>\n<h2 id=\"m144-143-145\">Una semana en Menorca por 208 \u20ac<\/h2>\n<div id=\"m149-148-150\">\n<figure class=\"article-picture\">\n        <img decoding=\"async\" loading=\"lazy\" width=\"656\" height=\"558\" alt=\"Cala Trebal\u00fager.\" src=\"https:\/\/imagenes.20minutos.es\/files\/image_656_558\/uploads\/imagenes\/2022\/05\/10\/fotografia-cala-trebaluger.jpeg\" data-full-src=\"https:\/\/www.20minutos.es\/uploads\/imagenes\/2022\/05\/10\/fotografia-cala-trebaluger.jpeg\"\/><figcaption id=\"m160-159-161\">Cala Trebal\u00fager.<\/figcaption><span class=\"author \" id=\"m165-164-166\">Heather Cowper \/ Flickr<\/span><\/figure>\n<\/div>\n<p class=\"paragraph \" id=\"m176-175-177\">Por solo <strong>208 \u20ac <\/strong>por persona podremos visitar la id\u00edlica isla de Menorca durante ocho d\u00edas y siete noches con <a rel=\"nofollow noopener\" target=\"_blank\" href=\"https:\/\/www.logitravel.com\/packagesasyncstepssp\/AvailabilityMaterial\/?productType=FlightHotel&amp;hotelCode=2837&amp;originAirportCode=MAD&amp;hashRooms=30A30A&amp;destinationType=ZON&amp;destinationCode=7273&amp;departureDateStr=2022-09-22&amp;returnDateStr=2022-09-29&amp;FamilyDiscount=0&amp;LineOfBusiness=Packages\">Logitravel<\/a>. En este caso las fechas son del <strong>22 al 29<\/strong> de septiembre, aloj\u00e1ndonos los <strong>Apartamentos Los Lentiscos By Mij<\/strong>.<\/p>\n<article class=\"media media-integrated \" id=\"m181-180-182\">\n<div>\n<figure class=\"figure-100\">\n            <a rel=\"nofollow noopener\" target=\"_blank\" href=\"https:\/\/www.20minutos.es\/viajes\/destinos\/es-castell-pueblo-menorca-primer-amanecer-espana-5018282\/\"><br \/>\n                <span class=\"accessTypeIcon withImage\"><em class=\"member boxIcon\"\/><\/span><br \/>\n                <img decoding=\"async\" loading=\"lazy\" width=\"656\" height=\"370\" alt=\"Amanecer en Es Castell.\" src=\"https:\/\/imagenes.20minutos.es\/files\/image_656_370\/uploads\/imagenes\/2022\/06\/20\/fotografia-es-castell.jpeg\" data-full-src=\"https:\/\/www.20minutos.es\/uploads\/imagenes\/2022\/06\/20\/fotografia-es-castell.jpeg\"\/><br \/>\n            <\/a><br \/>\n        <\/figure>\n<\/p><\/div>\n<\/article>\n<h2 id=\"m216-215-217\">Cinco d\u00edas en Fuerteventura por 273 \u20ac<\/h2>\n<div id=\"m221-220-222\">\n<figure class=\"article-picture\">\n        <img decoding=\"async\" loading=\"lazy\" width=\"656\" height=\"558\" alt=\"El Cofete, la playa virgen m\u00e1s espectacular de Canarias.\" src=\"https:\/\/imagenes.20minutos.es\/files\/image_656_558\/uploads\/imagenes\/2022\/03\/14\/istock-618968630.jpeg\" data-full-src=\"https:\/\/www.20minutos.es\/uploads\/imagenes\/2022\/03\/14\/istock-618968630.jpeg\"\/><figcaption id=\"m232-231-233\">Playa de El Cofete,<\/figcaption><span class=\"author \" id=\"m237-236-238\">Elena Krivorotova \/ iStock<\/span><\/figure>\n<\/div>\n<p class=\"paragraph \" id=\"m248-247-249\">Desde <a rel=\"nofollow noopener\" target=\"_blank\" href=\"https:\/\/transporte-hotel-tc.viajeselcorteingles.es\/ES\/idea\/711209\/el-sol-de-fuerteventura-?_gl=1*axx72o*_ga*NzYwODc4ODYyLjE2NTE3MzU3Mzk.*_ga_YL3GF14XQ6*MTY1NjAwMzU0Ni4xMS4xLjE2NTYwMDM4ODkuNTg.\">Viajes El Corte Ingl\u00e9s<\/a>, ofrecen un viaje de cinco d\u00edas para disfrutar de los incre\u00edbles paisajes de la isla de Fuerteventura por <strong>273 \u20ac<\/strong> por persona. El d\u00eda de partida es el<strong> 21<\/strong> de septiembre, regresando el <strong>d\u00eda<\/strong> <strong>25<\/strong>. Por otro lado, el alojamiento es en <strong>Elba Luc\u00eda Sport &amp; Suite Resort<\/strong>, de tres estrellas.<\/p>\n<h2 id=\"m253-252-254\">Cinco d\u00edas en Corf\u00fa por 275 \u20ac<\/h2>\n<div id=\"m258-257-259\">\n<figure class=\"article-picture\">\n        <img decoding=\"async\" loading=\"lazy\" width=\"656\" height=\"558\" alt=\"Playa de Porto Timoni,\" src=\"https:\/\/imagenes.20minutos.es\/files\/image_656_558\/uploads\/imagenes\/2022\/06\/24\/fotografia-corfu.jpeg\" data-full-src=\"https:\/\/www.20minutos.es\/uploads\/imagenes\/2022\/06\/24\/fotografia-corfu.jpeg\"\/><figcaption id=\"m269-268-270\">Playa de Porto Timoni,<\/figcaption><span class=\"author \" id=\"m274-273-275\">Schroptschop \/ iStock<\/span><\/figure>\n<\/div>\n<p class=\"paragraph \" id=\"m285-284-286\">Entre <strong>el 14 y el 18 <\/strong>de septiembre, <a rel=\"nofollow noopener\" target=\"_blank\" href=\"https:\/\/www.nautaliaviajes.com\/viajes\/corfu\/\">Nautalia <\/a>ofrece un viaje de cinco d\u00edas para adentrarnos de lleno en la paradisiaca isla de Corf\u00fa y sus playas de enviornment blanca por un precio de<strong> 275 \u20ac<\/strong> por persona. El alojamiento incluido es el lodge <strong>Sol e Mar<\/strong>.<\/p>\n<h2 id=\"m290-289-291\">Tres d\u00edas en Cerde\u00f1a por 287 \u20ac<\/h2>\n<div id=\"m295-294-296\">\n<figure class=\"article-picture\">\n        <img decoding=\"async\" loading=\"lazy\" width=\"656\" height=\"558\" alt=\"Cala Mariolu, en la isla de Cerde\u00f1a.\" src=\"https:\/\/imagenes.20minutos.es\/files\/image_656_558\/uploads\/imagenes\/2022\/06\/15\/istock-1349005082.jpeg\" data-full-src=\"https:\/\/www.20minutos.es\/uploads\/imagenes\/2022\/06\/15\/istock-1349005082.jpeg\"\/><figcaption id=\"m306-305-307\">Cala Mariolu, en la isla de Cerde\u00f1a.<\/figcaption><span class=\"author \" id=\"m311-310-312\">DaLiu \/ iStock<\/span><\/figure>\n<\/div>\n<p class=\"paragraph \" id=\"m322-321-323\">Del <strong>13 al 15<\/strong> de septiembre, tenemos la oportunidad de viajar a la preciosa isla de Cerde\u00f1a con <a rel=\"nofollow noopener\" target=\"_blank\" href=\"https:\/\/www.nautaliaviajes.com\/viajes\/cerdena\/\">Nautalia <\/a>por <strong>287 \u20ac<\/strong> por persona, aloj\u00e1ndonos en el <strong>Resort<\/strong> <strong>Citti<\/strong>, de tres estrellas.<\/p>\n<article class=\"media media-integrated \" id=\"m327-326-328\">\n<div>\n<figure class=\"figure-100\">\n            <a rel=\"nofollow noopener\" target=\"_blank\" href=\"https:\/\/www.20minutos.es\/viajes\/destinos\/que-ver-fin-de-semana-cerdena-4989302\/\"><br \/>\n                <span class=\"accessTypeIcon withImage\"><em class=\"member boxIcon\"\/><\/span><br \/>\n                <img decoding=\"async\" loading=\"lazy\" width=\"656\" height=\"370\" alt=\"Cala Corsara.\" src=\"https:\/\/imagenes.20minutos.es\/files\/image_656_370\/uploads\/imagenes\/2022\/04\/22\/fotografia-de-cerdena.jpeg\" data-full-src=\"https:\/\/www.20minutos.es\/uploads\/imagenes\/2022\/04\/22\/fotografia-de-cerdena.jpeg\"\/><br \/>\n            <\/a><br \/>\n        <\/figure>\n<\/p><\/div>\n<\/article>\n<h2 id=\"m361-360-362\">Una semana en la Isla de Sao Miguel por 490 \u20ac<\/h2>\n<div id=\"m366-365-367\">\n<figure class=\"article-picture\">\n        <img decoding=\"async\" loading=\"lazy\" width=\"656\" height=\"558\" alt=\"Isla de S\u00e3o Miguel.\" src=\"https:\/\/imagenes.20minutos.es\/files\/image_656_558\/uploads\/imagenes\/2022\/06\/24\/fotografia-isla-de-sao-miguel.jpeg\" data-full-src=\"https:\/\/www.20minutos.es\/uploads\/imagenes\/2022\/06\/24\/fotografia-isla-de-sao-miguel.jpeg\"\/><figcaption id=\"m377-376-378\">Isla de S\u00e3o Miguel.<\/figcaption><span class=\"author \" id=\"m382-381-383\">Enrico Pescantini \/ iStock<\/span><\/figure>\n<\/div>\n<p class=\"paragraph \" id=\"m393-392-394\">Reservando desde <a rel=\"nofollow noopener\" target=\"_blank\" href=\"https:\/\/www.logitravel.com\/packagesasyncstepssp\/AvailabilityMaterial\/?productType=FlightHotel&amp;hotelCode=137576&amp;originAirportCode=MAD&amp;hashRooms=30A30A&amp;destinationType=ZON&amp;destinationCode=10512&amp;departureDateStr=2022-09-13&amp;returnDateStr=2022-09-20&amp;FamilyDiscount=0&amp;LineOfBusiness=Packages\">Logitravel<\/a>, podremos pasar toda una semana d\u00edas en la Isla de San Miguel, la m\u00e1s grande del Archipi\u00e9lago portugu\u00e9s de las Azores, por<strong> 490 \u20ac <\/strong>por persona. El vuelo de salida es el <strong>13<\/strong> de septiembre, con la vuelta el d\u00eda <strong>20<\/strong> y el alojamiento en el <strong>Resort do Ma<\/strong>r, de cuatro estrellas.<\/p>\n<p class=\"paragraph \" id=\"m398-397-399\"><a rel=\"nofollow noopener\" target=\"_blank\" href=\"https:\/\/www.20minutos.es\/estaticos\/newsletter-viajes\/\">Ap\u00fantate a la newsletter y recibe en tu correo las mejores propuestas para viajar por el mundo.<\/a><\/p>\n<\/div>\n\n<p><em> &#8221; Fuentes www.20minutos.es &#8221; <\/em><\/p>\n","protected":false},"excerpt":{"rendered":"<p>Entre los destinos m\u00e1s apetecibles para estas vacaciones, viajar a una isla paradisiaca es una opci\u00f3n muy apetecible. Y no hay que irse muy lejos para disfrutar de un lugar as\u00ed, ya que en el continente europeo encontramos un gran abanico de posibilidades. Adem\u00e1s, lejos de lo que podr\u00edamos pensar, no tenemos por qu\u00e9 tener [&hellip;]<\/p>\n","protected":false},"author":4,"featured_media":339797,"comment_status":"open","ping_status":"closed","sticky":false,"template":"","format":"standard","meta":{"om_disable_all_campaigns":false,"jnews-multi-image_gallery":[],"jnews_single_post":[],"jnews_primary_category":[],"jnews_social_meta":[],"footnotes":""},"categories":[39],"tags":[1228,1653,545,7329],"class_list":["post-339796","post","type-post","status-publish","format-standard","has-post-thumbnail","hentry","category-viajes","tag-destinos","tag-europa","tag-viajes","tag-vuelos-baratos"],"_links":{"self":[{"href":"https:\/\/dimensionturistica.com\/es\/wp-json\/wp\/v2\/posts\/339796","targetHints":{"allow":["GET"]}}],"collection":[{"href":"https:\/\/dimensionturistica.com\/es\/wp-json\/wp\/v2\/posts"}],"about":[{"href":"https:\/\/dimensionturistica.com\/es\/wp-json\/wp\/v2\/types\/post"}],"author":[{"embeddable":true,"href":"https:\/\/dimensionturistica.com\/es\/wp-json\/wp\/v2\/users\/4"}],"replies":[{"embeddable":true,"href":"https:\/\/dimensionturistica.com\/es\/wp-json\/wp\/v2\/comments?post=339796"}],"version-history":[{"count":0,"href":"https:\/\/dimensionturistica.com\/es\/wp-json\/wp\/v2\/posts\/339796\/revisions"}],"wp:featuredmedia":[{"embeddable":true,"href":"https:\/\/dimensionturistica.com\/es\/wp-json\/wp\/v2\/media\/339797"}],"wp:attachment":[{"href":"https:\/\/dimensionturistica.com\/es\/wp-json\/wp\/v2\/media?parent=339796"}],"wp:term":[{"taxonomy":"category","embeddable":true,"href":"https:\/\/dimensionturistica.com\/es\/wp-json\/wp\/v2\/categories?post=339796"},{"taxonomy":"post_tag","embeddable":true,"href":"https:\/\/dimensionturistica.com\/es\/wp-json\/wp\/v2\/tags?post=339796"}],"curies":[{"name":"wp","href":"https:\/\/api.w.org\/{rel}","templated":true}]}}