{"id":339785,"date":"2022-06-26T05:13:19","date_gmt":"2022-06-26T05:13:19","guid":{"rendered":"https:\/\/dimensionturistica.com\/es\/?p=339785"},"modified":"2022-06-26T05:13:19","modified_gmt":"2022-06-26T05:13:19","slug":"usa-recomienda-evitar-viajes-a-ecuador-por-las-protestas-y-la-delincuencia","status":"publish","type":"post","link":"https:\/\/dimensionturistica.com\/es\/usa-recomienda-evitar-viajes-a-ecuador-por-las-protestas-y-la-delincuencia\/","title":{"rendered":"USA recomienda evitar viajes a Ecuador por las protestas y la delincuencia"},"content":{"rendered":"<p> <br \/>\n<\/p>\n<div>\n<p><strong>Estados Unidos recomend\u00f3 este mi\u00e9rcoles a sus ciudadanos evitar viajes a Ecuador<\/strong> debido a los &#8220;disturbios y la criminalidad&#8221; desatada por las protestas contra las pol\u00edticas econ\u00f3micas del Gobierno del presidente <strong>Guillermo Lasso<\/strong>.<\/p>\n<p>En un comunicado, el Departamento de Estado de <a rel=\"nofollow noopener\" target=\"_blank\" href=\"https:\/\/www.debate.com.mx\/seccion\/mundo\/\">USA<\/a> anunci\u00f3 que elev\u00f3 la alerta de viaje a Ecuador a nivel 3, lo que implica &#8220;evitar los viajes debido a serios riesgos para la seguridad&#8221;.<\/p>\n<p>&#8220;Reconsideren los viajes a Ecuador debido a los disturbios civiles y la delincuencia. Algunas \u00e1reas tienen mayor riesgo&#8221;, explic\u00f3 la oficina.<\/p>\n<p>Adem\u00e1s, pidi\u00f3 no viajar por ning\u00fan motivo a las provincias de Carchi, Sucumb\u00edos y Esmeraldas, en el norte del pa\u00eds, ni a la zona sur de la ciudad de Guayaquil, donde la alerta de viaje aument\u00f3 al nivel 4, el de mayor riesgo.<\/p>\n<p>&#8220;<strong>La delincuencia es un problema generalizado en Ecuador<\/strong>. Los delitos violentos, como el asesinato, el asalto, el secuestro expr\u00e9s y el robo a mano armada son comunes&#8221;, afirm\u00f3 el Departamento de Estado.<\/p>\n<p>Agreg\u00f3 que hay manifestaciones &#8220;habitualmente en todo el pa\u00eds&#8221;, que pueden provocar cierres de carreteras sin aviso y bloqueos en los accesos de los aeropuertos.<\/p>\n<p><strong>Te recomendamos leer:\u00a0<\/strong><\/p>\n<p>Las protestas, lideradas por grupos ind\u00edgenas, comenzaron el 13 de junio en contra de la carest\u00eda y las pol\u00edticas econ\u00f3micas del Gobierno. Activistas han denunciado abusos y represi\u00f3n por parte de Polic\u00eda y militares.<\/p>\n<p>El Gobierno de Lasso ha declarado en estado de excepci\u00f3n en las provincias andinas de Imbabura, Pichincha, Cotopaxi, Tungurahua y Chimborazo, as\u00ed como en la amaz\u00f3nica de Pastaza, en su af\u00e1n de contener la movilizaci\u00f3n ind\u00edgena que se ha instalado con fuerza en Quito.<\/p>\n<div class=\"ck-video-player\"> <amp-iframe width=\"640\" height=\"360\" sandbox=\"allow-scripts allow-same-origin allow-presentation\" allowfullscreen=\"\" frameborder=\"0\" layout=\"responsive\" src=\"https:\/\/iframe.debate.com.mx\/ajax\/get_share_video.html?id=\/videos\/video-flash\/2022\/06\/22\/policxa_rescata_y_alimenta_con_biberxn_a_un_zorrillo_bebx.mp4\" class=\"i-amphtml-layout-responsive i-amphtml-layout-size-defined\" i-amphtml-layout=\"responsive\"><i-amphtml-sizer style=\"display:block;padding-top:56.25%\"\/> <amp-img src=\"https:\/\/www.debate.com.mx\/img\/2022\/06\/22\/policxa_rescata_y_alimenta_con_biberxn_a_un_zorrillo_bebx_1.jpg\" layout=\"fill\" placeholder=\"\" class=\"i-amphtml-layout-fill i-amphtml-layout-size-defined\" i-amphtml-layout=\"fill\"\/> <\/amp-iframe><figcaption> Polic\u00eda rescata y alimenta con biber\u00f3n a un zorrillo beb\u00e9 <\/figcaption><\/div>\n<\/div>\n\n<p><em> &#8221; Fuentes www.debate.com.mx &#8221; <\/em><\/p>\n","protected":false},"excerpt":{"rendered":"<p>Estados Unidos recomend\u00f3 este mi\u00e9rcoles a sus ciudadanos evitar viajes a Ecuador debido a los &#8220;disturbios y la criminalidad&#8221; desatada por las protestas contra las pol\u00edticas econ\u00f3micas del Gobierno del presidente Guillermo Lasso. En un comunicado, el Departamento de Estado de USA anunci\u00f3 que elev\u00f3 la alerta de viaje a Ecuador a nivel 3, lo [&hellip;]<\/p>\n","protected":false},"author":4,"featured_media":339786,"comment_status":"open","ping_status":"closed","sticky":false,"template":"","format":"standard","meta":{"om_disable_all_campaigns":false,"jnews-multi-image_gallery":[],"jnews_single_post":[],"jnews_primary_category":[],"jnews_social_meta":[],"footnotes":""},"categories":[39],"tags":[2143],"class_list":["post-339785","post","type-post","status-publish","format-standard","has-post-thumbnail","hentry","category-viajes","tag-ecuador"],"_links":{"self":[{"href":"https:\/\/dimensionturistica.com\/es\/wp-json\/wp\/v2\/posts\/339785","targetHints":{"allow":["GET"]}}],"collection":[{"href":"https:\/\/dimensionturistica.com\/es\/wp-json\/wp\/v2\/posts"}],"about":[{"href":"https:\/\/dimensionturistica.com\/es\/wp-json\/wp\/v2\/types\/post"}],"author":[{"embeddable":true,"href":"https:\/\/dimensionturistica.com\/es\/wp-json\/wp\/v2\/users\/4"}],"replies":[{"embeddable":true,"href":"https:\/\/dimensionturistica.com\/es\/wp-json\/wp\/v2\/comments?post=339785"}],"version-history":[{"count":0,"href":"https:\/\/dimensionturistica.com\/es\/wp-json\/wp\/v2\/posts\/339785\/revisions"}],"wp:featuredmedia":[{"embeddable":true,"href":"https:\/\/dimensionturistica.com\/es\/wp-json\/wp\/v2\/media\/339786"}],"wp:attachment":[{"href":"https:\/\/dimensionturistica.com\/es\/wp-json\/wp\/v2\/media?parent=339785"}],"wp:term":[{"taxonomy":"category","embeddable":true,"href":"https:\/\/dimensionturistica.com\/es\/wp-json\/wp\/v2\/categories?post=339785"},{"taxonomy":"post_tag","embeddable":true,"href":"https:\/\/dimensionturistica.com\/es\/wp-json\/wp\/v2\/tags?post=339785"}],"curies":[{"name":"wp","href":"https:\/\/api.w.org\/{rel}","templated":true}]}}