{"id":339782,"date":"2022-06-26T05:11:12","date_gmt":"2022-06-26T05:11:12","guid":{"rendered":"https:\/\/dimensionturistica.com\/es\/?p=339782"},"modified":"2022-06-26T05:11:12","modified_gmt":"2022-06-26T05:11:12","slug":"los-viii-premios-tu-economia-reconocen-la-excelencia-empresarial","status":"publish","type":"post","link":"https:\/\/dimensionturistica.com\/es\/los-viii-premios-tu-economia-reconocen-la-excelencia-empresarial\/","title":{"rendered":"Los VIII Premios \u201cTu Econom\u00eda\u201d reconocen la excelencia empresarial"},"content":{"rendered":"<p> <br \/>\n<\/p>\n<div id=\"\">\n<p>Un a\u00f1o m\u00e1s, y ya son ocho, LA RAZ\u00d3N har\u00e1 entrega el pr\u00f3ximo 30 de junio de los Premios Tu Econom\u00eda, unos galardones que distinguen en esta edici\u00f3n a empresarios y emprendedores que con su esfuerzo y talento contribuyen d\u00eda a d\u00eda a crear riqueza y a modernizar la econom\u00eda de nuestro pa\u00eds, haci\u00e9ndola m\u00e1s competitiva y resiliente. El alcalde de Madrid, Jos\u00e9 Luis Mart\u00ednez- Almeida, presidir\u00e1 el acto de entrega de las distinciones. Entre los premiados de este a\u00f1o se encuentran:<\/p>\n<h3 class=\"font--primary body-components__header\">Tob\u00edas Mart\u00ednez\/ Trayectoria Profesional<\/h3>\n<figure class=\"image--is-responsive\">\n<div class=\"img-reserved-space\" style=\"padding-top:66.7%\">\n<div class=\"reserved-space-inside\"><picture><source srcset=\"https:\/\/www.larazon.es\/resizer\/KiBv7PYNrKn6ERxN8gwGHGP9a0w=\/600x0\/smart\/filters:format(webp):quality(65)\/cloudfront-eu-central-1.images.arcpublishing.com\/larazon\/GWJEI4UIGFDGPFGOSNLC62GTSE.jpg 600w,&#10;https:\/\/www.larazon.es\/resizer\/8Ua-6n4_pB7LnrhHg-VVsUaNErI=\/420x0\/smart\/filters:format(webp):quality(65)\/cloudfront-eu-central-1.images.arcpublishing.com\/larazon\/GWJEI4UIGFDGPFGOSNLC62GTSE.jpg 420w\" type=\"image\/webp\"\/><img alt=\"Tob\u00edas Mart\u00ednez, durante su intervenci\u00f3n en la Juta General de Accionistas de Cellnex\" src=\"https:\/\/www.larazon.es\/resizer\/pTXe6camLlcJLvCNbGmbbt2ZZUM=\/600x0\/smart\/filters:format(jpg)\/cloudfront-eu-central-1.images.arcpublishing.com\/larazon\/GWJEI4UIGFDGPFGOSNLC62GTSE.jpg\" srcset=\"https:\/\/www.larazon.es\/resizer\/pTXe6camLlcJLvCNbGmbbt2ZZUM=\/600x0\/smart\/filters:format(jpg)\/cloudfront-eu-central-1.images.arcpublishing.com\/larazon\/GWJEI4UIGFDGPFGOSNLC62GTSE.jpg 600w,&#10;https:\/\/www.larazon.es\/resizer\/gkGBNQzRqCbU5nQhJiGzSJYokaA=\/420x0\/smart\/filters:format(jpg)\/cloudfront-eu-central-1.images.arcpublishing.com\/larazon\/GWJEI4UIGFDGPFGOSNLC62GTSE.jpg 420w\" sizes=\"auto, (max-width: 420px) 420px, 600px\" width=\"100%\" loading=\"lazy\" decoding=\"async\"\/><\/picture><\/div>\n<\/div><figcaption>Tob\u00edas Mart\u00ednez, durante su intervenci\u00f3n en la Juta Common de Accionistas de Cellnex<span class=\"image__meta figcaption-author\"> <!-- -->FOTO: <!-- -->Cellnex<\/span><span class=\"image__meta figcaption-affiliation\"> <!-- -->Cellnex<\/span><\/figcaption><\/figure>\n<p><strong>Tob\u00edas Mart\u00ednez Gimeno (Barcelona, 1959 )<\/strong> <strong>es aficionado a leer a Bertrand Russell<\/strong>, uno de los fil\u00f3sofos y matem\u00e1ticos m\u00e1s influyentes del siglo XX, conocido, adem\u00e1s, por su faceta de divulgador cient\u00edfico. Le atrae su visi\u00f3n optimista sobre el papel de la ciencia en la sociedad. <strong>Y es que el CEO de Cellnex Telecom cree firmemente en la tecnolog\u00eda como vector para cambiar el mundo <\/strong>y para llevarlo a altas cotas de bienestar.<\/p>\n<aside style=\"max-width:615px;min-width:300px;width:100%;height:462px\" class=\"ad all sunmedia1 bg-placeholder \"\/>\n<p>Su confianza en el progreso ha sido uno de los faros que ha iluminado su trayectoria profesional. Aunque <strong>curs\u00f3 estudios de Ingenier\u00eda de Telecomunicaciones<\/strong>, <strong>fue la realidad empresarial la que le curti\u00f3<\/strong> y donde adquiri\u00f3 un \u00abexperience\u00bb, que le hizo leer muy bien el futuro y predecir los derroteros por los que transitar\u00eda un sector llamado a ser el protagonista absoluto de la Cuarta Revoluci\u00f3n Industrial.<\/p>\n<p><strong>Admirador de Isidro Fain\u00e9 y de Jeff Bezos <\/strong>por su capacidad de transformar sus respectivas compa\u00f1\u00edas, la Caixa y Amazon, y de los que asegura \u00abson dos personas de las que me gusta aprender\u00bb, Tob\u00edas Mart\u00ednez a lo largo de su vida <strong>no ha tenido nunca miedo a arriesgarse y a buscar proyectos que principalmente le hicieran feliz.<\/strong><\/p>\n<p>Algunos de sus colaboradores a lo largo de su trayectoria profesional le definen como un<strong> l\u00edder resolutivo y emprendedor<\/strong>, que escucha y que no reh\u00faye la discusi\u00f3n, y una<strong> persona din\u00e1mica, \u00e1gil y competitiva<\/strong>, que es capaz de transmitir y trasladar a todos los que le rodean su entusiasmo por los proyectos en los que se embarca.<\/p>\n<aside style=\"max-width:300px;min-width:300px;width:100%;height:600px\" class=\"ad all right1 bg-placeholder \"\/>\n<p>Nacido en el seno de una familia humilde, abandon\u00f3 sus estudios para trabajar en la multinacional alemana especializada en accesorios y fijaciones W\u00fcrth. Tras tres a\u00f1os en la compa\u00f1\u00eda, decidi\u00f3 lanzarse a la aventura del emprendimiento, y <strong>fund\u00f3 una empresa desarrolladora de software program, Information Processing<\/strong>. Como necesitaba conocimientos empresariales, se matricul\u00f3 en el IESE y se diplom\u00f3 en Alta Direcci\u00f3n y, posteriormente, en Direcci\u00f3n de Advertising and marketing por el Instituto Superior de Advertising and marketing de Barcelona, lo que da thought de su perfil empresarial multidisciplinar. Tras vender la empresa, se incorpor\u00f3 a <strong>Capgemini <\/strong>y, despu\u00e9s, a <strong>RBA Editores <\/strong>(su \u00fanica incursi\u00f3n en un sector no tecnol\u00f3gico). A comienzos del milenio, se uni\u00f3 a<strong> Acesa (la antigua Abertis)<\/strong>, donde ocup\u00f3 distintos puestos de responsabilidad en empresas del grupo, como<strong> Tradia o Retevisi\u00f3n,<\/strong> <strong>hasta que de la mano de Francisco Reyn\u00e9s (por aquel entonces CEO de Abertis), fue nombrado director normal de Abertis Telecom<\/strong>, cargo que desempe\u00f1\u00f3 hasta que, en 2014, ambos directivos decidieron durante un desayuno en la comarca catalana de L\u00b4Empord\u00e0, donde pasaban vacaciones, sacar a bolsa esta filial del grupo.<\/p>\n<aside style=\"max-width:300px;min-width:300px;width:100%;height:600px\" class=\"ad all right2 bg-placeholder \"\/>\n<p>Fue el principio de una historia de \u00e9xito. Y es que menos de a\u00f1o despu\u00e9s, la compa\u00f1\u00eda, ya escindida de Abertis, y con su nueva denominaci\u00f3n, Cellnex Telecom, debutaba en Bolsa el 7 de mayo de 2015.<\/p>\n<p>El steadiness de estos siete a\u00f1os de la compa\u00f1\u00eda especializada en la gesti\u00f3n de redes de infraestructura de telecomunicaciones no puede ser mejor. Y es que, actualmente, y ya formando parte del selecto membership empresarial del Ibex 35<strong>, se ha convertido en el principal operador europeo de infraestructuras de redes inal\u00e1mbricas, y uno de los l\u00edderes globales en sostenibilidad<\/strong>. Cuenta con un portafolio de <strong>137.000 emplazamientos<\/strong> y desarrolla sus actividades, adem\u00e1s de en Espa\u00f1a, en Italia, Pa\u00edses Bajos, Francia, Suiza, Reino Unido, Irlanda, Portugal, Austria, Dinamarca Suecia y Polonia.<\/p>\n<p><strong>El negocio de Cellnex se estructura en cuatro grandes \u00e1reas<\/strong>: servicios para infraestructuras de telecomunicaciones; redes de difusi\u00f3n audiovisual; servicios de redes de seguridad y emergencia, y soluciones para la gesti\u00f3n inteligente de infraestructuras y servicios urbanos \u2013\u00abgood cities\u00bb e Web de las cosas (Iot)\u2013.<\/p>\n<aside style=\"max-width:615px;min-width:300px;width:100%;height:462px\" class=\"ad all sunmedia2 bg-placeholder \"\/>\n<p>Adem\u00e1s de cotizar en <strong>el Ibex 35<\/strong>, forma parte del <strong>EuroStoxx 100<\/strong> y de los \u00edndices de sostenibildad <strong>FTSE4GOOD, CDP (Carbon Disclousure Venture), Sustainalytics y Customary Ethics MSCI.<\/strong><\/p>\n<p>Casado y padre de una hija, que tambi\u00e9n se decant\u00f3 por estudiar Ingenier\u00eda, aunque en su caso en la rama industrial, Tob\u00edas Mart\u00ednez es un hombre de perfil bajo que se ha caracterizado siempre por la discreci\u00f3n y su car\u00e1cter tranquilo, pero sobre todo por la disciplina en el trabajo. Unos m\u00e9ritos que LA RAZ\u00d3N quiere reconocer, otorg\u00e1ndole el Premio Tu Econom\u00eda a la Trayectoria Profesional.<\/p>\n<h3 class=\"font--primary body-components__header\">Banco Sabadell\/ Mejor Valor Ibex 35<\/h3>\n<figure class=\"image--is-responsive\">\n<div class=\"img-reserved-space\" style=\"padding-top:63.63%\">\n<div class=\"reserved-space-inside\"><picture><source srcset=\"https:\/\/www.larazon.es\/resizer\/03PfqRCHhlf0cE0jvknBjIx10kU=\/600x0\/smart\/filters:format(webp):quality(65)\/cloudfront-eu-central-1.images.arcpublishing.com\/larazon\/IYJURHL46VDAJK4UD7AH3LEZYQ.jpg 600w,&#10;https:\/\/www.larazon.es\/resizer\/LDVeCGHM17q4bYe_xJ62w9QvVhE=\/420x0\/smart\/filters:format(webp):quality(65)\/cloudfront-eu-central-1.images.arcpublishing.com\/larazon\/IYJURHL46VDAJK4UD7AH3LEZYQ.jpg 420w\" type=\"image\/webp\"\/><img alt=\"Josep Oil\u00fa, presidente del Banco Sabadell\" src=\"https:\/\/www.larazon.es\/resizer\/2bj8mPqE0TgBPVNoqBgpjUUHvgw=\/600x0\/smart\/filters:format(jpg)\/cloudfront-eu-central-1.images.arcpublishing.com\/larazon\/IYJURHL46VDAJK4UD7AH3LEZYQ.jpg\" srcset=\"https:\/\/www.larazon.es\/resizer\/2bj8mPqE0TgBPVNoqBgpjUUHvgw=\/600x0\/smart\/filters:format(jpg)\/cloudfront-eu-central-1.images.arcpublishing.com\/larazon\/IYJURHL46VDAJK4UD7AH3LEZYQ.jpg 600w,&#10;https:\/\/www.larazon.es\/resizer\/GjCCr-xp80pU-wliI6YSybbUvFg=\/420x0\/smart\/filters:format(jpg)\/cloudfront-eu-central-1.images.arcpublishing.com\/larazon\/IYJURHL46VDAJK4UD7AH3LEZYQ.jpg 420w\" sizes=\"auto, (max-width: 420px) 420px, 600px\" width=\"100%\" loading=\"lazy\" decoding=\"async\"\/><\/picture><\/div>\n<\/div><figcaption>Josep Oil\u00fa, presidente del Banco Sabadell<span class=\"image__meta figcaption-author\"> <!-- -->FOTO: <!-- -->Sabadell<\/span><\/figcaption><\/figure>\n<p><strong>Josep Oli\u00fa (Sabadell, 1949), presidente de Banco Sabadell, se mostraba muy satisfecho por el steadiness de la entidad en 2021, \u00abun verdadero punto de inflexi\u00f3n\u00bb<\/strong>, como se refiri\u00f3. Un a\u00f1o, el pasado, que el banco encar\u00f3 como un aut\u00e9ntico reto, ya que se produjo el relevo en su equipo directivo. <strong>C\u00e9sar Gonz\u00e1lez-Bueno desembarc\u00f3 en el primer trimestre de 2021 en el banco como consejero delegado<\/strong>, iniciando un proceso de transformaci\u00f3n para liderar los retos de un sector que, inevitablemente, pasan por la digitalizaci\u00f3n.<strong> Una nueva hoja de ruta que se plasm\u00f3 en el Plan Estrat\u00e9gico 2021-2023<\/strong>, centrado en aumentar la eficiencia, la rentabilidad y la creaci\u00f3n de valor para los accionistas. <strong> Una estrategia que recibi\u00f3 el refrendo del mercado, y que se tradujo en una revalorizaci\u00f3n de sus t\u00edtulos en 2021 de m\u00e1s del 67%<\/strong>, por encima del alza del 7,9% experimentada por el conjunto del Ibex 35, y un 39% superior a la de los bancos espa\u00f1oles comparables, lo que le convirtieron en el<strong> <\/strong>mejor valor del selectivo en 2021 entre las compa\u00f1\u00edas que lo integraban desde principios de a\u00f1o.<\/p>\n<aside style=\"max-width:300px;min-width:300px;width:100%;height:600px\" class=\"ad all right3 bg-placeholder \"\/>\n<p>La perspectiva de<strong> mejora en la evoluci\u00f3n de la pandemia, la coyuntura favorable de los indicadores macroecon\u00f3micos y un escenario de subida de tipos de inter\u00e9s<\/strong> fueron otros de los factores que, sin duda, favorecieron el buen comportamiento de la acci\u00f3n de la entidad financiera. Tambi\u00e9n<strong> la mayor contribuci\u00f3n de la franquicia brit\u00e1nica, TSB, a los resultados del grupo<\/strong>, unida a su actividad comercial, y a la recuperaci\u00f3n del dividendo en efectivo fueron otras noticias positivas que fueron muy bien acogidas por parte de los analistas financieros y del mercado en normal .<\/p>\n<p><strong>La entidad triplic\u00f3 sus beneficios en el primer trimestre de este a\u00f1o, hasta los 213 millones de euro<\/strong>s. En cuanto a la rentabilidad, su <strong>ROTE fue del 6,5%<\/strong>, 5,28 puntos porcentuales m\u00e1s que en el mismo periodo de 2021, en l\u00ednea con su objetivo de cerrar 2022 con un nivel de rentabilidad por encima del 6%. Lo mismo ocurre con la solvencia, ya que cerr\u00f3 el trimestre con un ratio<strong> CET1 absolutely loaded del 12,45%<\/strong>, alcanzando un a\u00f1o y medio antes el objetivo de superar el 12% que se hab\u00eda fijado en su Plan Estrat\u00e9gico para 2023.<\/p>\n<aside style=\"max-width:300px;min-width:300px;width:100%;height:600px\" class=\"ad all right4 bg-placeholder \"\/>\n<p><strong>\u00abPara nosotros lo m\u00e1s importante es continuar acompa\u00f1ando a nuestros clientes y generando valor para nuestros accionistas<\/strong> en un contexto complejo bajo el precise entorno econ\u00f3mico. Otro de los objetivos son consolidar el crecimiento en vol\u00famenes, tanto en cr\u00e9dito como en recursos dentro y fuera de steadiness, continuar con la monitorizaci\u00f3n de los sectores m\u00e1s vulnerables a los impactos indirectos en los precios de la energ\u00eda y las materias primas, y seguir creciendo en la senda de la digitalizaci\u00f3n\u00bb, apuntan desde el banco.<\/p>\n<h3 class=\"font--primary body-components__header\">Xabier Sagredo\/Mejor Direcci\u00f3n Empresarial<\/h3>\n<figure class=\"image--is-responsive\">\n<div class=\"img-reserved-space\" style=\"padding-top:66.66%\">\n<div class=\"reserved-space-inside\"><picture><source srcset=\"https:\/\/www.larazon.es\/resizer\/PH3wj7H-Twq97xcu2CR-sDuY10w=\/600x0\/smart\/filters:format(webp):quality(65)\/cloudfront-eu-central-1.images.arcpublishing.com\/larazon\/SOO3XVDS6ZDH7MJA5EE5L7M4OE.jpg 600w,&#10;https:\/\/www.larazon.es\/resizer\/BZsPh5eWJf9tZSdFUBCgUpxfWak=\/420x0\/smart\/filters:format(webp):quality(65)\/cloudfront-eu-central-1.images.arcpublishing.com\/larazon\/SOO3XVDS6ZDH7MJA5EE5L7M4OE.jpg 420w\" type=\"image\/webp\"\/><img alt=\"Xabier Sagredo, presidente de la Fundaci\u00f3n Bancaria BBK\" src=\"https:\/\/www.larazon.es\/resizer\/s5v94PeooV1cixqDHE6FxSbtxqI=\/600x0\/smart\/filters:format(jpg)\/cloudfront-eu-central-1.images.arcpublishing.com\/larazon\/SOO3XVDS6ZDH7MJA5EE5L7M4OE.jpg\" srcset=\"https:\/\/www.larazon.es\/resizer\/s5v94PeooV1cixqDHE6FxSbtxqI=\/600x0\/smart\/filters:format(jpg)\/cloudfront-eu-central-1.images.arcpublishing.com\/larazon\/SOO3XVDS6ZDH7MJA5EE5L7M4OE.jpg 600w,&#10;https:\/\/www.larazon.es\/resizer\/bga_KAzNOrbElSkxcIVFZAW_GAI=\/420x0\/smart\/filters:format(jpg)\/cloudfront-eu-central-1.images.arcpublishing.com\/larazon\/SOO3XVDS6ZDH7MJA5EE5L7M4OE.jpg 420w\" sizes=\"auto, (max-width: 420px) 420px, 600px\" width=\"100%\" loading=\"lazy\" decoding=\"async\"\/><\/picture><\/div>\n<\/div><figcaption>Xabier Sagredo, presidente de la Fundaci\u00f3n Bancaria BBK<span class=\"image__meta figcaption-author\"> <!-- -->FOTO: <!-- -->BBK<\/span><span class=\"image__meta figcaption-affiliation\"> <!-- -->BBK<\/span><\/figcaption><\/figure>\n<p><strong>En los siete a\u00f1os que Xabier Sagredo ha estado al frente de la Fundaci\u00f3n Bancaria BBK<\/strong>, que posee el 57% de Kutxabank (la entidad resultante de la uni\u00f3n de las tres cajas vascas), <strong>ha conseguido afrontar con \u00e9xito los retos que se derivaron del proceso de concentraci\u00f3n del mercado financiero espa\u00f1ol.<\/strong> As\u00ed, ha logrado consolidar un tri\u00e1ngulo funcional que rige su quehacer: el que conforman la obra social, el negocio bancario y las participaciones industriales. En los peores momentos de la disaster financiera, BBK ya dio muestras de su fortaleza, una entidad s\u00f3lida que ha superado con \u00e9xito los conocidos como check de estr\u00e9s, cada vez m\u00e1s exigentes. Adem\u00e1s, tom\u00f3 la decisi\u00f3n de no salir a Bolsa, de forma muy acertada, ya que la misma se ha traducido en dejar de perder m\u00e1s de 2.000 millones de euros (dato avalado por un estudio de la Universidad de Deusto), lo que ha permitido que BBK siga activa, siendo el accionista mayoritario de Kutxabank, modernizando su obra social, clave para la sociedad vizca\u00edna.<\/p>\n<aside style=\"max-width:300px;min-width:300px;width:100%;height:600px\" class=\"ad all right5 bg-placeholder \"\/>\n<p><strong>Bajo su Presidencia, la gobernanza de la Fundaci\u00f3n se ha transformado, instaurando un sistema s\u00f3lido<\/strong>, aplicando un m\u00e9todo de gesti\u00f3n dise\u00f1ado con un nivel de exigencia superior al requerido y basado en la organizaci\u00f3n y el management, la transparencia, la eficacia y la eficiencia. Gracias a este m\u00e9todo, se previenen malas praxis y se evitan casos de mala gesti\u00f3n.<\/p>\n<p>Nacido en Portugalete hace 49 a\u00f1os, creci\u00f3 en Trapagar\u00e1n (Vizcaya). <strong>Licenciado en Ciencias Econ\u00f3micas y Empresariales por la Universidad del Pa\u00eds Vasco, ha desarrollado su trayectoria directiva en la empresa privada, sobre todo en los \u00e1mbitos financiero y empresarial<\/strong> y cuenta con diferentes postgrados. De su esp\u00edritu emprendedor, qued\u00f3 constancia ya en la \u00e9poca en la que compaginaba sus estudios con las clases particulares que impart\u00eda en sus ratos libres. Y de su vigor y energ\u00eda, da muestra su trayectoria laboral.<\/p>\n<p><strong>Inici\u00f3 su andadura en Ipar Kutxa <\/strong>en 1997, donde fue asumiendo cada vez m\u00e1s responsabilidades. Primero, en el \u00e1rea de Auditor\u00eda Interna y, posteriormente, en la Direcci\u00f3n del \u00c1rea de No Negocio y de Expansi\u00f3n y Patrimonio.<\/p>\n<p>Diez a\u00f1os despu\u00e9s, <strong>abandon\u00f3 la banca para crear, junto con otros socios, la concesionaria Transitia<\/strong>, donde lleg\u00f3 a ocupar la Direcci\u00f3n Common.<\/p>\n<p>Al mismo tiempo que desarroll\u00f3 su trayectoria profesional, la compagin\u00f3 con su participaci\u00f3n<strong> en distintos consejos de administraci\u00f3n para diversas empresas y entidades de especial significaci\u00f3n, como Iberdrola Generaci\u00f3n<\/strong>, siendo, adem\u00e1s, miembro de la <strong>Comisi\u00f3n de Auditor\u00eda y Cumplimiento de la energ\u00e9tica.<\/strong><\/p>\n<p>Entre 2012\u20132013,<strong> fue vicepresidente de BBK y lider\u00f3 la Comisi\u00f3n de Auditor\u00eda. De 2013 a 2015<\/strong>, desempe\u00f1\u00f3 el cargo de m\u00e1ximo responsable de la entidad financiera, puesto que ocup\u00f3 <strong>hasta su nombramiento como presidente la Fundaci\u00f3n Bancaria BBK.<\/strong><\/p>\n<h3 class=\"font--primary body-components__header\">Nautalia\/Mejor Gestor de Disaster durante la pandemia<\/h3>\n<figure class=\"image--is-responsive\">\n<div class=\"img-reserved-space\" style=\"padding-top:66.67%\">\n<div class=\"reserved-space-inside\"><picture><source srcset=\"https:\/\/www.larazon.es\/resizer\/TL_SFzPBzKJYu6R9Ikj4ECBzsmc=\/600x0\/smart\/filters:format(webp):quality(65)\/cloudfront-eu-central-1.images.arcpublishing.com\/larazon\/K3HRY5TA2BFKHJGZ55RK65EX5Y.jpg 600w,&#10;https:\/\/www.larazon.es\/resizer\/mrYKrgdGOXs3XJ5QdXaPp7QY6tM=\/420x0\/smart\/filters:format(webp):quality(65)\/cloudfront-eu-central-1.images.arcpublishing.com\/larazon\/K3HRY5TA2BFKHJGZ55RK65EX5Y.jpg 420w\" type=\"image\/webp\"\/><img alt=\"Rafael Garrido, director general de Nautalia\" src=\"https:\/\/www.larazon.es\/resizer\/YIBel4mfL6RaoMZmp16EQYAUcgM=\/600x0\/smart\/filters:format(jpg)\/cloudfront-eu-central-1.images.arcpublishing.com\/larazon\/K3HRY5TA2BFKHJGZ55RK65EX5Y.jpg\" srcset=\"https:\/\/www.larazon.es\/resizer\/YIBel4mfL6RaoMZmp16EQYAUcgM=\/600x0\/smart\/filters:format(jpg)\/cloudfront-eu-central-1.images.arcpublishing.com\/larazon\/K3HRY5TA2BFKHJGZ55RK65EX5Y.jpg 600w,&#10;https:\/\/www.larazon.es\/resizer\/QlWx30OWlUOkcDN1NmmJjZlrjVg=\/420x0\/smart\/filters:format(jpg)\/cloudfront-eu-central-1.images.arcpublishing.com\/larazon\/K3HRY5TA2BFKHJGZ55RK65EX5Y.jpg 420w\" sizes=\"auto, (max-width: 420px) 420px, 600px\" width=\"100%\" loading=\"lazy\" decoding=\"async\"\/><\/picture><\/div>\n<\/div><figcaption>Rafael Garrido, director normal de Nautalia<span class=\"image__meta figcaption-author\"> <!-- -->FOTO: <!-- -->Ana Morales<\/span><\/figcaption><\/figure>\n<p><strong>\u00abEl sector de las agencias de viaje ha hecho un esfuerzo inmenso para sobrevivir a esta pandemia y Nautalia particularmente lo ha conseguido a pleno pulm\u00f3n. No solo ha mantenido a su pink y su fuerza de ventas, sabi\u00e9ndonos adaptar a lo que en cada momento el cliente necesitaba, sino que la seguridad de los pasajeros ha estado en el primer lugar de todas nuestras preocupaciones\u00bb, explica Rafael Garrido, director normal de Nautalia. <\/strong>Esta buena gesti\u00f3n es lo que ha hecho a Nautalia merecedora de los premios Tu Econom\u00eda como Mejor Gestor de Disaster durante la pandemia concedidos por LA RAZ\u00d3N.<\/p>\n<p>El leve proceso de recuperaci\u00f3n que supo canalizar durante los periodos de vacunaci\u00f3n, fomentando los viajes y la actividad por el territorio nacional, junto con un estricto ahorro, <strong>ha hecho que Nautalia se est\u00e9 consolidando en el a\u00f1o 2022 con una facturaci\u00f3n muy cercana a los ejercicios previos a la pandemia.<\/strong><\/p>\n<p><strong>Si algo caracteriza al empresario Rafael Garc\u00eda Garrido, director normal de la agencia de viajes Nautalia, es su amplia experiencia en la gesti\u00f3n de eventos<\/strong>. Experiencia que ha ido acumulando en toda su trayectoria profesional, tanto en Nautalia, como en Carlson Wagonlit y Viajes Marsans.<\/p>\n<p><strong>Garrido no solo es el CEO de Nautalia, perteneciente al grupo Wamos, desde 2015, sino que tambi\u00e9n gestiona las plazas de toros de las Ventas en Madrid desde 2016<\/strong>, cubriendo la gesti\u00f3n no solo de la temporada taurina sino tambi\u00e9n de los distintos espect\u00e1culos p\u00fablicos y culturales que la plaza organiza. Desde este a\u00f1o <strong>Nautalia gestiona adem\u00e1s la temporada taurina en la plaza de toros de Valencia<\/strong>, adem\u00e1s de organizar conciertos o festivales como Nautalia Reside, o el pageant Vive latino Espa\u00f1a, que se celebrar\u00e1 el pr\u00f3ximo mes de septiembre en el espacio EXPO de Zaragoza.<\/p>\n<p>Y es que como el mismo Garrido apunta, \u00abel turismo y el ocio engloban mucho m\u00e1s que la tradicional venta de los viajes, y por eso el futuro est\u00e1 en abarcar otras necesidades de los clientes, convirtiendo a la agencia de viajes en el punto de referencia del ocio, y no solo en despachador de billetes\u00bb.<\/p>\n<p>Con la mirada puesta ya en el futuro, <strong>la agencia de viajes Nautalia se mantiene firme en su decisi\u00f3n de diversificar el negocio y encamina el a\u00f1o 2023<\/strong> con el objetivo de seguir siendo pionera en l\u00edneas de negocio que engloben todo tipo de ocio. Desde las oficinas de calle, pasando por el departamento de eventos, los viajes corporativos hasta las nuevas l\u00edneas de negocio como la gesti\u00f3n de espacios p\u00fablicos para eventos de todo tipo.<\/p>\n<h3 class=\"font--primary body-components__header\">Amex\/Mejor Pol\u00edtica de Recursos Humanos<\/h3>\n<figure class=\"image--is-responsive\">\n<div class=\"img-reserved-space\" style=\"padding-top:62.37%\">\n<div class=\"reserved-space-inside\"><picture><source srcset=\"https:\/\/www.larazon.es\/resizer\/1tXhxrMCG-azugO4MRoIGP_Ofww=\/600x0\/smart\/filters:format(webp):quality(65)\/cloudfront-eu-central-1.images.arcpublishing.com\/larazon\/55JRVF7ZSVAJVIH4DO3R2A4JFQ.png 600w,&#10;https:\/\/www.larazon.es\/resizer\/CT66Fne2yyftECFNqqOhoEwGy1E=\/420x0\/smart\/filters:format(webp):quality(65)\/cloudfront-eu-central-1.images.arcpublishing.com\/larazon\/55JRVF7ZSVAJVIH4DO3R2A4JFQ.png 420w\" type=\"image\/webp\"\/><img alt=\"Trabajadores de American Express reconocida por Forbes como la mejor empresa para trabajar\" src=\"https:\/\/www.larazon.es\/resizer\/ph4vFDI7Z9jsoB9LFKhl4Cwc3bs=\/600x0\/smart\/filters:format(jpg)\/cloudfront-eu-central-1.images.arcpublishing.com\/larazon\/55JRVF7ZSVAJVIH4DO3R2A4JFQ.png\" srcset=\"https:\/\/www.larazon.es\/resizer\/ph4vFDI7Z9jsoB9LFKhl4Cwc3bs=\/600x0\/smart\/filters:format(jpg)\/cloudfront-eu-central-1.images.arcpublishing.com\/larazon\/55JRVF7ZSVAJVIH4DO3R2A4JFQ.png 600w,&#10;https:\/\/www.larazon.es\/resizer\/_2Io0AADp1e3krDg7Cpc1mp9kCM=\/420x0\/smart\/filters:format(jpg)\/cloudfront-eu-central-1.images.arcpublishing.com\/larazon\/55JRVF7ZSVAJVIH4DO3R2A4JFQ.png 420w\" sizes=\"auto, (max-width: 420px) 420px, 600px\" width=\"100%\" loading=\"lazy\" decoding=\"async\"\/><\/picture><\/div>\n<\/div><figcaption>Trabajadores de American Specific reconocida por Forbes como la mejor empresa para trabajar<span class=\"image__meta figcaption-author\"> <!-- -->FOTO: <!-- -->Amex<\/span><\/figcaption><\/figure>\n<p><strong>American Specific (Amex) Espa\u00f1a recib\u00eda este a\u00f1o el premio Forbes Mejor Empresa para trabajar 2022.<\/strong> Un premio que reconoce la apuesta de la compa\u00f1\u00eda por la flexibilidad y el teletrabajo que confiere a sus m\u00e1s de 1.000 empleados como ejes principales de sus pol\u00edticas de recursos humanos. <strong>\u00abQueremos que nuestros empleados sientan que American Specific se preocupa por su bienestar y el de sus familias, algo que solo se consigue escuch\u00e1ndoles y actuando en consecuencia\u00bb, explica el presidente de la compa\u00f1\u00eda Juan Orti.<\/strong><\/p>\n<p>A trav\u00e9s del programa \u00abAmex Flex Mannequin\u00bb, desarrollado a nivel internacional, Amex ofrece tres tipos de formatos a la hora de trabajar, que van desde el teletrabajo totalmente digital, al 100% presencial, pasando por un modelo h\u00edbrido.<\/p>\n<p><strong>Otro de sus programas que le han hecho merecedor de los Premios Tu Econom\u00eda 2022 otorgados por LA RAZ\u00d3N, es el llamado \u00abWholesome Minds\u00bb<\/strong> enfocado en la salud psychological, que tanta relevancia ha adquirido tras la pandemia, sin olvidarse de la importancia del desarrollo profesional dentro de la<strong> empresa para mantener al talento \u00abin-house\u00bb.<\/strong> Un programa que incluye bonos para asistir a varios gimnasios, programas de meditaci\u00f3n y salud psychological, t\u00e9cnicas de nutrici\u00f3n y pautas para una vida sana en normal.<\/p>\n<p><strong>La compa\u00f1\u00eda ofrece adem\u00e1s asesoramiento sanitario a sus empleados disponible las 24 horas del d\u00eda a trav\u00e9s del tel\u00e9fono o aplicaci\u00f3n<\/strong>. <strong>En lo relativo al desarrollo profesional, Amex ofrece varios programas formativos a sus empleados en materia de digitalizaci\u00f3n, liderazgo y cultura empresarial, con la colaboraci\u00f3n de escuelas tan prestigiosas como IESE, EDEM o Harvard (a trav\u00e9s de su Harvard Management Academy)<\/strong>. La diversidad y la inclusi\u00f3n son tambi\u00e9n importantes para la compa\u00f1\u00eda y por eso ha lanzado numerosos programas y medidas que contribuyen a ambas causas. A nivel international existe un 100% pay fairness en cuestiones de g\u00e9nero en Amex.<\/p>\n<h3 class=\"font--primary body-components__header\">Daniel Chong\/Premio CaixaBank pyme<\/h3>\n<figure class=\"image--is-responsive\">\n<div class=\"img-reserved-space\" style=\"padding-top:150%\">\n<div class=\"reserved-space-inside\"><picture><source srcset=\"https:\/\/www.larazon.es\/resizer\/CpT7tpsmsfGwbB1nOGAw1UQg1HQ=\/600x0\/smart\/filters:format(webp):quality(65)\/cloudfront-eu-central-1.images.arcpublishing.com\/larazon\/536ARCPZ4BFE3HI5RMUZWLXT24.jpg 600w,&#10;https:\/\/www.larazon.es\/resizer\/m9F3_yPmovph59uL9SWju7p9etY=\/420x0\/smart\/filters:format(webp):quality(65)\/cloudfront-eu-central-1.images.arcpublishing.com\/larazon\/536ARCPZ4BFE3HI5RMUZWLXT24.jpg 420w\" type=\"image\/webp\"\/><img alt=\"La pyme de Daniel Chong produce mochilas, carteras, bandoleras y ri\u00f1oneras\" src=\"https:\/\/www.larazon.es\/resizer\/5xH42i60xZMlwiVdOZrxccZL3m8=\/600x0\/smart\/filters:format(jpg)\/cloudfront-eu-central-1.images.arcpublishing.com\/larazon\/536ARCPZ4BFE3HI5RMUZWLXT24.jpg\" srcset=\"https:\/\/www.larazon.es\/resizer\/5xH42i60xZMlwiVdOZrxccZL3m8=\/600x0\/smart\/filters:format(jpg)\/cloudfront-eu-central-1.images.arcpublishing.com\/larazon\/536ARCPZ4BFE3HI5RMUZWLXT24.jpg 600w,&#10;https:\/\/www.larazon.es\/resizer\/lQ2qjSgH1dTHl-BMHO1IvukC16E=\/420x0\/smart\/filters:format(jpg)\/cloudfront-eu-central-1.images.arcpublishing.com\/larazon\/536ARCPZ4BFE3HI5RMUZWLXT24.jpg 420w\" sizes=\"auto, (max-width: 420px) 420px, 600px\" width=\"100%\" loading=\"lazy\" decoding=\"async\"\/><\/picture><\/div>\n<\/div><figcaption>La pyme de Daniel Chong produce mochilas, carteras, bandoleras y ri\u00f1oneras<span class=\"image__meta figcaption-author\"> <!-- -->FOTO: <!-- -->Daniel Chong<\/span><\/figcaption><\/figure>\n<p><strong>Daniel Chong es una firma espa\u00f1ola especializada en complementos de vestir con m\u00e1s de 10 a\u00f1os de trayectoria en el mercado<\/strong>. La marca es reconocida por sus coloridos dise\u00f1os de estilo urbano atemporal, por la defensa de lo hecho a mano y lo hecho en Espa\u00f1a. Entre sus productos, sencillos y minimalistas, destacan mochilas, carteras, bandoleras y ri\u00f1oneras. <strong>Detr\u00e1s de la marca se encuentra Daniel Chong,<\/strong> un joven emprendedor de origen chino ecuatoriano que estudi\u00f3 dise\u00f1o y comunicaci\u00f3n en la Universidad de Palermo en Argentina, que \u00fanicamente trabaja con proveedores locales y una variedad de materiales org\u00e1nicos, reciclados y sostenibles.<\/p>\n<p><strong>Elabora todas sus colecciones en Madrid y en dos talleres de Elche y Pamplona. Tiene tres tiendas propias en Madrid (en Lavapi\u00e9s, Plaza Mayor y en el barrio de Huertas). Pr\u00f3ximamente abrir\u00e1 otra en Malasa\u00f1a.<\/strong><\/p>\n<p><strong>Mercado exterior<\/strong><\/p>\n<p><strong>Cuenta adem\u00e1s con puntos de venta en B\u00e9lgica, Francia e Italia y m\u00e1s de sesenta puntos de venta en toda Espa\u00f1a en c\u00f3rners de espacios multimarca<\/strong>. Vende tambi\u00e9n a trav\u00e9s de su p\u00e1gina net, siendo alguno de sus <strong>mercados m\u00e1s importantes Estados Unidos, Italia, Alemania y Suiza<\/strong>.<\/p>\n<p>\u00abDesde el inicio de nuestra marca todos estos asuntos han sido para nosotros de important importancia. Por eso nuestro producto es 100% espa\u00f1ol <strong>y apostamos por el Made in Spain en todo el proceso de fabricaci\u00f3n. Desde la elecci\u00f3n de los materiales, hasta los talleres que confeccionan nuestras colecciones<\/strong>. Y de Espa\u00f1a, exportamos al mundo. Porque cada vez son m\u00e1s los puntos de venta internacionales que apuestan por nuestro producto\u00bb, explica <strong>Daniel Chong<\/strong>.<\/p>\n<p><strong>La sostenibilidad forma parte del ADN de esta pym<\/strong>e. \u00abNos esforzamos al m\u00e1ximo para que nuestro trabajo afecte al medio ambiente lo menos posible. Nuestros tejidos se elaboran a partir de prendas y productos reciclados. Con ello ayudamos a reducir el exceso de basura textil y por lo tanto, reducir la carga de vertederos e incineradoras\u00bb, a\u00f1ade Chong.<\/p>\n<h3 class=\"font--primary body-components__header\">Viajes El Corte Ingl\u00e9s\/Premio a la Internacionalizaci\u00f3n<\/h3>\n<figure class=\"image--is-responsive\">\n<div class=\"img-reserved-space\" style=\"padding-top:104.77%\">\n<div class=\"reserved-space-inside\"><picture><source srcset=\"https:\/\/www.larazon.es\/resizer\/Kp9dxMB94HN-fQvc6vFvqiJN9YY=\/600x0\/smart\/filters:format(webp):quality(65)\/cloudfront-eu-central-1.images.arcpublishing.com\/larazon\/AXYRC4U5YJHU3HLV6FE4IEJ2EM.jpg 600w,&#10;https:\/\/www.larazon.es\/resizer\/_N50MVHH9Lm96xvCuu2Q_AG3Uis=\/420x0\/smart\/filters:format(webp):quality(65)\/cloudfront-eu-central-1.images.arcpublishing.com\/larazon\/AXYRC4U5YJHU3HLV6FE4IEJ2EM.jpg 420w\" type=\"image\/webp\"\/><img alt=\"Jorge Schoenenberger, CEO del Grupo Viajes El Corte Ingl\u00e9s\" src=\"https:\/\/www.larazon.es\/resizer\/ZwvhsQUVbpqkSIItKHRktxaReBo=\/600x0\/smart\/filters:format(jpg)\/cloudfront-eu-central-1.images.arcpublishing.com\/larazon\/AXYRC4U5YJHU3HLV6FE4IEJ2EM.jpg\" srcset=\"https:\/\/www.larazon.es\/resizer\/ZwvhsQUVbpqkSIItKHRktxaReBo=\/600x0\/smart\/filters:format(jpg)\/cloudfront-eu-central-1.images.arcpublishing.com\/larazon\/AXYRC4U5YJHU3HLV6FE4IEJ2EM.jpg 600w,&#10;https:\/\/www.larazon.es\/resizer\/hWI_jMbnZfrIAjJUlu6mU0cux6U=\/420x0\/smart\/filters:format(jpg)\/cloudfront-eu-central-1.images.arcpublishing.com\/larazon\/AXYRC4U5YJHU3HLV6FE4IEJ2EM.jpg 420w\" sizes=\"auto, (max-width: 420px) 420px, 600px\" width=\"100%\" loading=\"lazy\" decoding=\"async\"\/><\/picture><\/div>\n<\/div><figcaption>Jorge Schoenenberger, CEO del Grupo Viajes El Corte Ingl\u00e9s<span class=\"image__meta figcaption-author\"> <!-- -->FOTO: <!-- -->Jose Javier Arias Jimeno<\/span><\/figcaption><\/figure>\n<p><strong>Grupo Viajes El Corte Ingl\u00e9s ha logrado convertirse en una compa\u00f1\u00eda l\u00edder en su sector, centrando su actividad en el viaje vacacional, en el viaje corporativo y en la organizaci\u00f3n de eventos, incentivos y congresos.<\/strong> Su firme apuesta por la expansi\u00f3n a otros mercados la han llevado a <strong>estar presente en m\u00e1s de 20 pa\u00edses con una fuerte posici\u00f3n en Espa\u00f1a, Portugal, Italia, Francia y Am\u00e9rica (siendo el \u00fanico grupo emisor con presencia relevante en 10 pa\u00edses del continente americano<\/strong>), lo que le han hecho merecedor del Premio Tu Econom\u00eda a la Internacionalizaci\u00f3n.<\/p>\n<p>Para dar servicio a todos los mercados en los que est\u00e1 presente, tanto las agencias del grupo como sus oficinas centrales, tiene un equipo humano multidisciplinar integrado por alrededor de 6.000 profesionales repartidos en las distintas empresas que forman la compa\u00f1\u00eda; Ut\u00f3pica, Viajes El Corte Ingl\u00e9s, Logitravel, Tourmundial, Membership de Vacaciones, Smytravel, Tourenia, Traveltool o Smyrooms. Estas filiales cubren todos los segmentos: banco de camas, receptivo, vacation experiences, vacacional, corporativo y MICE.<\/p>\n<p><strong>Por otro lado, comparte el compromiso con el desarrollo sostenible de los destinos tur\u00edsticos, aline\u00e1ndolos con los Objetivos de Desarrollo Sostenible (ODS) de la Agenda 2030 de las Naciones Unida<\/strong>s. Este compromiso le ha llevado a recibir la certificaci\u00f3n ISO 9001 en calidad, la ISO 14001 en medio ambiente, la certificaci\u00f3n de AENOR de acuerdo a la norma ISO 14064-1, la medalla de plata otorgada por EcoVadis y la distinci\u00f3n del Sello \u00abCalculo, Reduzco, Compenso\u00bb del Ministerio para la Transici\u00f3n Ecol\u00f3gica y Reto Demogr\u00e1fico. Adem\u00e1s, la compa\u00f1\u00eda incluye en su marco de actuaci\u00f3n, a trav\u00e9s de su Plan Director de Responsabilidad Social Corporativa (RSC), distintas acciones como <strong>la formaci\u00f3n a empleados en la aplicaci\u00f3n de criterios de sostenibilidad tur\u00edstica en los procesos de gesti\u00f3n y compra o la apuesta por la creaci\u00f3n y gesti\u00f3n de eventos sostenibles para reducir la huella de carbono del evento y otros recursos contaminantes.<\/strong><\/p>\n<p><strong>Buenos resultados<\/strong><\/p>\n<p>Destaca la mejora registrada el pasado a\u00f1o en el Grupo Viajes El Corte Ingl\u00e9s \u00aba pesar de la persistencia que los efectos de la pandemia han tenido durante gran parte del ejercicio\u00bb. <strong>As\u00ed la compa\u00f1\u00eda consigui\u00f3 triplicar sus ventas hasta alcanzar una cifra de negocio de 984 millones de euros durante su ejercicio fiscal 2021-2022 un 218,6% sobre el a\u00f1o anterior<\/strong>, gracias a la recuperaci\u00f3n tur\u00edstica y la buena evoluci\u00f3n del conjunto del grupo.<\/p>\n<h3 class=\"font--primary body-components__header\">MIC Insurance coverage \/Mejor Compa\u00f1\u00eda de Seguros de Cauci\u00f3n<\/h3>\n<figure class=\"image--is-responsive\">\n<div class=\"img-reserved-space\" style=\"padding-top:100.32%\">\n<div class=\"reserved-space-inside\"><picture><source srcset=\"https:\/\/www.larazon.es\/resizer\/p0sQjcWAZ9CSS0H0mXCH4e9OOKQ=\/600x0\/smart\/filters:format(webp):quality(65)\/cloudfront-eu-central-1.images.arcpublishing.com\/larazon\/KZHJY2NW4VBYHMZOSXSLOJ2ALA.jpg 600w,&#10;https:\/\/www.larazon.es\/resizer\/D2s4lMFAHzhSMa4DpuxaSlso4JU=\/420x0\/smart\/filters:format(webp):quality(65)\/cloudfront-eu-central-1.images.arcpublishing.com\/larazon\/KZHJY2NW4VBYHMZOSXSLOJ2ALA.jpg 420w\" type=\"image\/webp\"\/><img alt=\"Antonio Morera Vallejo, presidente de MIC Insurance\" src=\"https:\/\/www.larazon.es\/resizer\/qJXIlBJAzixHAQ3OfNcO_QWz0aU=\/600x0\/smart\/filters:format(jpg)\/cloudfront-eu-central-1.images.arcpublishing.com\/larazon\/KZHJY2NW4VBYHMZOSXSLOJ2ALA.jpg\" srcset=\"https:\/\/www.larazon.es\/resizer\/qJXIlBJAzixHAQ3OfNcO_QWz0aU=\/600x0\/smart\/filters:format(jpg)\/cloudfront-eu-central-1.images.arcpublishing.com\/larazon\/KZHJY2NW4VBYHMZOSXSLOJ2ALA.jpg 600w,&#10;https:\/\/www.larazon.es\/resizer\/a1TnLJX2ARPkM2ctUh9iqCphRrg=\/420x0\/smart\/filters:format(jpg)\/cloudfront-eu-central-1.images.arcpublishing.com\/larazon\/KZHJY2NW4VBYHMZOSXSLOJ2ALA.jpg 420w\" sizes=\"auto, (max-width: 420px) 420px, 600px\" width=\"100%\" loading=\"lazy\" decoding=\"async\"\/><\/picture><\/div>\n<\/div><figcaption>Antonio Morera Vallejo, presidente de MIC Insurance coverage<span class=\"image__meta figcaption-author\"> <!-- -->FOTO: <!-- -->Jesus Barrera<\/span><\/figcaption><\/figure>\n<p><strong>La marca MIC \u2013 Millennium Insurance coverage Firm comenz\u00f3 su andadura como compa\u00f1\u00eda de seguros en el a\u00f1o 2001<\/strong>. Desde entonces ha ido creciendo en volumen de primas, solvencia y capacidad aseguradora. Su servicio excelente, innovador y creativo le ha hecho alcanzar el n\u00famero 1 del rating de Cauci\u00f3n en Espa\u00f1a durante varios a\u00f1os consecutivos, siendo l\u00edderes en este tipo de p\u00f3lizas, garant\u00edas de cumplimiento que suponen una alternativa v\u00e1lida a los avales bancarios.<\/p>\n<p><strong>En los dos \u00faltimos a\u00f1os la empresa a quien se le otorga el Premio Tu Econom\u00eda como Mejor Compa\u00f1\u00eda de Seguros de Cauci\u00f3n<\/strong> ha culminado con \u00e9xito la transferencia de su cartera a la nueva sede social en Paris, y ha inaugurado su sucursal en Espa\u00f1a.<\/p>\n<p>Ahora mismo la sociedad DSA (empresa perteneciente a Grupo Morera &amp; Vallejo) ha desarrollado una nueva estructura para la compa\u00f1\u00eda: por un lado <strong>MIC Insurance coverage trabaja a nivel de la Uni\u00f3n Europea, y por otro lado Millennium, que desarrolla su negocio a nivel internacional.<\/strong><\/p>\n<p><strong>Ventajas<\/strong><\/p>\n<p>Seg\u00fan explica <strong>Antonio Morera Vallejo, presidente de MIC Insurance coverage y de Grupo Morera &amp; Vallej<\/strong>o \u00abel Seguro de Cauci\u00f3n es bastante desconocido en la sociedad en normal y es un instrumento financiero que ahora mismo puede ser la soluci\u00f3n para muchos aut\u00f3nomos y empresarios\u00bb. La mayor ventaja de este tipo de seguros es que, adem\u00e1s de la agilidad en su contrataci\u00f3n, y las primas que tiene, supone un alivio para la carga crediticia del que lo solicita, ya que no computa CIRBE, como ocurre en el caso de los avales bancarios.<\/p>\n<p><strong>MIC Insurance coverage ofrece a los aut\u00f3nomos y empresarios seguros de cauci\u00f3n de forma muy \u00e1gil, y cobertura de garant\u00eda financiera para todo tipo de licitaciones y requisitos frente a terceros.<\/strong><\/p>\n<p><strong>Adem\u00e1s de la demanda en el sector de las energ\u00edas renovables, destaca el \u00e9xito en el mercado del producto de afianzamiento de cantidades para promociones inmobiliarias<\/strong>. \u00abTambi\u00e9n estamos facilitando el aplazamiento de impuestos, que es una garant\u00eda que est\u00e1 dando un respiro a muchos aut\u00f3nomos\u00bb afirma el presidente de MIC. \u00abEstamos ayudando a muchos empresarios a sacar adelante sus proyectos y que no paren su actividad, con garant\u00edas provisionales y definitivas, la contrataci\u00f3n tiene un proceso muy sencillo y al alcance de todos\u00bb, explica.<\/p>\n<p><strong>Grupo Morera &amp; Vallejo es uno de los principales holdings de mayor diversificaci\u00f3n en Espa\u00f1a.<\/strong> La multinacional re\u00fane en su estructura precise varias sociedades vinculadas a sectores diferentes: Seguros, Energ\u00eda, Consultor\u00eda y Abogados, Inversiones Financieras, Patrimonio, Agroalimentario, Ocio y Deporte, y Comunicaci\u00f3n, aunque su principal actividad es la aseguradora.<\/p>\n<h3 class=\"font--primary body-components__header\">Innolab \/Mejor Iniciativa Empresarial<\/h3>\n<figure class=\"image--is-responsive\">\n<div class=\"img-reserved-space\" style=\"padding-top:64.13%\">\n<div class=\"reserved-space-inside\"><picture><source srcset=\"https:\/\/www.larazon.es\/resizer\/jRty07uIBrkBIzi41_PUJ4wFLuI=\/600x0\/smart\/filters:format(webp):quality(65)\/cloudfront-eu-central-1.images.arcpublishing.com\/larazon\/3EEEYVBH7BC25GXJ5GZV7BSUII.jpg 600w,&#10;https:\/\/www.larazon.es\/resizer\/Z5GArmOstuvRJ16OAFMp2SPO-c8=\/420x0\/smart\/filters:format(webp):quality(65)\/cloudfront-eu-central-1.images.arcpublishing.com\/larazon\/3EEEYVBH7BC25GXJ5GZV7BSUII.jpg 420w\" type=\"image\/webp\"\/><img alt=\"Luc B. Salus, director general de Cofidis\" src=\"https:\/\/www.larazon.es\/resizer\/e4VzBW6yMLPOwkXASl94keaNtHU=\/600x0\/smart\/filters:format(jpg)\/cloudfront-eu-central-1.images.arcpublishing.com\/larazon\/3EEEYVBH7BC25GXJ5GZV7BSUII.jpg\" srcset=\"https:\/\/www.larazon.es\/resizer\/e4VzBW6yMLPOwkXASl94keaNtHU=\/600x0\/smart\/filters:format(jpg)\/cloudfront-eu-central-1.images.arcpublishing.com\/larazon\/3EEEYVBH7BC25GXJ5GZV7BSUII.jpg 600w,&#10;https:\/\/www.larazon.es\/resizer\/ug8T0hInV3c5cXwZEw8XZjcR-m4=\/420x0\/smart\/filters:format(jpg)\/cloudfront-eu-central-1.images.arcpublishing.com\/larazon\/3EEEYVBH7BC25GXJ5GZV7BSUII.jpg 420w\" sizes=\"auto, (max-width: 420px) 420px, 600px\" width=\"100%\" loading=\"lazy\" decoding=\"async\"\/><\/picture><\/div>\n<\/div><figcaption>Luc B. Salus, director normal de Cofidis<span class=\"image__meta figcaption-author\"> <!-- -->FOTO: <!-- -->Jose Irun<\/span><\/figcaption><\/figure>\n<p>Cofidis (<a rel=\"nofollow noopener\" target=\"_blank\" href=\"http:\/\/www.cofidisinnolab.es\/\">www.cofidisinnolab.es<\/a>), <strong>entidad financiera especializada en la concesi\u00f3n de cr\u00e9ditos al consumo y proyectos de financiaci\u00f3n a particulares, ha creado Innolab, un nuevo hub de innovaci\u00f3n para la econom\u00eda digital,<\/strong> concebido con la misi\u00f3n de que tanto Cofidis como otras empresas puedan acelerar el lanzamiento al mercado de sus nuevos productos y servicios, y hacerlo adem\u00e1s con el m\u00e1ximo nivel en la satisfacci\u00f3n de las necesidades de sus consumidores. <strong>El nuevo espacio, ubicado en la sede central de Cofidis en Espa\u00f1a, en el municipio de Cornell\u00e0 de Llobregat en Barcelona,<\/strong> pone a disposici\u00f3n de las compa\u00f1\u00edas lo \u00faltimo en tecnolog\u00edas y plataformas on-line m\u00e1s avanzadas, para que puedan probar presencialmente o en remoto sus productos y servicios, as\u00ed como la experiencia con sus usuarios.<\/p>\n<p><strong>En este sentido, Innolab permite observar en tiempo actual la adecuaci\u00f3n de los proyectos con las necesidades de los clientes, mediante metodolog\u00edas de check &amp; studying<\/strong>. Esta din\u00e1mica favorece un mayor acierto en el desarrollo de iniciativas empresariales, una mayor agilidad en la toma de decisiones y, como consecuencia, una aceleraci\u00f3n mayor del lanzamiento de nuevos productos y servicios al mercado. <strong>Sin duda, Cofidis se consolida con Innolab como entidad pionera en su sector en el desarrollo de soluciones tecnol\u00f3gicas y digitales al alcance de las empresas<\/strong>.<\/p>\n<p><strong>Para Luc Bertrand-Salus, director normal de Cofidis en Espa\u00f1a<\/strong>: \u00abInnolab es un espacio \u00fanico que nace del compromiso de Cofidis por la innovaci\u00f3n y la digitalizaci\u00f3n, en nuestro empe\u00f1o como entidad financiera de ser un motor para el impulso de la competitividad empresarial y la econom\u00eda native\u00bb. Y a\u00f1ade: \u00abInnolab est\u00e1 abierto a todas las entidades europeas del Grupo Cofidis, perteneciente a Cr\u00e9dit Mutuel Aliance F\u00e9d\u00e9rale, cuarto grupo bancario franc\u00e9s, y a disposici\u00f3n de todas las empresas del territorio espa\u00f1ol. Estamos convencidos de que Innolab contribuir\u00e1 a potenciar su actividad y, en definitiva, a construir una sociedad mejor\u00bb.<\/p>\n<p><strong>Desde su inauguraci\u00f3n en octubre de 2020, Innolab ha acogido m\u00e1s de 70 actividades de experimentaci\u00f3n de m\u00e1s de 20 empresas de varios pa\u00edses de Europa.<\/strong><\/p>\n<h3 class=\"font--primary body-components__header\">LUDA Companions\/ Mejor Iniciativa Digital<\/h3>\n<figure class=\"image--is-responsive\">\n<div class=\"img-reserved-space\" style=\"padding-top:66.66%\">\n<div class=\"reserved-space-inside\"><picture><source srcset=\"https:\/\/www.larazon.es\/resizer\/MTIXgQMY94gWHuBZtIMUqh381ck=\/600x0\/smart\/filters:format(webp):quality(65)\/cloudfront-eu-central-1.images.arcpublishing.com\/larazon\/TDVOIAO53JAOJNGLHPHGMNBYAQ.jpg 600w,&#10;https:\/\/www.larazon.es\/resizer\/bwPu0czNS5eaCJvs6-VhVDPj_XE=\/420x0\/smart\/filters:format(webp):quality(65)\/cloudfront-eu-central-1.images.arcpublishing.com\/larazon\/TDVOIAO53JAOJNGLHPHGMNBYAQ.jpg 420w\" type=\"image\/webp\"\/><img alt=\"Daniel de Carvajal, cofundador de LUDA Partners\" src=\"https:\/\/www.larazon.es\/resizer\/VarXPwZJwWx_lrG1rBkjyDBvyRA=\/600x0\/smart\/filters:format(jpg)\/cloudfront-eu-central-1.images.arcpublishing.com\/larazon\/TDVOIAO53JAOJNGLHPHGMNBYAQ.jpg\" srcset=\"https:\/\/www.larazon.es\/resizer\/VarXPwZJwWx_lrG1rBkjyDBvyRA=\/600x0\/smart\/filters:format(jpg)\/cloudfront-eu-central-1.images.arcpublishing.com\/larazon\/TDVOIAO53JAOJNGLHPHGMNBYAQ.jpg 600w,&#10;https:\/\/www.larazon.es\/resizer\/r8rno8bYXwH1p6MU-dWTg-zl7Sw=\/420x0\/smart\/filters:format(jpg)\/cloudfront-eu-central-1.images.arcpublishing.com\/larazon\/TDVOIAO53JAOJNGLHPHGMNBYAQ.jpg 420w\" sizes=\"auto, (max-width: 420px) 420px, 600px\" width=\"100%\" loading=\"lazy\" decoding=\"async\"\/><\/picture><\/div>\n<\/div><figcaption>Daniel de Carvajal, cofundador de LUDA Companions<span class=\"image__meta figcaption-author\"> <!-- -->FOTO: <!-- -->Luda Companions<\/span><\/figcaption><\/figure>\n<p><strong>LUDA Companions es una compa\u00f1\u00eda creada por y para farmac\u00e9uticos, que naci\u00f3 en 2017 con el objetivo de ayudar a las farmacias con los problemas de suministro de medicamentos en Espa\u00f1a<\/strong>, as\u00ed como en su proceso de digitalizaci\u00f3n. Con una pink de m\u00e1s de 2.000 farmacias repartidas por 32 provincias espa\u00f1olas y m\u00e1s de 340.000 referencias de productos, LUDA Companions pone su tecnolog\u00eda al servicio del farmac\u00e9utico para que pueda ayudar a los pacientes que necesitan encontrar medicamentos en falta y que suponen, en muchos casos, un riesgo grave en su salud y en la adherencia de sus tratamientos.<\/p>\n<p><strong>A trav\u00e9s de su software program, las farmacias LUDA pueden consultar en tiempo actual cu\u00e1l es la farmacia m\u00e1s cercana que tiene el medicamento que necesita su paciente, permitiendo as\u00ed que este pueda ir a adquirirlo<\/strong>. \u00abDamos una soluci\u00f3n actual e inmediata para que los pacientes no tengan que peregrinar por todas las farmacias que conocen para encontrar ese medicamento. La farmacia, adem\u00e1s de ayudar a su paciente, consigue su fidelizaci\u00f3n tras este servicio\u00bb, explica Daniel de Carvajal, cofundador de LUDA Companions.<\/p>\n<p><strong>Hasta el momento, m\u00e1s de 32.000 personas han encontrado su medicamento con problemas de suministro gracias a LUDA Companions y a su labor solidaria ya que este servicio es gratuito en su instalaci\u00f3n y mantenimiento<\/strong>.<\/p>\n<p>LUDA Companions es una compa\u00f1\u00eda creada por Luis Mart\u00edn y Daniel de Carvajal. \u00abNaci\u00f3 por una solicitud de la patronal que percibi\u00f3 una situaci\u00f3n problem\u00e1tica de medicamentos desabastecidos. Pero adem\u00e1s, detectaron el problema que ten\u00edan a la hora de vender on-line su parafarmacia (dispensar a p\u00e9rdidas, m\u00e1rgenes \u00ednfimos, comisiones desorbitadas\u2026). Con LUDA, los farmac\u00e9uticos pueden ahora hacerlo directamente desde sus farmacias\u00bb, apunta Daniel de Carvajal.<\/p>\n<p><strong>Venta on-line de parafarmacia<\/strong><\/p>\n<p><strong>Cuando las farmacias se unen a la pink digital de farmacias, se pueden conectar con las webs de los principales laboratorios nacionales e internacionales, e-commerce y marketplaces <\/strong>de forma que, cuando un cliente realiza una compra on-line de parafarmacia, le muestra la farmacia m\u00e1s cercana que tiene ese pedido completo, y es esta la que lo dispensa desde su emplazamiento f\u00edsico, bien al cliente que va a recogerlo directamente, bien a un repartidor a domicilio. \u00abEvitamos que la farmacia pierda clientes, trabaje para plataformas y se tenga que conformar con los precios y condiciones que estas le impongan\u00bb, afirma Daniel. Las farmacias que forman parte de su pink digital han aumentado su facturaci\u00f3n media hasta 10.000 euros.<\/p>\n<h3 class=\"font--primary body-components__header\">Heineken Espa\u00f1a\/Mejor Empresa de Impacto Social y Medioambiental<\/h3>\n<figure class=\"image--is-responsive\">\n<div class=\"img-reserved-space\" style=\"padding-top:66.53%\">\n<div class=\"reserved-space-inside\"><picture><source srcset=\"https:\/\/www.larazon.es\/resizer\/2iNUkZmYk0mCl0WiLdDll0rjAho=\/600x0\/smart\/filters:format(webp):quality(65)\/cloudfront-eu-central-1.images.arcpublishing.com\/larazon\/XVRRW2ZJMBF5NPVKE66WKNXUEY.jpg 600w,&#10;https:\/\/www.larazon.es\/resizer\/LR0EBqHXde8yU8lVkB-PJ5S3D4E=\/420x0\/smart\/filters:format(webp):quality(65)\/cloudfront-eu-central-1.images.arcpublishing.com\/larazon\/XVRRW2ZJMBF5NPVKE66WKNXUEY.jpg 420w\" type=\"image\/webp\"\/><img alt=\"Etienne Strijp, presidente de Heineken  Espa\u00f1a\" src=\"https:\/\/www.larazon.es\/resizer\/1guntJTcgfqMPuWpoPL2Cl_KUJk=\/600x0\/smart\/filters:format(jpg)\/cloudfront-eu-central-1.images.arcpublishing.com\/larazon\/XVRRW2ZJMBF5NPVKE66WKNXUEY.jpg\" srcset=\"https:\/\/www.larazon.es\/resizer\/1guntJTcgfqMPuWpoPL2Cl_KUJk=\/600x0\/smart\/filters:format(jpg)\/cloudfront-eu-central-1.images.arcpublishing.com\/larazon\/XVRRW2ZJMBF5NPVKE66WKNXUEY.jpg 600w,&#10;https:\/\/www.larazon.es\/resizer\/0BnAyc3uaeuqXF9H1X_NMBtvkck=\/420x0\/smart\/filters:format(jpg)\/cloudfront-eu-central-1.images.arcpublishing.com\/larazon\/XVRRW2ZJMBF5NPVKE66WKNXUEY.jpg 420w\" sizes=\"auto, (max-width: 420px) 420px, 600px\" width=\"100%\" loading=\"lazy\" decoding=\"async\"\/><\/picture><\/div>\n<\/div><figcaption>Etienne Strijp, presidente de Heineken  Espa\u00f1a<span class=\"image__meta figcaption-author\"> <!-- -->FOTO: <!-- -->nacho urbon<\/span><\/figcaption><\/figure>\n<p><strong>Heineken Espa\u00f1a present\u00f3 hace unos d\u00edas sus objetivos de sostenibilidad de cara a 2025<\/strong>. En concreto, convertirse en cero emisiones netas en producci\u00f3n antes de esa fecha y, ya este mismo a\u00f1o, tener una huella h\u00eddrica neutra en la elaboraci\u00f3n de sus cervezas o que sus cuatro f\u00e1bricas espa\u00f1olas cuenten con el certificado de \u00abcero residuos a vertedero\u00bb. <strong>Todo ello, siguiendo una hoja de ruta en sostenibilidad para ser \u00abDecididamente Verdes\u00bb<\/strong> y apoy\u00e1ndose en la colaboraci\u00f3n, lo que incluye a toda su cadena de valor, desde el campo al consumidor (producci\u00f3n, distribuci\u00f3n y consumo), para lograr un impacto cero en huella de carbono, agua y residuos y, en paralelo, lograr un impacto positivo en la comunidad.<\/p>\n<p><strong>\u00abLo verde no es una moda\u00bb<\/strong><\/p>\n<p><strong>Adem\u00e1s de por sus avances medioambientales, lo que ha hecho a Heineken merecedora del premio Mejor Empresa de Impacto Social y Medioambiental es su contribuci\u00f3n a la econom\u00eda espa\u00f1ola<\/strong> con casi 1.500 empleos directos creados y 110.000 indirectos; por la utilizaci\u00f3n de un 92% de materias primas locales, por su apoyo a la hosteler\u00eda con cerca de 340 millones de euros en los dos \u00faltimos a\u00f1os o la formaci\u00f3n a m\u00e1s de 16.000 personas a trav\u00e9s de la Fundaci\u00f3n Cruzcampo, la m\u00e1s longeva de Espa\u00f1a.<\/p>\n<p><strong>El 95% de los j\u00f3venes que forman parte de su programa becas Talento Cruzcampo<\/strong> se ha insertado en el mercado laboral. Entre sus logros est\u00e1 tambi\u00e9n que m\u00e1s del 45% de la energ\u00eda que utiliza en sus f\u00e1bricas ya es renovable gracias a hitos como su alianza con Iberdrola, que le permite elaborar todas sus cervezas exclusivamente con electricidad 100% renovable desde 2020.<\/p>\n<p>\u00abLo verde para nosotros no es una moda, no es s\u00f3lo un colour, es nuestra manera de ser y de actuar para dejar un mundo mejor. La sostenibilidad est\u00e1 en el coraz\u00f3n de nuestro prop\u00f3sito y es uno de los cinco pilares de nuestra estrategia de negocio Evergreen. Porque el crecimiento y el beneficio son importantes, pero nunca en detrimento de nuestra ambici\u00f3n por construir un mundo m\u00e1s sostenible, justo y equitativo\u00bb, se\u00f1al\u00f3 <strong>Etienne Strijp, presidente de Heineken Espa\u00f1a.<\/strong><\/p>\n<\/div>\n\n<p><em> &#8221; Fuentes www.larazon.es &#8221; <\/em><\/p>\n","protected":false},"excerpt":{"rendered":"<p>Un a\u00f1o m\u00e1s, y ya son ocho, LA RAZ\u00d3N har\u00e1 entrega el pr\u00f3ximo 30 de junio de los Premios Tu Econom\u00eda, unos galardones que distinguen en esta edici\u00f3n a empresarios y emprendedores que con su esfuerzo y talento contribuyen d\u00eda a d\u00eda a crear riqueza y a modernizar la econom\u00eda de nuestro pa\u00eds, haci\u00e9ndola m\u00e1s [&hellip;]<\/p>\n","protected":false},"author":4,"featured_media":339783,"comment_status":"open","ping_status":"closed","sticky":false,"template":"","format":"standard","meta":{"om_disable_all_campaigns":false,"jnews-multi-image_gallery":[],"jnews_single_post":[],"jnews_primary_category":[],"jnews_social_meta":[],"footnotes":""},"categories":[40],"tags":[634,48049,48048],"class_list":["post-339782","post","type-post","status-publish","format-standard","has-post-thumbnail","hentry","category-industria","tag-empresas","tag-premios-tu-economia","tag-tu-economia"],"_links":{"self":[{"href":"https:\/\/dimensionturistica.com\/es\/wp-json\/wp\/v2\/posts\/339782","targetHints":{"allow":["GET"]}}],"collection":[{"href":"https:\/\/dimensionturistica.com\/es\/wp-json\/wp\/v2\/posts"}],"about":[{"href":"https:\/\/dimensionturistica.com\/es\/wp-json\/wp\/v2\/types\/post"}],"author":[{"embeddable":true,"href":"https:\/\/dimensionturistica.com\/es\/wp-json\/wp\/v2\/users\/4"}],"replies":[{"embeddable":true,"href":"https:\/\/dimensionturistica.com\/es\/wp-json\/wp\/v2\/comments?post=339782"}],"version-history":[{"count":0,"href":"https:\/\/dimensionturistica.com\/es\/wp-json\/wp\/v2\/posts\/339782\/revisions"}],"wp:featuredmedia":[{"embeddable":true,"href":"https:\/\/dimensionturistica.com\/es\/wp-json\/wp\/v2\/media\/339783"}],"wp:attachment":[{"href":"https:\/\/dimensionturistica.com\/es\/wp-json\/wp\/v2\/media?parent=339782"}],"wp:term":[{"taxonomy":"category","embeddable":true,"href":"https:\/\/dimensionturistica.com\/es\/wp-json\/wp\/v2\/categories?post=339782"},{"taxonomy":"post_tag","embeddable":true,"href":"https:\/\/dimensionturistica.com\/es\/wp-json\/wp\/v2\/tags?post=339782"}],"curies":[{"name":"wp","href":"https:\/\/api.w.org\/{rel}","templated":true}]}}