{"id":339698,"date":"2022-06-26T01:12:22","date_gmt":"2022-06-26T01:12:22","guid":{"rendered":"https:\/\/dimensionturistica.com\/es\/?p=339698"},"modified":"2022-06-26T01:12:22","modified_gmt":"2022-06-26T01:12:22","slug":"tener-una-vida-llena-de-regalos-viajes-e-invitaciones-me-alejaba-de-mi-alma","status":"publish","type":"post","link":"https:\/\/dimensionturistica.com\/es\/tener-una-vida-llena-de-regalos-viajes-e-invitaciones-me-alejaba-de-mi-alma\/","title":{"rendered":"\u00abTener una vida llena de regalos, viajes e invitaciones me alejaba de mi alma\u00bb"},"content":{"rendered":"<p> <br \/>\n<\/p>\n<div id=\"\"><span class=\"data\"><\/p>\n<footer class=\"autores\"><span class=\"autor\"><a rel=\"nofollow noopener\" target=\"_blank\" class=\"nombre\" title=\"Haci\u00e9ndote preguntas CEU-ABC\">Haci\u00e9ndote preguntas CEU-ABC<\/a><span class=\"autor\" title=\"Haci\u00e9ndote preguntas CEU-ABC\" style=\"display: none;\"\/><\/span><\/footer>\n<p><span class=\"datos-articulo\"><span class=\"datos\"><span class=\"fecha\"><br \/>\n                  Actualizado:<time class=\"actualizado\" datetime=\"2022-06-26T01:03:55Z\">26\/06\/2022\u00a003:03h<\/time><\/span><\/span><a rel=\"nofollow noopener\" target=\"_blank\" title=\"Guardar el art\u00edculo\" class=\"guardar-articulo nibara-element-inview\" data-nibara-module=\"starred\" data-nibara-inview-mode=\"one\" data-btn=\"starred\" data-type=\"noticia\" data-id=\"cd4b5838-f30b-11ec-a2bf-d55d47e0c75c\" data-voc-vtm-id=\"leerdespues\" data-voc-vtm-info=\"sticky\"><span class=\"icono leer-despues\"><svg viewbox=\"0 0 24 24\"><path d=\"M17,3H7A2,2 0 0,0 5,5V21L12,18L19,21V5C19,3.89 18.1,3 17,3Z\"\/><\/svg><\/span><br \/>\n   Guardar<br \/>\n <\/a><\/span><\/span><\/p>\n<p>Berta Bernad fue una de las primeras instagramers de renombre en Espa\u00f1a y vino a                                             <a rel=\"nofollow noopener\" target=\"_blank\" href=\"https:\/\/www.youtube.com\/watch?v=q0MEVQLVOUY\" data-voc-vtm-id=\"in-text-traffic\"><br \/>\n        Haci\u00e9ndote Preguntas<\/a> para hablar de los riesgos de ser influencer y de la \u00abjaula de oro\u00bb en la que ella lleg\u00f3 a vivir y de la que logr\u00f3 salir. <\/p>\n<p><a rel=\"nofollow noopener\" target=\"_blank\" href=\"https:\/\/haciendotepreguntas.abc.es\/cuando-deje-instagram-recupere-la-felicidad.html\" data-voc-vtm-id=\"in-text-traffic\"><br \/>\n        Su testimonio<\/a> result\u00f3 ser uno de los m\u00e1s vistos en este proyecto de divulgaci\u00f3n audiovisual impulsado por la Fundaci\u00f3n CEU y ABC para promover la reflexi\u00f3n sobre las cosas que de verdad importan.<\/p>\n<p>En este caso, las preguntas de los entrevistadores -alumnos y docentes de la Fundaci\u00f3n CEU- y la vivencia private de la ex influencer nos llevaron a reflexionar sobre el tiempo que podemos llegar a pasar en las redes sociales y que dejamos de pasar en la vida actual.<\/p>\n<aside class=\"roba-intercalado sin-fondo layer_inpage\"><span class=\"creatividad cmv_intext\" data-voc-vam=\"\" data-voc-vam-position=\"layer_inpage\" data-voc-vam-outofpage=\"true\" id=\"layer_inpage-id\"\/><\/aside>\n<p>\u00abVas a ser mucho m\u00e1s feliz jugando con tus amigas en la vida actual o dando un paseo por el campo con tus padres que haci\u00e9ndote fotos y seleccionando el v\u00eddeo perfecto para subir a las redes\u00bb, le cube Berta Bernad a una ni\u00f1a durante la entrevista.<\/p>\n<p>Berta se dedicaba a Instagram \u00aba tiempo completo\u00bb y todo su mundo giraba en torno a la crimson social. Un d\u00eda decidi\u00f3 dejarlo: \u00abTener una vida llena de regalos, de viajes, de invitaciones me alejaba de mi alma y de mi felicidad. Period una jaula de oro de la que me daba miedo salir porque hab\u00eda dedicado mucho tiempo a construirla, pero dentro tampoco period feliz\u00bb.<\/p>\n<p>\u00abFue muy duro salir, pero fue basic para lograr la estabilidad emocional que tengo hoy\u00bb, cuenta en el que ha resultado ser uno de los v\u00eddeos m\u00e1s vistos de Haci\u00e9ndote Preguntas.<\/p>\n<p>Estos d\u00edas ABC vuelve a publicar los v\u00eddeos que han logrado mayor audiencia en esta segunda temporada de Haci\u00e9ndote Preguntas. Adem\u00e1s del de Berta Bernad; tambi\u00e9n recordamos los protagonizados por <strong>Mario Alonso Puig<\/strong>, que ahonda en las cualidades de un buen l\u00edder; <strong>Rodrigo Valdecantos<\/strong>, que relata c\u00f3mo se reprograma la perspectiva de la vida tras sufrir un ictus, y <strong>Javier D\u00edaz Vega<\/strong> (Javiviendo), que aborda con naturalidad un tema tan dif\u00edcil como el suicidio de un ser querido.<\/p>\n<p>Haci\u00e9ndote Preguntas ha alcanzado casi 10 millones de visualizaciones en sus dos primeras temporadas y ha ganado dos premios de comunicaci\u00f3n en el \u00faltimo a\u00f1o y medio. Puedes ver todos los v\u00eddeos en la net                                             <a rel=\"nofollow noopener\" target=\"_blank\" href=\"https:\/\/haciendotepreguntas.abc.es\/\" data-voc-vtm-id=\"in-text-traffic\"><br \/>\n        https:\/\/haciendotepreguntas.abc.es\/<\/a><\/p>\n<p><a rel=\"nofollow noopener\" target=\"_blank\" class=\"boton-comentarios\" href=\"#ancla_comentarios\" title=\"Ver los comentarios\" data-voc-comments-count=\"cd4b5838-f30b-11ec-a2bf-d55d47e0c75c\" data-voc-comments-count-zero-text=\"\" data-voc-comments-count-show-zero=\"false\" data-voc-comments-count-action=\"abc:comments:countForButton\">Ver los<br \/>\n    <strong\/> comentarios<\/a><\/p>\n<aside class=\"modulo temas\">\n<h4 class=\"titulo\">Temas<\/h4>\n<\/aside>\n<aside id=\"widget_outbrain_491\" class=\"nibara-element\" data-nibara-module=\"outbrain\" data-template-outbrain=\"vocentoes\"\/><\/div>\n\n<p><em> &#8221; Fuentes www.abc.es &#8221; <\/em><\/p>\n","protected":false},"excerpt":{"rendered":"<p>Haci\u00e9ndote preguntas CEU-ABC Actualizado:26\/06\/2022\u00a003:03h Guardar Berta Bernad fue una de las primeras instagramers de renombre en Espa\u00f1a y vino a Haci\u00e9ndote Preguntas para hablar de los riesgos de ser influencer y de la \u00abjaula de oro\u00bb en la que ella lleg\u00f3 a vivir y de la que logr\u00f3 salir. Su testimonio result\u00f3 ser uno de [&hellip;]<\/p>\n","protected":false},"author":4,"featured_media":339699,"comment_status":"open","ping_status":"closed","sticky":false,"template":"","format":"standard","meta":{"om_disable_all_campaigns":false,"jnews-multi-image_gallery":[],"jnews_single_post":[],"jnews_primary_category":[],"jnews_social_meta":[],"footnotes":""},"categories":[39],"tags":[48033,2382],"class_list":["post-339698","post","type-post","status-publish","format-standard","has-post-thumbnail","hentry","category-viajes","tag-haciendote","tag-preguntas"],"_links":{"self":[{"href":"https:\/\/dimensionturistica.com\/es\/wp-json\/wp\/v2\/posts\/339698","targetHints":{"allow":["GET"]}}],"collection":[{"href":"https:\/\/dimensionturistica.com\/es\/wp-json\/wp\/v2\/posts"}],"about":[{"href":"https:\/\/dimensionturistica.com\/es\/wp-json\/wp\/v2\/types\/post"}],"author":[{"embeddable":true,"href":"https:\/\/dimensionturistica.com\/es\/wp-json\/wp\/v2\/users\/4"}],"replies":[{"embeddable":true,"href":"https:\/\/dimensionturistica.com\/es\/wp-json\/wp\/v2\/comments?post=339698"}],"version-history":[{"count":0,"href":"https:\/\/dimensionturistica.com\/es\/wp-json\/wp\/v2\/posts\/339698\/revisions"}],"wp:featuredmedia":[{"embeddable":true,"href":"https:\/\/dimensionturistica.com\/es\/wp-json\/wp\/v2\/media\/339699"}],"wp:attachment":[{"href":"https:\/\/dimensionturistica.com\/es\/wp-json\/wp\/v2\/media?parent=339698"}],"wp:term":[{"taxonomy":"category","embeddable":true,"href":"https:\/\/dimensionturistica.com\/es\/wp-json\/wp\/v2\/categories?post=339698"},{"taxonomy":"post_tag","embeddable":true,"href":"https:\/\/dimensionturistica.com\/es\/wp-json\/wp\/v2\/tags?post=339698"}],"curies":[{"name":"wp","href":"https:\/\/api.w.org\/{rel}","templated":true}]}}