{"id":339677,"date":"2022-06-25T23:47:15","date_gmt":"2022-06-25T23:47:15","guid":{"rendered":"https:\/\/dimensionturistica.com\/es\/?p=339677"},"modified":"2022-06-25T23:47:15","modified_gmt":"2022-06-25T23:47:15","slug":"la-revolucion-alimentaria-de-biotech-foods-y-su-ethica-meat","status":"publish","type":"post","link":"https:\/\/dimensionturistica.com\/es\/la-revolucion-alimentaria-de-biotech-foods-y-su-ethica-meat\/","title":{"rendered":"La revoluci\u00f3n alimentaria de Biotech Foods y su \u2018Ethica Meat\u2019"},"content":{"rendered":"<p> <br \/>\n<\/p>\n<div id=\"wtr-content\" data-bg=\"#ffffff\" data-fg=\"#ff8400\" data-width=\"7\" data-mute=\"1\" data-fgopacity=\"1.00\" data-mutedopacity=\"1.00\" data-placement=\"top\" data-placement-offset=\"0\" data-content-offset=\"0\" data-placement-touch=\"top\" data-placement-offset-touch=\"0\" data-transparent=\"0\" data-shadow=\"1\" data-touch=\"1\" data-non-touch=\"1\" data-comments=\"0\" data-commentsbg=\"#ffcece\" data-location=\"page\" data-mutedfg=\"#ff8400\" data-endfg=\"#f44813\" data-rtl=\"\">\n<h3>La carne cultivada por ingenier\u00eda de tejidos es ya una realidad que supondr\u00e1, en un futuro pr\u00f3ximo, una aut\u00e9ntica revoluci\u00f3n alimentaria. <\/h3>\n<p><span class=\"bctt-click-to-tweet\"><span class=\"bctt-ctt-text\"><a target=\"_blank\" href=\"https:\/\/twitter.com\/intent\/tweet?url=https%3A%2F%2Fdirectivosygerentes.es%2Finnovacion%2Fnoticias-innovacion%2Fcarne-biotech-foods&amp;text=La%20revoluci%C3%B3n%20alimentaria%20de%20Biotech%20Foods%20y%20su%20%E2%80%98Ethica%20Meat%E2%80%99%20%23innovaci%C3%B3n&amp;related\" rel=\"noopener noreferrer\">La revoluci\u00f3n alimentaria de Biotech Foods y su \u2018Ethica Meat\u2019 #innovaci\u00f3n <\/a><\/span><a target=\"_blank\" href=\"https:\/\/twitter.com\/intent\/tweet?url=https%3A%2F%2Fdirectivosygerentes.es%2Finnovacion%2Fnoticias-innovacion%2Fcarne-biotech-foods&amp;text=La%20revoluci%C3%B3n%20alimentaria%20de%20Biotech%20Foods%20y%20su%20%E2%80%98Ethica%20Meat%E2%80%99%20%23innovaci%C3%B3n&amp;related\" class=\"bctt-ctt-btn\" rel=\"noopener noreferrer\">\ufeffClic para tuitear<\/a><\/span><\/p>\n<p style=\"text-align:right\"><strong>Por Mercedes Vila, cofundadora de Biotech<br \/>\nMeals<\/strong><\/p>\n<div class=\"wp-block-image\">\n<figure class=\"alignright is-resized\"><img decoding=\"async\" src=\"https:\/\/directivosygerentes.es\/wp-content\/uploads\/2019\/03\/biotech-foods-logo.jpg\" alt=\"\" class=\"wp-image-27565\" width=\"234\" height=\"116\" srcset=\"https:\/\/directivosygerentes.es\/wp-content\/uploads\/2019\/03\/biotech-foods-logo.jpg 425w, https:\/\/directivosygerentes.es\/wp-content\/uploads\/2019\/03\/biotech-foods-logo-300x148.jpg 300w\" sizes=\"(max-width: 234px) 100vw, 234px\"\/><\/figure>\n<\/div>\n<p>En la empresa <a target=\"_blank\" href=\"http:\/\/www.biotech-foods.com\/\" rel=\"noopener\">Biotech Foods<\/a>, de capital privado y origen guipuzcoano, llevamos varios a\u00f1os trabajando para el lanzamiento, en 2021, de los primeros productos de nuestra marca \u2018EthicaMeat\u2019. La base de nuestra producci\u00f3n es la <strong>construcci\u00f3n de tejidos a partir de la proliferaci\u00f3n de c\u00e9lulas animales<\/strong>, en entornos biol\u00f3gicos adecuados, y sin intervenci\u00f3n o modificaci\u00f3n gen\u00e9tica alguna. <\/p>\n<h4>Los beneficios de la carne \u00e9tica de Biotech Meals<\/h4>\n<p>La carne cultivada por ingenier\u00eda de tejidos es ya una realidad que supondr\u00e1, en un futuro pr\u00f3ximo, una a<a target=\"_blank\" href=\"https:\/\/directivosygerentes.es\/directivosygerentes\/revista\/revista-febrero-2019\" rel=\"noopener\">ut\u00e9ntica revoluci\u00f3n alimentaria <\/a>al tratarse de una soluci\u00f3n al alto coste de vidas animales y recursos naturales que supone abastecer la alta demanda de prote\u00ednas de carne. La clave del sistema de producci\u00f3n de esta carne est\u00e1 en la medicina regenerativa. El resultado last, \u00a0ser\u00e1 dirigido a la industria del procesado de carne para la producci\u00f3n de salchichas, <em>nuggets<\/em>, alb\u00f3ndigas o hamburguesas, entre otros. <strong>El reto al que nos enfrentamos en conseguir producir esta carne al mismo precio que tiene hoy y a escala industrial <\/strong>porque actualmente fabricamos kilos, pero necesitamos producir toneladas. <\/p>\n<figure class=\"wp-block-image\"><img decoding=\"async\" loading=\"lazy\" width=\"788\" height=\"525\" src=\"https:\/\/directivosygerentes.es\/wp-content\/uploads\/2019\/03\/Mercedes-VILA.jpg\" alt=\"\" class=\"wp-image-27566\" srcset=\"https:\/\/directivosygerentes.es\/wp-content\/uploads\/2019\/03\/Mercedes-VILA.jpg 788w, https:\/\/directivosygerentes.es\/wp-content\/uploads\/2019\/03\/Mercedes-VILA-300x200.jpg 300w, https:\/\/directivosygerentes.es\/wp-content\/uploads\/2019\/03\/Mercedes-VILA-768x512.jpg 768w, https:\/\/directivosygerentes.es\/wp-content\/uploads\/2019\/03\/Mercedes-VILA-630x420.jpg 630w, https:\/\/directivosygerentes.es\/wp-content\/uploads\/2019\/03\/Mercedes-VILA-640x426.jpg 640w, https:\/\/directivosygerentes.es\/wp-content\/uploads\/2019\/03\/Mercedes-VILA-681x454.jpg 681w\" sizes=\"auto, (max-width: 788px) 100vw, 788px\"\/><figcaption>Mercedes Vila, cofundadora de Biotech Meals <\/figcaption><\/figure>\n<p>Son muy pocas las empresas en el mundo<br \/>\ninmersas en el desarrollo de esta carne, y para nosotros es todo un orgullo,<br \/>\npero tambi\u00e9n un verdadero reto y responsabilidad, dirigir el \u00fanico proyecto en<br \/>\nEspa\u00f1a llamado a mejorar la vida de las personas y de nuestro planeta. Junto a<br \/>\nEstados Unidos, Israel y Pa\u00edses Bajos, con proyectos empresariales capitaneados<br \/>\npor visionarios de la talla de Invoice Gates (Microsoft), Sergey Brin (Google) y<br \/>\nRichard Branson (Virgin), nuestra empresa Biotech Meals, a trav\u00e9s de la marca<br \/>\nEthicaMeat, est\u00e1 impulsando en nuestro pa\u00eds esta revoluci\u00f3n alimenticia que se<br \/>\nconvertir\u00e1 en una realidad de consumo a medio plazo. <\/p>\n<p>\u2018EthicaMeat\u2019 contribuir\u00e1 a aliviar dos graves problemas. Por un lado, la alta demanda de prote\u00ednas de origen animal que existe en el mundo y cuya satisfacci\u00f3n es insostenible; por otro, evitar\u00e1 el sufrimiento animal y <strong>reducir\u00e1 el impacto medioambiental de la ganader\u00eda intensiva<\/strong>, asociados a la producci\u00f3n de gases de efecto invernadero y deforestaci\u00f3n. De hecho, el t\u00e9rmino \u2018ethica\u2019 responde al simbolismo y los efectos que genera la producci\u00f3n de carne bajo este modelo. La palabra outline muy bien el concepto porque hablamos de un producto que viene a paliar los problemas que la alta explotaci\u00f3n de la ganader\u00eda intensiva precise, crea al medioambiente y al bienestar de los animales.<\/p>\n<h4>El futuro de la producci\u00f3n c\u00e1rnica<\/h4>\n<p>Se estima que los productos de \u2018EthicaMeat\u2019 consumir\u00e1n un 99% menos de tierra, un 75% menos de consumo de agua y un 90% menos de emisiones que otro producto c\u00e1rnico related precise. Por todo ello, la \u2018EthicaMeat\u2019 permitir\u00e1 ayudar a <strong>satisfacer la alta demanda de prote\u00ednas de origen animal <\/strong>y reducir el precise impacto ambiental del proceso intensivo de producci\u00f3n de la carne mediante soluciones sostenibles. <\/p>\n<figure class=\"wp-block-image\"><img decoding=\"async\" loading=\"lazy\" width=\"1024\" height=\"602\" src=\"https:\/\/directivosygerentes.es\/wp-content\/uploads\/2019\/03\/boceto1-1024x602.jpg\" alt=\"\" class=\"wp-image-27567\" srcset=\"https:\/\/directivosygerentes.es\/wp-content\/uploads\/2019\/03\/boceto1-1024x602.jpg 1024w, https:\/\/directivosygerentes.es\/wp-content\/uploads\/2019\/03\/boceto1-300x176.jpg 300w, https:\/\/directivosygerentes.es\/wp-content\/uploads\/2019\/03\/boceto1-768x452.jpg 768w, https:\/\/directivosygerentes.es\/wp-content\/uploads\/2019\/03\/boceto1-714x420.jpg 714w, https:\/\/directivosygerentes.es\/wp-content\/uploads\/2019\/03\/boceto1-640x377.jpg 640w, https:\/\/directivosygerentes.es\/wp-content\/uploads\/2019\/03\/boceto1-681x400.jpg 681w, https:\/\/directivosygerentes.es\/wp-content\/uploads\/2019\/03\/boceto1.jpg 1280w\" sizes=\"auto, (max-width: 1024px) 100vw, 1024px\"\/><\/figure>\n<p>\u2018EthicaMeat\u2019 coexistir\u00e1 con el modelo precise para entre los dos satisfacer la demanda de prote\u00edna animal y favorecer procedimientos y pr\u00e1cticas sostenibles. \u00a0Ofrecer\u00e1 soluciones <strong>alternativas al consumidor que apoya una producci\u00f3n saludable y sostenible<\/strong>. La gran mayor\u00eda de la poblaci\u00f3n espa\u00f1ola, como la del resto del mundo, desconoce a\u00fan la existencia de este tipo de carne. Sabemos que se observar\u00e1n diferencias en la poblaci\u00f3n, como se han encontrado tambi\u00e9n en Estados Unidos, y que los m\u00e1s j\u00f3venes ser\u00e1n m\u00e1s receptivos a nuestro producto. <\/p>\n<p>Nuestro trabajo pasa por llegar a todos los consumidores, promoviendo producciones sostenibles. Adem\u00e1s, aunando en un producto varias ventajas, permitiendo que el consumidor que as\u00ed lo desee, pueda reducir la cantidad de grasas en su alimentaci\u00f3n sin prescindir de las prote\u00ednas, que respete a los animales y que cuide el planeta. <strong>La producci\u00f3n de carne cultivada se percibe como una soluci\u00f3n adoptada a nivel mundial<\/strong> y en Espa\u00f1a no nos quedamos al margen. Todas las empresas, grandes y peque\u00f1as, ver\u00e1n que\u00a0 es una \u00a0realidad. La oportunidad se ha generado y en Biotech Meals apostamos por ello porque creemos en nuestro producto y entendemos que podemos \u00a0dar respuesta a un problema\u00a0 social. <\/p>\n<\/div>\n<p><script async src=\"\/\/platform.twitter.com\/widgets.js\" charset=\"utf-8\"><\/script><br \/>\n<br \/><\/p>\n<p><em> \u2018 The preceding article may include information circulated by third parties \u2019 <\/em><\/p>\n<p><em> \u2018 Some details of this article were extracted from the following source directivosygerentes.es \u2019 <\/em><\/p>\n","protected":false},"excerpt":{"rendered":"<p>La carne cultivada por ingenier\u00eda de tejidos es ya una realidad que supondr\u00e1, en un futuro pr\u00f3ximo, una aut\u00e9ntica revoluci\u00f3n alimentaria. La revoluci\u00f3n alimentaria de Biotech Foods y su \u2018Ethica Meat\u2019 #innovaci\u00f3n \ufeffClic para tuitear Por Mercedes Vila, cofundadora de Biotech Meals En la empresa Biotech Foods, de capital privado y origen guipuzcoano, llevamos varios [&hellip;]<\/p>\n","protected":false},"author":2,"featured_media":339678,"comment_status":"open","ping_status":"closed","sticky":false,"template":"","format":"standard","meta":{"om_disable_all_campaigns":false,"jnews-multi-image_gallery":[],"jnews_single_post":[],"jnews_primary_category":[],"jnews_social_meta":[],"footnotes":""},"categories":[43],"tags":[],"class_list":["post-339677","post","type-post","status-publish","format-standard","has-post-thumbnail","hentry","category-gourmet"],"_links":{"self":[{"href":"https:\/\/dimensionturistica.com\/es\/wp-json\/wp\/v2\/posts\/339677","targetHints":{"allow":["GET"]}}],"collection":[{"href":"https:\/\/dimensionturistica.com\/es\/wp-json\/wp\/v2\/posts"}],"about":[{"href":"https:\/\/dimensionturistica.com\/es\/wp-json\/wp\/v2\/types\/post"}],"author":[{"embeddable":true,"href":"https:\/\/dimensionturistica.com\/es\/wp-json\/wp\/v2\/users\/2"}],"replies":[{"embeddable":true,"href":"https:\/\/dimensionturistica.com\/es\/wp-json\/wp\/v2\/comments?post=339677"}],"version-history":[{"count":0,"href":"https:\/\/dimensionturistica.com\/es\/wp-json\/wp\/v2\/posts\/339677\/revisions"}],"wp:featuredmedia":[{"embeddable":true,"href":"https:\/\/dimensionturistica.com\/es\/wp-json\/wp\/v2\/media\/339678"}],"wp:attachment":[{"href":"https:\/\/dimensionturistica.com\/es\/wp-json\/wp\/v2\/media?parent=339677"}],"wp:term":[{"taxonomy":"category","embeddable":true,"href":"https:\/\/dimensionturistica.com\/es\/wp-json\/wp\/v2\/categories?post=339677"},{"taxonomy":"post_tag","embeddable":true,"href":"https:\/\/dimensionturistica.com\/es\/wp-json\/wp\/v2\/tags?post=339677"}],"curies":[{"name":"wp","href":"https:\/\/api.w.org\/{rel}","templated":true}]}}