{"id":339553,"date":"2022-06-25T17:36:27","date_gmt":"2022-06-25T17:36:27","guid":{"rendered":"https:\/\/dimensionturistica.com\/es\/?p=339553"},"modified":"2022-06-25T17:36:27","modified_gmt":"2022-06-25T17:36:27","slug":"el-aifa-un-aeropuerto-bien-planeado-administrado-y-operado-coinciden-sectur-y-diputados","status":"publish","type":"post","link":"https:\/\/dimensionturistica.com\/es\/el-aifa-un-aeropuerto-bien-planeado-administrado-y-operado-coinciden-sectur-y-diputados\/","title":{"rendered":"El AIFA, un aeropuerto bien planeado, administrado y operado, coinciden Sectur y Diputados"},"content":{"rendered":"<p><img decoding=\"async\" class=\"size-medium wp-image-339555 alignright\" src=\"https:\/\/dimensionturistica.com\/es\/wp-content\/uploads\/2022\/06\/VISITA-AIFA-SECTUR-H-9-300x225.jpeg\" alt=\"\" width=\"300\" height=\"225\" srcset=\"https:\/\/dimensionturistica.com\/es\/wp-content\/uploads\/2022\/06\/VISITA-AIFA-SECTUR-H-9-300x225.jpeg 300w, https:\/\/dimensionturistica.com\/es\/wp-content\/uploads\/2022\/06\/VISITA-AIFA-SECTUR-H-9-1024x768.jpeg 1024w, https:\/\/dimensionturistica.com\/es\/wp-content\/uploads\/2022\/06\/VISITA-AIFA-SECTUR-H-9-768x576.jpeg 768w, https:\/\/dimensionturistica.com\/es\/wp-content\/uploads\/2022\/06\/VISITA-AIFA-SECTUR-H-9-1536x1152.jpeg 1536w, https:\/\/dimensionturistica.com\/es\/wp-content\/uploads\/2022\/06\/VISITA-AIFA-SECTUR-H-9-750x563.jpeg 750w, https:\/\/dimensionturistica.com\/es\/wp-content\/uploads\/2022\/06\/VISITA-AIFA-SECTUR-H-9-1140x855.jpeg 1140w, https:\/\/dimensionturistica.com\/es\/wp-content\/uploads\/2022\/06\/VISITA-AIFA-SECTUR-H-9.jpeg 1600w\" sizes=\"(max-width: 300px) 100vw, 300px\" \/>El secretario de Turismo del Gobierno de M\u00e9xico, Miguel Torruco Marqu\u00e9s, acompa\u00f1ado de integrantes de la Comisi\u00f3n de Turismo de la C\u00e1mara de Diputados, realizaron un recorrido por las instalaciones del Aeropuerto Internacional Felipe \u00c1ngeles (AIFA), en el cual constataron que es una obra bien planeada para impulsar la conectividad a\u00e9rea del pa\u00eds.<br \/>\nLa comitiva de diputadas y diputados estuvo integrada por el presidente de la Comisi\u00f3n de Turismo de la H. C\u00e1mara de Diputados, Jeric\u00f3 Abramo Masso, del Grupo Parlamentario del PRI; Alfredo Aurelio Gonz\u00e1lez Cruz, de Morena; Ciria Yamile Salom\u00f3n Dur\u00e1n, del PVEM; Sergio Barrera Sep\u00falveda, de Movimiento Ciudadano; Carlos Noriega Romero, de Morena; y Faustino Vidal Benavides, de Morena.<br \/>\nTorruco Marqu\u00e9s, acompa\u00f1ado de su comitiva y de las y los legisladores, inici\u00f3 la gira de trabajo saliendo de las instalaciones de la H. C\u00e1mara de Diputados en San L\u00e1zaro, llegando en un tiempo de 50<img decoding=\"async\" class=\"size-medium wp-image-339554 alignright\" src=\"https:\/\/dimensionturistica.com\/es\/wp-content\/uploads\/2022\/06\/VISITA-AIFA-SECTUR-H-5-300x208.jpeg\" alt=\"\" width=\"300\" height=\"208\" srcset=\"https:\/\/dimensionturistica.com\/es\/wp-content\/uploads\/2022\/06\/VISITA-AIFA-SECTUR-H-5-300x208.jpeg 300w, https:\/\/dimensionturistica.com\/es\/wp-content\/uploads\/2022\/06\/VISITA-AIFA-SECTUR-H-5-1024x710.jpeg 1024w, https:\/\/dimensionturistica.com\/es\/wp-content\/uploads\/2022\/06\/VISITA-AIFA-SECTUR-H-5-768x532.jpeg 768w, https:\/\/dimensionturistica.com\/es\/wp-content\/uploads\/2022\/06\/VISITA-AIFA-SECTUR-H-5-1536x1065.jpeg 1536w, https:\/\/dimensionturistica.com\/es\/wp-content\/uploads\/2022\/06\/VISITA-AIFA-SECTUR-H-5-750x520.jpeg 750w, https:\/\/dimensionturistica.com\/es\/wp-content\/uploads\/2022\/06\/VISITA-AIFA-SECTUR-H-5-1140x790.jpeg 1140w, https:\/\/dimensionturistica.com\/es\/wp-content\/uploads\/2022\/06\/VISITA-AIFA-SECTUR-H-5.jpeg 1600w\" sizes=\"(max-width: 300px) 100vw, 300px\" \/> minutos al AIFA.<br \/>\nA su llegada, fueron recibidos por el general Isidoro Pastor Rom\u00e1n, director general del AIFA, quien realiz\u00f3 una presentaci\u00f3n ejecutiva sobre el aeropuerto, sus alcances, sus proyecciones y el estado que guarda desde su inauguraci\u00f3n el pasado 21 de marzo de 2022.<br \/>\nEl general detall\u00f3 que en estos meses de operaci\u00f3n el aeropuerto ha tendido a 111 mil 710 pasajeros en mil 139 operaciones; y afirm\u00f3 que actualmente la capacidad actual del AIFA permite atender 19 millones de pasajeros, en una segunda etapa podr\u00e1 recibir a 50 millones y para una \u00faltima fase admitir\u00e1 90 millones de pasajeros.<br \/>\nDestac\u00f3 que para septiembre operar\u00e1n 64 vuelos diarios, y gradualmente se incrementan rutas nacionales e internacionales, adem\u00e1s, los usuarios han reportado un nivel de satisfacci\u00f3n de 84%.<br \/>\nRefiri\u00f3 que el AIFA cuenta con las certificaciones internacionales que garantizan la seguridad a\u00e9rea, y est\u00e1 apegado a los lineamientos de transparencia.<br \/>\nDurante el encuentro, el general Isidoro Pastor, el secretario de Turismo y los legisladores sostuvieron un productivo di\u00e1logo en el que coincidieron en la importancia de impulsar acciones conjuntas que<img decoding=\"async\" class=\"size-medium wp-image-339556 alignright\" src=\"https:\/\/dimensionturistica.com\/es\/wp-content\/uploads\/2022\/06\/VISITA-AIFA-SECTUR-H-7-300x226.jpeg\" alt=\"\" width=\"300\" height=\"226\" srcset=\"https:\/\/dimensionturistica.com\/es\/wp-content\/uploads\/2022\/06\/VISITA-AIFA-SECTUR-H-7-300x226.jpeg 300w, https:\/\/dimensionturistica.com\/es\/wp-content\/uploads\/2022\/06\/VISITA-AIFA-SECTUR-H-7-1024x771.jpeg 1024w, https:\/\/dimensionturistica.com\/es\/wp-content\/uploads\/2022\/06\/VISITA-AIFA-SECTUR-H-7-768x578.jpeg 768w, https:\/\/dimensionturistica.com\/es\/wp-content\/uploads\/2022\/06\/VISITA-AIFA-SECTUR-H-7-1536x1156.jpeg 1536w, https:\/\/dimensionturistica.com\/es\/wp-content\/uploads\/2022\/06\/VISITA-AIFA-SECTUR-H-7-750x564.jpeg 750w, https:\/\/dimensionturistica.com\/es\/wp-content\/uploads\/2022\/06\/VISITA-AIFA-SECTUR-H-7-1140x858.jpeg 1140w, https:\/\/dimensionturistica.com\/es\/wp-content\/uploads\/2022\/06\/VISITA-AIFA-SECTUR-H-7.jpeg 1600w\" sizes=\"(max-width: 300px) 100vw, 300px\" \/> abonen al desarrollo del AIFA y de la conectividad a\u00e9rea, en beneficio de la econom\u00eda y el turismo.<br \/>\nLuego de la reuni\u00f3n, los asistentes recorrieron las instalaciones, como el edificio terminal, accesos, \u00e1reas comerciales y las salas de \u00faltima espera, as\u00ed como la Terminal de Autobuses, y pr\u00f3ximamente la estaci\u00f3n del Tren Suburbano, como parte de las opciones de conectividad terrestre para los pasajeros que viajen a trav\u00e9s del AIFA.<br \/>\nEl titular de Sectur destac\u00f3 la importancia del AIFA, no solo en materia de conectividad a\u00e9rea, sino tambi\u00e9n como atractivo para impulsar la actividad tur\u00edstica. Prueba de ello son los tres museos que se encuentran en esta zona, mismos que recorrieron las y los diputados.<br \/>\nVisitaron el Museo de la Aviaci\u00f3n Mexicana que resguarda la historia de la Fuerza A\u00e9rea Mexicana, y el Museo Paleontol\u00f3gico Quinametzin, en donde se exhiben restos de mamut que habitaron esta zona<img decoding=\"async\" class=\"size-medium wp-image-339557 alignright\" src=\"https:\/\/dimensionturistica.com\/es\/wp-content\/uploads\/2022\/06\/VISITA-AIFA-SECTUR-H-8-300x164.jpeg\" alt=\"\" width=\"300\" height=\"164\" srcset=\"https:\/\/dimensionturistica.com\/es\/wp-content\/uploads\/2022\/06\/VISITA-AIFA-SECTUR-H-8-300x164.jpeg 300w, https:\/\/dimensionturistica.com\/es\/wp-content\/uploads\/2022\/06\/VISITA-AIFA-SECTUR-H-8-1024x559.jpeg 1024w, https:\/\/dimensionturistica.com\/es\/wp-content\/uploads\/2022\/06\/VISITA-AIFA-SECTUR-H-8-768x420.jpeg 768w, https:\/\/dimensionturistica.com\/es\/wp-content\/uploads\/2022\/06\/VISITA-AIFA-SECTUR-H-8-1536x839.jpeg 1536w, https:\/\/dimensionturistica.com\/es\/wp-content\/uploads\/2022\/06\/VISITA-AIFA-SECTUR-H-8-750x410.jpeg 750w, https:\/\/dimensionturistica.com\/es\/wp-content\/uploads\/2022\/06\/VISITA-AIFA-SECTUR-H-8-1140x623.jpeg 1140w, https:\/\/dimensionturistica.com\/es\/wp-content\/uploads\/2022\/06\/VISITA-AIFA-SECTUR-H-8.jpeg 1600w\" sizes=\"(max-width: 300px) 100vw, 300px\" \/> hace miles de a\u00f1os, entre otras piezas de esa era; adem\u00e1s del Museo del Ferrocarril, en donde fueron restaurados vagones, que en su interior tienen la decoraci\u00f3n de distintas \u00e9pocas.<br \/>\nLos diputados coincidieron con el secretario de Turismo, en que el AIFA cuenta con instalaciones de primer nivel, seguras, c\u00f3modas, con importantes avances tecnol\u00f3gicos y que cumple con los est\u00e1ndares internacionales, que permitir\u00e1n detonar la econom\u00eda y la actividad tur\u00edstica hacia diferentes destinos del pa\u00eds.<br \/>\nEl secretario de Turismo agradeci\u00f3 la anfitrion\u00eda del general Isidoro Pastor, director general del AIFA, as\u00ed como la presencia de las y los diputados federales, y se\u00f1al\u00f3 que la suma de esfuerzos entre los diferentes poderes lograr\u00e1 en una coordinaci\u00f3n conjunta, no solo una pronta recuperaci\u00f3n, sino el crecimiento sostenido de una industria que se ubica ya como la tercera generadora del PIB Nacional de M\u00e9xico.<br \/>\nEn el recorrido tambi\u00e9n estuvieron presentes, Humberto Hern\u00e1ndez Haddad, subsecretario de Turismo; el capit\u00e1n Rafael Miranda Castrej\u00f3n, director de Relaciones P\u00fablicas del AIFA; el general Ram\u00f3n Guardado S\u00e1nchez, titular de la Unidad de Enlace Legislativo ante el H. Congreso de la Uni\u00f3n; entre otros.<\/p>\n","protected":false},"excerpt":{"rendered":"<p>El secretario de Turismo del Gobierno de M\u00e9xico, Miguel Torruco Marqu\u00e9s, acompa\u00f1ado de integrantes de la Comisi\u00f3n de Turismo de la C\u00e1mara de Diputados, realizaron un recorrido por las instalaciones del Aeropuerto Internacional Felipe \u00c1ngeles (AIFA), en el cual constataron que es una obra bien planeada para impulsar la conectividad a\u00e9rea del pa\u00eds. La comitiva [&hellip;]<\/p>\n","protected":false},"author":1,"featured_media":339559,"comment_status":"open","ping_status":"closed","sticky":false,"template":"","format":"standard","meta":{"om_disable_all_campaigns":false,"jnews-multi-image_gallery":[],"jnews_single_post":{"source_name":"","source_url":"","via_name":"","via_url":"","override_template":"0","override":[{"template":"1","single_blog_custom":"","parallax":"1","fullscreen":"1","layout":"right-sidebar","sidebar":"default-sidebar","second_sidebar":"default-sidebar","sticky_sidebar":"1","share_position":"top","share_float_style":"share-monocrhome","show_share_counter":"1","show_view_counter":"1","show_featured":"1","show_post_meta":"1","show_post_author":"1","show_post_author_image":"1","show_post_date":"1","post_date_format":"default","post_date_format_custom":"Y\/m\/d","show_post_category":"1","show_post_reading_time":"0","post_reading_time_wpm":"300","show_zoom_button":"0","zoom_button_out_step":"2","zoom_button_in_step":"3","show_post_tag":"1","show_prev_next_post":"1","show_popup_post":"1","number_popup_post":"1","show_author_box":"0","show_post_related":"0","show_inline_post_related":"0"}],"override_image_size":"0","image_override":[{"single_post_thumbnail_size":"crop-500","single_post_gallery_size":"crop-500"}],"trending_post":"0","trending_post_position":"meta","trending_post_label":"Trending","sponsored_post":"0","sponsored_post_label":"Sponsored by","sponsored_post_name":"","sponsored_post_url":"","sponsored_post_logo_enable":"0","sponsored_post_logo":"","sponsored_post_desc":"","disable_ad":"0"},"jnews_primary_category":{"id":""},"jnews_social_meta":{"fb_title":"","fb_description":"","fb_image":"","twitter_title":"","twitter_description":"","twitter_image":""},"footnotes":""},"categories":[39],"tags":[],"class_list":["post-339553","post","type-post","status-publish","format-standard","has-post-thumbnail","hentry","category-viajes"],"_links":{"self":[{"href":"https:\/\/dimensionturistica.com\/es\/wp-json\/wp\/v2\/posts\/339553","targetHints":{"allow":["GET"]}}],"collection":[{"href":"https:\/\/dimensionturistica.com\/es\/wp-json\/wp\/v2\/posts"}],"about":[{"href":"https:\/\/dimensionturistica.com\/es\/wp-json\/wp\/v2\/types\/post"}],"author":[{"embeddable":true,"href":"https:\/\/dimensionturistica.com\/es\/wp-json\/wp\/v2\/users\/1"}],"replies":[{"embeddable":true,"href":"https:\/\/dimensionturistica.com\/es\/wp-json\/wp\/v2\/comments?post=339553"}],"version-history":[{"count":0,"href":"https:\/\/dimensionturistica.com\/es\/wp-json\/wp\/v2\/posts\/339553\/revisions"}],"wp:featuredmedia":[{"embeddable":true,"href":"https:\/\/dimensionturistica.com\/es\/wp-json\/wp\/v2\/media\/339559"}],"wp:attachment":[{"href":"https:\/\/dimensionturistica.com\/es\/wp-json\/wp\/v2\/media?parent=339553"}],"wp:term":[{"taxonomy":"category","embeddable":true,"href":"https:\/\/dimensionturistica.com\/es\/wp-json\/wp\/v2\/categories?post=339553"},{"taxonomy":"post_tag","embeddable":true,"href":"https:\/\/dimensionturistica.com\/es\/wp-json\/wp\/v2\/tags?post=339553"}],"curies":[{"name":"wp","href":"https:\/\/api.w.org\/{rel}","templated":true}]}}