{"id":339535,"date":"2022-06-25T17:05:08","date_gmt":"2022-06-25T17:05:08","guid":{"rendered":"https:\/\/dimensionturistica.com\/es\/?p=339535"},"modified":"2022-06-25T17:05:08","modified_gmt":"2022-06-25T17:05:08","slug":"el-amor-no-tiene-fronteras","status":"publish","type":"post","link":"https:\/\/dimensionturistica.com\/es\/el-amor-no-tiene-fronteras\/","title":{"rendered":"El amor no tiene fronteras"},"content":{"rendered":"<p><img decoding=\"async\" class=\"size-medium wp-image-339544 alignright\" src=\"https:\/\/dimensionturistica.com\/es\/wp-content\/uploads\/2022\/06\/VIAS4-244x300.jpg\" alt=\"\" width=\"244\" height=\"300\" srcset=\"https:\/\/dimensionturistica.com\/es\/wp-content\/uploads\/2022\/06\/VIAS4-244x300.jpg 244w, https:\/\/dimensionturistica.com\/es\/wp-content\/uploads\/2022\/06\/VIAS4.jpg 400w\" sizes=\"(max-width: 244px) 100vw, 244px\" \/>Este mes del orgullo lanzamos un spot en apoyo al matrimonio igualitario, defendiendo nuestra firme convicci\u00f3n de que el amor trasciende cualquier frontera, territorio e idioma. Este cuenta la historia de Pamela y Luc\u00eda, quienes nos dieron la oportunidad de celebrar su uni\u00f3n a m\u00e1s de 30,000 pies de altura.<br \/>\nQueremos que m\u00e1s parejas cumplan este sue\u00f1o, por ello a lo largo del a\u00f1o regalaremos vuelos a parejas seleccionadas que no pueden unirse libremente en sus ciudades de origen, para que viajen a donde puedan hacerlo realidad.<br \/>\n\u00a1Juntos demostraremos que el amor no tiene fronteras! Mira el video aqu\u00ed:<br \/>\nUn mensaje de inclusi\u00f3n por el mundo<br \/>\nDurante junio, nuestro personal de tripulaciones y aeropuertos de 14 estaciones nacionales e internacionales reiteraron que el amor sin fronteras, siempre ser\u00e1 nuestra bandera como aerol\u00ednea. \u00a1Gracias a los aeropuertos de Madrid, \u00c1msterdam, Londres, San Francisco, Nueva York, Dallas, Vancouver, S\u00e3o Paulo, Buenos Aires, La Paz, Canc\u00fan, Puerto Vallarta, Guadalajara y Veracruz!<img decoding=\"async\" class=\"size-medium wp-image-339543 alignright\" src=\"https:\/\/dimensionturistica.com\/es\/wp-content\/uploads\/2022\/06\/VIAS6-300x266.jpg\" alt=\"\" width=\"300\" height=\"266\" srcset=\"https:\/\/dimensionturistica.com\/es\/wp-content\/uploads\/2022\/06\/VIAS6-300x266.jpg 300w, https:\/\/dimensionturistica.com\/es\/wp-content\/uploads\/2022\/06\/VIAS6.jpg 400w\" sizes=\"(max-width: 300px) 100vw, 300px\" \/><br \/>\nConoce la l\u00ednea del orgullo<br \/>\nEn Aerom\u00e9xico contamos con el \u00fanico avi\u00f3n en M\u00e9xico que celebra la diversidad, un Boeing 737 MAX 8 con matr\u00edcula XA-MAQ que desde junio de 2021 vuela con la bandera LGBTTTIQA+.<br \/>\nEn un a\u00f1o, este avi\u00f3n ha recorrido m\u00e1s de 2.6 millones de kil\u00f3metros, lo que equivale a cerca de 67 vueltas al mundo. Con el avi\u00f3n del orgullo, hemos llevado un mensaje de igualdad e inclusi\u00f3n alrededor de M\u00e9xico y a ciudades como Nueva York, Los \u00c1ngeles, Houston, Montreal, Vancouver, Toronto, Bogot\u00e1, Lima y Medell\u00edn.<br \/>\n#TodoMejora<br \/>\nEn alianza con It Gets Better M\u00e9xico, pilotos de ASPA miembros de la comunidad LGBTTTIQA+, compartieron su experiencia trabajando en el sector a\u00e9reo e hicieron \u00e9nfasis en la importancia de contar con un ambiente laboral cada vez m\u00e1s diverso, igualitario y respetuoso. @itgetsbettermx #ItGetsBetter<br \/>\nConoce los testimonios: Pablo y Alfredo &#8211; Alonso y Fernanda.<br \/>\nOtras acciones<br \/>\n&#8211; Para seguir construyendo una compa\u00f1\u00eda en la que todos se sientan seguros y libres de ser quienes realmente son, lanzamos la estrategia de Diversidad, Equidad e Inclusi\u00f3n (DEI), enfocada en cuatro grupos: G\u00e9nero, LGBTQ+, Discapacidad y Generaciones. Parte de las acciones son un programa de<img decoding=\"async\" class=\"size-medium wp-image-339546 alignright\" src=\"https:\/\/dimensionturistica.com\/es\/wp-content\/uploads\/2022\/06\/VIAS3-300x137.jpg\" alt=\"\" width=\"300\" height=\"137\" srcset=\"https:\/\/dimensionturistica.com\/es\/wp-content\/uploads\/2022\/06\/VIAS3-300x137.jpg 300w, https:\/\/dimensionturistica.com\/es\/wp-content\/uploads\/2022\/06\/VIAS3.jpg 400w\" sizes=\"(max-width: 300px) 100vw, 300px\" \/> sensibilizaci\u00f3n para todos los colaboradores y la creaci\u00f3n de grupos de afinidad, permitiendo la participaci\u00f3n de todos, bajo un inter\u00e9s compartido.<br \/>\n&#8211; Participamos en el Foro de Viajes y Turismo LGBTQI+ M\u00e9xico-EUA 2022 organizado por el Servicio Comercial de la Embajada a los EUA, Brand USA, NGLCC e IGLTA. Rosa Mar\u00eda Morett, Gerente Sr. de Desarrollo de Talento de Aerom\u00e9xico, comparti\u00f3 la estrategia de Diversidad, Equidad e Inclusi\u00f3n de la compa\u00f1\u00eda y Manuel Rodr\u00edguez, Gerente Sr. Aerom\u00e9xico Vacations, habl\u00f3 de nuestro producto enfocado a la comunidad.<br \/>\n&#8211; En febrero de 2022 fuimos reconocidos como \u201cLa mejor aerol\u00ednea LGBT+&#8221; por la Colecci\u00f3n de Destinos y Empresas Incluyentes A.C. (UNET LGBT+), que apoya y promueve la industria tur\u00edstica para la comunidad, al identificar y reconocer los destinos, hoteles, resorts, propiedades, emprendedores, l\u00edderes y otras organizaciones que ejemplifican un esp\u00edritu de inclusi\u00f3n y excelencia en el turismo en M\u00e9xico. El galard\u00f3n fue resultado de una encuesta en la que participaron 35 mil votantes.<\/p>\n","protected":false},"excerpt":{"rendered":"<p>Este mes del orgullo lanzamos un spot en apoyo al matrimonio igualitario, defendiendo nuestra firme convicci\u00f3n de que el amor trasciende cualquier frontera, territorio e idioma. Este cuenta la historia de Pamela y Luc\u00eda, quienes nos dieron la oportunidad de celebrar su uni\u00f3n a m\u00e1s de 30,000 pies de altura. Queremos que m\u00e1s parejas cumplan [&hellip;]<\/p>\n","protected":false},"author":1,"featured_media":339548,"comment_status":"open","ping_status":"closed","sticky":false,"template":"","format":"standard","meta":{"om_disable_all_campaigns":false,"jnews-multi-image_gallery":[],"jnews_single_post":{"source_name":"","source_url":"","via_name":"","via_url":"","override_template":"0","override":[{"template":"1","single_blog_custom":"","parallax":"1","fullscreen":"1","layout":"right-sidebar","sidebar":"default-sidebar","second_sidebar":"default-sidebar","sticky_sidebar":"1","share_position":"top","share_float_style":"share-monocrhome","show_share_counter":"1","show_view_counter":"1","show_featured":"1","show_post_meta":"1","show_post_author":"1","show_post_author_image":"1","show_post_date":"1","post_date_format":"default","post_date_format_custom":"Y\/m\/d","show_post_category":"1","show_post_reading_time":"0","post_reading_time_wpm":"300","show_zoom_button":"0","zoom_button_out_step":"2","zoom_button_in_step":"3","show_post_tag":"1","show_prev_next_post":"1","show_popup_post":"1","number_popup_post":"1","show_author_box":"0","show_post_related":"0","show_inline_post_related":"0"}],"override_image_size":"0","image_override":[{"single_post_thumbnail_size":"crop-500","single_post_gallery_size":"crop-500"}],"trending_post":"0","trending_post_position":"meta","trending_post_label":"Trending","sponsored_post":"0","sponsored_post_label":"Sponsored by","sponsored_post_name":"","sponsored_post_url":"","sponsored_post_logo_enable":"0","sponsored_post_logo":"","sponsored_post_desc":"","disable_ad":"0"},"jnews_primary_category":{"id":""},"jnews_social_meta":{"fb_title":"","fb_description":"","fb_image":"","twitter_title":"","twitter_description":"","twitter_image":""},"footnotes":""},"categories":[39],"tags":[],"class_list":["post-339535","post","type-post","status-publish","format-standard","has-post-thumbnail","hentry","category-viajes"],"_links":{"self":[{"href":"https:\/\/dimensionturistica.com\/es\/wp-json\/wp\/v2\/posts\/339535","targetHints":{"allow":["GET"]}}],"collection":[{"href":"https:\/\/dimensionturistica.com\/es\/wp-json\/wp\/v2\/posts"}],"about":[{"href":"https:\/\/dimensionturistica.com\/es\/wp-json\/wp\/v2\/types\/post"}],"author":[{"embeddable":true,"href":"https:\/\/dimensionturistica.com\/es\/wp-json\/wp\/v2\/users\/1"}],"replies":[{"embeddable":true,"href":"https:\/\/dimensionturistica.com\/es\/wp-json\/wp\/v2\/comments?post=339535"}],"version-history":[{"count":0,"href":"https:\/\/dimensionturistica.com\/es\/wp-json\/wp\/v2\/posts\/339535\/revisions"}],"wp:featuredmedia":[{"embeddable":true,"href":"https:\/\/dimensionturistica.com\/es\/wp-json\/wp\/v2\/media\/339548"}],"wp:attachment":[{"href":"https:\/\/dimensionturistica.com\/es\/wp-json\/wp\/v2\/media?parent=339535"}],"wp:term":[{"taxonomy":"category","embeddable":true,"href":"https:\/\/dimensionturistica.com\/es\/wp-json\/wp\/v2\/categories?post=339535"},{"taxonomy":"post_tag","embeddable":true,"href":"https:\/\/dimensionturistica.com\/es\/wp-json\/wp\/v2\/tags?post=339535"}],"curies":[{"name":"wp","href":"https:\/\/api.w.org\/{rel}","templated":true}]}}