{"id":339377,"date":"2022-06-25T08:42:22","date_gmt":"2022-06-25T08:42:22","guid":{"rendered":"https:\/\/dimensionturistica.com\/es\/?p=339377"},"modified":"2022-06-25T08:42:22","modified_gmt":"2022-06-25T08:42:22","slug":"turoperador-canadiense-hola-sun-de-canada-retoma-viajes-a-cuba","status":"publish","type":"post","link":"https:\/\/dimensionturistica.com\/es\/turoperador-canadiense-hola-sun-de-canada-retoma-viajes-a-cuba\/","title":{"rendered":"Turoperador canadiense Hola Sun de Canad\u00e1 retoma viajes a Cuba"},"content":{"rendered":"<p> <br \/>\n<\/p>\n<div>\n<div id=\"attachment_1701502\" style=\"width: 580px\" class=\"wp-caption aligncenter size-large wp-image-1701502\"><img decoding=\"async\" class=\"size-large wp-image-1701502\" src=\"http:\/\/media.cubadebate.cu\/wp-content\/uploads\/2022\/06\/OWG-580x365.jpg\" alt=\"\" width=\"580\" height=\"365\"\/><\/p>\n<p class=\"wp-caption-text\">La compa\u00f1\u00eda prepara viajes a partir del pr\u00f3ximo 30 de junio. Foto: Prensa Latina<\/p>\n<\/div>\n<p><strong>El turoperador canadiense Hola Solar\/Caribe Sol anunci\u00f3 hoy que retomar\u00e1 sus operaciones hacia Cuba, en colaboraci\u00f3n con la aerol\u00ednea OWG.<\/strong><\/p>\n<p>La compa\u00f1\u00eda prepara viajes para el pr\u00f3ximo 30 de junio con vuelos a la oriental ciudad cubana de Holgu\u00edn, el 1 de julio a la central Santa Clara, el 2 de julio al balneario de Varadero, y el 3 de julio a Cayo Coco.<\/p>\n<blockquote>\n<p>De acuerdo con un reporte, para esas fechas se programan dos vuelos a cada destino, uno desde Toronto y otro desde Montreal, y as\u00ed se repetir\u00e1 de jueves a domingo todas las semanas, hasta el 31 de octubre, cuando comienza la temporada oto\u00f1o-invierno.<\/p>\n<\/blockquote>\n<p>En la promoci\u00f3n del inicio de los vuelos, la aerol\u00ednea destaca los servicios excepcionales que ofrece a los pasajeros, entre ellos los de Clase selecta, as\u00ed como la modernizada cabina para la m\u00e1xima comodidad de los viajeros.<\/p>\n<p>A principios de junio, el ministro cubano de Turismo, Juan Carlos Garc\u00eda, realiz\u00f3 una visita de trabajo a Canad\u00e1, donde sostuvo encuentros con empresarios, as\u00ed como con los principales directivos de agencias de turoperadores y l\u00edneas a\u00e9reas.<\/p>\n<p>El recorrido, que comprendi\u00f3 las ciudades de Quebec, Montreal y Ottawa, tuvo la intenci\u00f3n de estimular los negocios con el principal emisor de vacacionistas a esta isla.<\/p>\n<p><strong>(Con informaci\u00f3n de Prensa Latina)<\/strong><\/p>\n<\/p><\/div>\n\n<p><em> &#8221; Fuentes www.cubadebate.cu &#8221; <\/em><\/p>\n","protected":false},"excerpt":{"rendered":"<p>La compa\u00f1\u00eda prepara viajes a partir del pr\u00f3ximo 30 de junio. Foto: Prensa Latina El turoperador canadiense Hola Solar\/Caribe Sol anunci\u00f3 hoy que retomar\u00e1 sus operaciones hacia Cuba, en colaboraci\u00f3n con la aerol\u00ednea OWG. La compa\u00f1\u00eda prepara viajes para el pr\u00f3ximo 30 de junio con vuelos a la oriental ciudad cubana de Holgu\u00edn, el 1 [&hellip;]<\/p>\n","protected":false},"author":4,"featured_media":339378,"comment_status":"open","ping_status":"closed","sticky":false,"template":"","format":"standard","meta":{"om_disable_all_campaigns":false,"jnews-multi-image_gallery":[],"jnews_single_post":[],"jnews_primary_category":[],"jnews_social_meta":[],"footnotes":""},"categories":[39],"tags":[715,705],"class_list":["post-339377","post","type-post","status-publish","format-standard","has-post-thumbnail","hentry","category-viajes","tag-economia","tag-noticias"],"_links":{"self":[{"href":"https:\/\/dimensionturistica.com\/es\/wp-json\/wp\/v2\/posts\/339377","targetHints":{"allow":["GET"]}}],"collection":[{"href":"https:\/\/dimensionturistica.com\/es\/wp-json\/wp\/v2\/posts"}],"about":[{"href":"https:\/\/dimensionturistica.com\/es\/wp-json\/wp\/v2\/types\/post"}],"author":[{"embeddable":true,"href":"https:\/\/dimensionturistica.com\/es\/wp-json\/wp\/v2\/users\/4"}],"replies":[{"embeddable":true,"href":"https:\/\/dimensionturistica.com\/es\/wp-json\/wp\/v2\/comments?post=339377"}],"version-history":[{"count":0,"href":"https:\/\/dimensionturistica.com\/es\/wp-json\/wp\/v2\/posts\/339377\/revisions"}],"wp:featuredmedia":[{"embeddable":true,"href":"https:\/\/dimensionturistica.com\/es\/wp-json\/wp\/v2\/media\/339378"}],"wp:attachment":[{"href":"https:\/\/dimensionturistica.com\/es\/wp-json\/wp\/v2\/media?parent=339377"}],"wp:term":[{"taxonomy":"category","embeddable":true,"href":"https:\/\/dimensionturistica.com\/es\/wp-json\/wp\/v2\/categories?post=339377"},{"taxonomy":"post_tag","embeddable":true,"href":"https:\/\/dimensionturistica.com\/es\/wp-json\/wp\/v2\/tags?post=339377"}],"curies":[{"name":"wp","href":"https:\/\/api.w.org\/{rel}","templated":true}]}}