{"id":339072,"date":"2022-06-24T18:15:05","date_gmt":"2022-06-24T18:15:05","guid":{"rendered":"https:\/\/dimensionturistica.com\/es\/?p=339072"},"modified":"2022-06-24T18:15:05","modified_gmt":"2022-06-24T18:15:05","slug":"el-museo-del-prado-invita-a-sumergirse-en-la-oscura-quinta-del-sordo-de-goya","status":"publish","type":"post","link":"https:\/\/dimensionturistica.com\/es\/el-museo-del-prado-invita-a-sumergirse-en-la-oscura-quinta-del-sordo-de-goya\/","title":{"rendered":"El Museo del Prado invita a sumergirse en la oscura Quinta del Sordo de Goya"},"content":{"rendered":"<p> <br \/>\n<\/p>\n<div id=\"article-sumary\">\n<div class=\"article-txt ad-mobile-top\">\n<p dir=\"ltr\"><span id=\"docs-internal-guid-4000b222-7fff-4277-060d-c781bf3111cc\">El fot\u00f3grafo franc\u00e9s J. Laurent viaj\u00f3 hacia finales del siglo XIX por toda Espa\u00f1a con su peque\u00f1o carruaje laboratorio en el que preparaba y revelaba las placas de vidrio al colodi\u00f3n. Durante sus innumerables viajes se fue haciendo con una impresionante colecci\u00f3n de fotograf\u00edas que luego vend\u00eda en su tienda de Par\u00eds. Este rom\u00e1ntico personaje fue uno de los \u00faltimos que pudo ver (y fotografiar) en 1874 las Pinturas negras de Goya en su ubicaci\u00f3n unique, en las paredes de la Quinta del Sordo. Luego fueron arrancadas por Salvador Mart\u00ednez Cubells antes de que se derribara el ala de la casa donde se encontraban. La Quinta del Sordo fue demolida finalmente en 1909 y desde entonces, un aura de misterio la rodea. No en vano, fue el lugar donde se crearon unas de las pinturas m\u00e1s enigm\u00e1ticas y fascinantes de la historia del arte espa\u00f1ol. Ahora las Pinturas negras de Goya cobran vida en su entorno unique y podr\u00e1n verse como nunca gracias a una singular propuesta del Museo Nacional del Prado, en colaboraci\u00f3n con Fondation Beyeler, y de la mano del artista contempor\u00e1neo Philippe Parreno.<\/span><\/p>\n<\/div>\n<\/div>\n<div id=\"article-text\">\n<div class=\"txt\">\n<aside class=\"subscription-highlighted\">\n<div class=\"subscription-container\">\n<div class=\"non-subscribed\">\n<p class=\"description\">Somos de rutas, no de rutinas. Descubre Viajes Nationwide Geographic<\/p>\n<p><a rel=\"nofollow noopener\" target=\"_blank\" href=\"https:\/\/tienda.rbarevistas.com\/por-que-viajes-national-geographic.html?rba_source=viajes.nationalgeographic.com.es&amp;rba_medium=referral&amp;rba_campaign=NGMV&amp;rba_content=frase-articulo\" class=\"more-link\">SABER M\u00c1S<\/a><\/div>\n<\/div>\n<\/aside>\n<p style=\"display: none;\"><img decoding=\"async\" id=\"ctl01_ctl00_phMain_phMain_ctl00_ctl02_ctl17_ctl01_imgContent\" src=\"https:\/\/viajes.nationalgeographic.com.es\/medio\/2022\/06\/15\/9da3b517-fae4-4977-a1d5-49fdbd408c5d_7965ca12_800x800.jpeg\" alt=\"9da3b517-fae4-4977-a1d5-49fdbd408c5d\" style=\"border-width:0px;\"\/><\/p>\n<aside class=\"add300x250 publi-interior-top ad-container-r1 ad-inline\"\/>\n<p dir=\"ltr\"><span id=\"docs-internal-guid-f4ca079a-7fff-35be-1892-5f3c8b9157d4\">\u201cLa cuesti\u00f3n que se plantea aqu\u00ed es, por encima de todo, la de la imagen y el espacio, da igual en qu\u00e9 orden los planteemos\u201d, cube Philippe Parreno acerca de la pieza que ha creado, una pel\u00edcula de 40 minutos de duraci\u00f3n que dialoga, experimenta y hace juegos de prestidigitaci\u00f3n con las Pinturas Negras de Francisco de Goya y la desaparecida finca de la Quinta del Sordo. La pel\u00edcula se proyectar\u00e1 en una instalaci\u00f3n producida por ACCIONA Cultura en la sala 64-65 del Museo Nacional del Prado, <\/span>hasta el pr\u00f3ximo 4 de septiembre.<\/p>\n<p><span id=\"docs-internal-guid-f4ca079a-7fff-35be-1892-5f3c8b9157d4\">La propuesta consiste en un viaje al pasado, a un espacio perdido en los m\u00e1rgenes de la historia, la Quinta del Sordo, el lugar al que Francisco de Goya lleg\u00f3 solo, viejo y enfermo, y donde entre 1819 y 1824 pint\u00f3 su famosa serie de pinturas directamente en las paredes de aquella residencia. De alg\u00fan modo, Philippe Parreno hace algo comparable a lo que hizo en 2012 con Marilyn, en la que el artista exorciz\u00f3 la presencia de la fallecida actriz Marilyn Monroe, al recrear la suite del resort Waldorf Astoria de Nueva York donde se aloj\u00f3 en la d\u00e9cada de 1950.<\/span><\/p>\n<figure class=\"thumb zoom\"><img loading=\"lazy\" decoding=\"async\" sizes=\"auto, 100vw\" srcset=\"https:\/\/viajes.nationalgeographic.com.es\/medio\/2022\/06\/15\/9da3b517-fae4-4977-a1d5-49fdbd408c5d_4eec0710_720x479.jpeg 720w,https:\/\/viajes.nationalgeographic.com.es\/medio\/2022\/06\/15\/9da3b517-fae4-4977-a1d5-49fdbd408c5d_cbcd98b6_1200x799.jpeg 1200w\" src=\"https:\/\/viajes.nationalgeographic.com.es\/medio\/2022\/06\/15\/9da3b517-fae4-4977-a1d5-49fdbd408c5d_cbcd98b6_1200x799.jpeg\" alt=\"9da3b517-fae4-4977-a1d5-49fdbd408c5d\" class=\"lazyload\" width=\"1200\" height=\"799\" data-aspectratio=\"1200\/799\"\/><noscript><img decoding=\"async\" src=\"https:\/\/viajes.nationalgeographic.com.es\/medio\/2022\/06\/15\/9da3b517-fae4-4977-a1d5-49fdbd408c5d_cbcd98b6_1200x799.jpeg\" alt=\"9da3b517-fae4-4977-a1d5-49fdbd408c5d\"\/><\/noscript><\/p>\n<p>&#13;<figcaption class=\"by\">&#13;Foto: Museo Nacional del Prado<\/figcaption>&#13;<\/p>\n<\/figure>\n<h2 dir=\"ltr\"><span id=\"docs-internal-guid-f4ca079a-7fff-35be-1892-5f3c8b9157d4\">M\u00e1s que una proyecci\u00f3n, un ritual<\/span><\/h2>\n<p><span id=\"docs-internal-guid-f4ca079a-7fff-35be-1892-5f3c8b9157d4\">A pocos pasos de las pinturas negras de Goya, Philippe Parreno ha convertido el Museo del Prado en una de esas peque\u00f1as salas de cine donde solo se suelen programar pel\u00edculas de autor y cine experimental. \u00c9l a lo que hace lo llama \u201cciencia ficci\u00f3n\u201d. Lo que experimenta el espectador es un universo vivo, todo sombra y luz, como si estuviera en la caverna plat\u00f3nica a punto de ser revelado el mito que explica c\u00f3mo un espacio se ha convertido en sublimaci\u00f3n de una obra de arte. Los fotogramas vienen acompa\u00f1ados por m\u00fasica en directo, interpretada al violonchelo por J. M Artero. <\/span><\/p>\n<p><span id=\"docs-internal-guid-f4ca079a-7fff-35be-1892-5f3c8b9157d4\">Aunque Goya fuera sordo, el sonido durante la proyecci\u00f3n es importante, tanto que Philippe Parreno se obsesion\u00f3 en reconstruir la casa y el jard\u00edn en tres dimensiones para recrear fielmente la ac\u00fastica unique del lugar. Lo que se escucha viene de m\u00e1s all\u00e1 del pasado, se ha recuperado del olvido. <\/span><\/p>\n<figure class=\"thumb zoom\"><img loading=\"lazy\" decoding=\"async\" sizes=\"auto, 100vw\" srcset=\"https:\/\/viajes.nationalgeographic.com.es\/medio\/2022\/06\/15\/violonchelo-proyeccion-quinta-del-sordo_db532972_720x479.jpeg 720w,https:\/\/viajes.nationalgeographic.com.es\/medio\/2022\/06\/15\/violonchelo-proyeccion-quinta-del-sordo_e08bea8b_1200x799.jpeg 1200w\" src=\"https:\/\/viajes.nationalgeographic.com.es\/medio\/2022\/06\/15\/violonchelo-proyeccion-quinta-del-sordo_e08bea8b_1200x799.jpeg\" alt=\"violonchelo proyecci\u00f3n Quinta del Sordo\" class=\"lazyload\" width=\"1200\" height=\"799\" data-aspectratio=\"1200\/799\"\/><noscript><img decoding=\"async\" src=\"https:\/\/viajes.nationalgeographic.com.es\/medio\/2022\/06\/15\/violonchelo-proyeccion-quinta-del-sordo_e08bea8b_1200x799.jpeg\" alt=\"violonchelo proyecci\u00f3n Quinta del Sordo\"\/><\/noscript><\/p>\n<p>&#13;<figcaption class=\"by\">&#13;Foto: Museo del Prado<\/figcaption>&#13;<\/p>\n<\/figure>\n<h2 dir=\"ltr\"><span id=\"docs-internal-guid-f4ca079a-7fff-35be-1892-5f3c8b9157d4\">Doscientos a\u00f1os entre las pinturas y la tecnolog\u00eda<\/span><\/h2>\n<p><span id=\"docs-internal-guid-f4ca079a-7fff-35be-1892-5f3c8b9157d4\">Casi doscientos a\u00f1os van desde los murales originales pintados sobre yeso a los fotogramas iluminados con un haz de vela que ha producido Philippe Parreno. En el milagro de esta segunda vida de las Pinturas Negras de Goya ha tenido mucho que ver un equipo de c\u00e1maras ultrarr\u00e1pidas (500.000 fotogramas por segundo) con las que el franc\u00e9s ha podido escanear los \u00f3leos con un detalle excepcional. La pieza se proyecta en diferentes momentos del d\u00eda siguiendo una programaci\u00f3n precisa. El m\u00fasico presenta cada sesi\u00f3n con el sonido del violonchelo, la penumbra cae alrededor de los espectadores, la luz del proyector ilumina el pasado. Tal vez algo comparable sinti\u00f3 J. Laurent cuando con su c\u00e1mara fotografi\u00f3 aquel tenebrismo que no hab\u00eda visto nunca antes en ninguna otra obra de arte.<\/span><\/p>\n<aside class=\"add300x600 publi-interior-bot ad-inline ad-container-r2\"\/><\/div>\n<p><!-- START: tags-rel  --><!-- END: tags-rel   --><br \/>\n<!-- START:toolbar --><!-- END:toolbar --><\/div>\n\n<p><em> &#8221; Fuentes viajes.nationalgeographic.com.es &#8221; <\/em><\/p>\n","protected":false},"excerpt":{"rendered":"<p>El fot\u00f3grafo franc\u00e9s J. Laurent viaj\u00f3 hacia finales del siglo XIX por toda Espa\u00f1a con su peque\u00f1o carruaje laboratorio en el que preparaba y revelaba las placas de vidrio al colodi\u00f3n. Durante sus innumerables viajes se fue haciendo con una impresionante colecci\u00f3n de fotograf\u00edas que luego vend\u00eda en su tienda de Par\u00eds. Este rom\u00e1ntico personaje [&hellip;]<\/p>\n","protected":false},"author":4,"featured_media":339073,"comment_status":"open","ping_status":"closed","sticky":false,"template":"","format":"standard","meta":{"om_disable_all_campaigns":false,"jnews-multi-image_gallery":[],"jnews_single_post":[],"jnews_primary_category":[],"jnews_social_meta":[],"footnotes":""},"categories":[39],"tags":[47258,47257],"class_list":["post-339072","post","type-post","status-publish","format-standard","has-post-thumbnail","hentry","category-viajes","tag-cargado-desde-el-fichero-de-recursos","tag-keywords-por-defecto"],"_links":{"self":[{"href":"https:\/\/dimensionturistica.com\/es\/wp-json\/wp\/v2\/posts\/339072","targetHints":{"allow":["GET"]}}],"collection":[{"href":"https:\/\/dimensionturistica.com\/es\/wp-json\/wp\/v2\/posts"}],"about":[{"href":"https:\/\/dimensionturistica.com\/es\/wp-json\/wp\/v2\/types\/post"}],"author":[{"embeddable":true,"href":"https:\/\/dimensionturistica.com\/es\/wp-json\/wp\/v2\/users\/4"}],"replies":[{"embeddable":true,"href":"https:\/\/dimensionturistica.com\/es\/wp-json\/wp\/v2\/comments?post=339072"}],"version-history":[{"count":0,"href":"https:\/\/dimensionturistica.com\/es\/wp-json\/wp\/v2\/posts\/339072\/revisions"}],"wp:featuredmedia":[{"embeddable":true,"href":"https:\/\/dimensionturistica.com\/es\/wp-json\/wp\/v2\/media\/339073"}],"wp:attachment":[{"href":"https:\/\/dimensionturistica.com\/es\/wp-json\/wp\/v2\/media?parent=339072"}],"wp:term":[{"taxonomy":"category","embeddable":true,"href":"https:\/\/dimensionturistica.com\/es\/wp-json\/wp\/v2\/categories?post=339072"},{"taxonomy":"post_tag","embeddable":true,"href":"https:\/\/dimensionturistica.com\/es\/wp-json\/wp\/v2\/tags?post=339072"}],"curies":[{"name":"wp","href":"https:\/\/api.w.org\/{rel}","templated":true}]}}