{"id":339007,"date":"2022-06-24T17:29:31","date_gmt":"2022-06-24T17:29:31","guid":{"rendered":"https:\/\/dimensionturistica.com\/es\/?p=339007"},"modified":"2022-06-24T17:31:12","modified_gmt":"2022-06-24T17:31:12","slug":"5-claves-en-la-renovacion-de-la-imagen-de-la-paz","status":"publish","type":"post","link":"https:\/\/dimensionturistica.com\/es\/5-claves-en-la-renovacion-de-la-imagen-de-la-paz\/","title":{"rendered":"5 claves en la renovaci\u00f3n de la imagen de La Paz"},"content":{"rendered":"<p><img decoding=\"async\" class=\"size-medium wp-image-339016 alignright\" src=\"https:\/\/dimensionturistica.com\/es\/wp-content\/uploads\/2022\/06\/cabo-day-trip-todos-santos-300x200.jpg\" alt=\"\" width=\"300\" height=\"200\" srcset=\"https:\/\/dimensionturistica.com\/es\/wp-content\/uploads\/2022\/06\/cabo-day-trip-todos-santos-300x200.jpg 300w, https:\/\/dimensionturistica.com\/es\/wp-content\/uploads\/2022\/06\/cabo-day-trip-todos-santos-1024x683.jpg 1024w, https:\/\/dimensionturistica.com\/es\/wp-content\/uploads\/2022\/06\/cabo-day-trip-todos-santos-768x512.jpg 768w, https:\/\/dimensionturistica.com\/es\/wp-content\/uploads\/2022\/06\/cabo-day-trip-todos-santos-1536x1024.jpg 1536w, https:\/\/dimensionturistica.com\/es\/wp-content\/uploads\/2022\/06\/cabo-day-trip-todos-santos-750x500.jpg 750w, https:\/\/dimensionturistica.com\/es\/wp-content\/uploads\/2022\/06\/cabo-day-trip-todos-santos-1140x760.jpg 1140w, https:\/\/dimensionturistica.com\/es\/wp-content\/uploads\/2022\/06\/cabo-day-trip-todos-santos.jpg 1980w\" sizes=\"(max-width: 300px) 100vw, 300px\" \/><\/p>\n<p>La Paz, en Baja California Sur, es un destino \u00fanico en M\u00e9xico por sus condiciones naturales, donde el turismo es su principal motor econ\u00f3mico, junto con la innovaci\u00f3n y competitividad creciente. La actividad tur\u00edstica en el destino genera un suministro de divisas importante, a la vez que aumenta los ingresos (micro y macroecon\u00f3micos) y el Producto Interno Bruto (PIB). Adem\u00e1s, mejora y desarrolla infraestructura que estimula el comercio local, rompe barreras ling\u00fc\u00edsticas y socioculturales, y mejora la calidad de vida de sus habitantes.<br \/>\nPara crecer la promoci\u00f3n de La Paz, en marzo de este a\u00f1o se present\u00f3 la nueva identidad visual del destino, bajo 5 claves en su renovaci\u00f3n:<br \/>\n1. El nuevo logo est\u00e1 inspirado en su oferta tur\u00edstica y su promesa de bienestar; sintetiza el encuentro del desierto y el mar, as\u00ed como la riqueza natural de sus<img decoding=\"async\" class=\"size-medium wp-image-339017 alignright\" src=\"https:\/\/dimensionturistica.com\/es\/wp-content\/uploads\/2022\/06\/La-Paz-El-Triunfo-300x225.jpg\" alt=\"\" width=\"300\" height=\"225\" srcset=\"https:\/\/dimensionturistica.com\/es\/wp-content\/uploads\/2022\/06\/La-Paz-El-Triunfo-300x225.jpg 300w, https:\/\/dimensionturistica.com\/es\/wp-content\/uploads\/2022\/06\/La-Paz-El-Triunfo-1024x768.jpg 1024w, https:\/\/dimensionturistica.com\/es\/wp-content\/uploads\/2022\/06\/La-Paz-El-Triunfo-768x576.jpg 768w, https:\/\/dimensionturistica.com\/es\/wp-content\/uploads\/2022\/06\/La-Paz-El-Triunfo-750x563.jpg 750w, https:\/\/dimensionturistica.com\/es\/wp-content\/uploads\/2022\/06\/La-Paz-El-Triunfo-1140x855.jpg 1140w, https:\/\/dimensionturistica.com\/es\/wp-content\/uploads\/2022\/06\/La-Paz-El-Triunfo.jpg 1200w\" sizes=\"(max-width: 300px) 100vw, 300px\" \/> playas, islas y vida marina. Los trazos sencillos evocan la sofisticaci\u00f3n del destino y le a\u00f1aden un toque de su naturaleza.<br \/>\n2. Virro&amp;Lola participaron en el lanzamiento de la nueva imagen tur\u00edstica de La Paz, al producir tres videos que destacan la experiencia inigualable del destino.<br \/>\n3. Los videos, de menos de un minuto, muestran la importancia cultural y oferta gastron\u00f3mica de Todos Santos, La Ventana y El Triunfo, puntos clave en la oferta tur\u00edstica del municipio que permiten el contacto con lo local y abren la puerta al Mar de Cort\u00e9s.<br \/>\n4. La transformaci\u00f3n de la nueva imagen de La Paz va m\u00e1s all\u00e1 del logo y los videos de campa\u00f1a, integra la renovaci\u00f3n del sitio web que estar\u00e1 disponible a partir del segundo semestre del a\u00f1o.<br \/>\n5. El nuevo concepto visual de La Paz refleja el lujo que el destino ofrece; une la<img decoding=\"async\" class=\"size-medium wp-image-339018 alignright\" src=\"https:\/\/dimensionturistica.com\/es\/wp-content\/uploads\/2022\/06\/N7muhxj6uPEMRKwDnNqhVrCaqTQXfPHKpq3m1NPF-300x184.jpeg\" alt=\"\" width=\"300\" height=\"184\" srcset=\"https:\/\/dimensionturistica.com\/es\/wp-content\/uploads\/2022\/06\/N7muhxj6uPEMRKwDnNqhVrCaqTQXfPHKpq3m1NPF-300x184.jpeg 300w, https:\/\/dimensionturistica.com\/es\/wp-content\/uploads\/2022\/06\/N7muhxj6uPEMRKwDnNqhVrCaqTQXfPHKpq3m1NPF.jpeg 529w\" sizes=\"(max-width: 300px) 100vw, 300px\" \/> sencillez con la sofisticaci\u00f3n y proyecta la tranquilidad que encuentran sus visitantes. Resalta las cualidades de la capital y de todo el municipio, mostrando las oportunidades de aventura que brinda al turista y la experiencia \u00fanica del \u201cacuario del mundo\u201d, como lo llam\u00f3 el ocean\u00f3grafo franc\u00e9s Jaques Cousteau.<br \/>\nLa nueva identidad visual de La Paz est\u00e1 inspirada en la esencia de bienestar del destino, al ser un lugar de aventura ideal para experimentar el nado con lobos marinos o tibur\u00f3n ballena, as\u00ed como el avistamiento de la ballena gris en el Pacifico. El logo sintetiza a estos cet\u00e1ceos de forma elegante, recordando los valores naturales del destino.<\/p>\n","protected":false},"excerpt":{"rendered":"<p>La Paz, en Baja California Sur, es un destino \u00fanico en M\u00e9xico por sus condiciones naturales, donde el turismo es su principal motor econ\u00f3mico, junto con la innovaci\u00f3n y competitividad creciente. La actividad tur\u00edstica en el destino genera un suministro de divisas importante, a la vez que aumenta los ingresos (micro y macroecon\u00f3micos) y el [&hellip;]<\/p>\n","protected":false},"author":1,"featured_media":339019,"comment_status":"open","ping_status":"closed","sticky":false,"template":"","format":"standard","meta":{"om_disable_all_campaigns":false,"jnews-multi-image_gallery":[],"jnews_single_post":{"source_name":"","source_url":"","via_name":"","via_url":"","override_template":"0","override":[{"template":"1","single_blog_custom":"","parallax":"1","fullscreen":"1","layout":"right-sidebar","sidebar":"default-sidebar","second_sidebar":"default-sidebar","sticky_sidebar":"1","share_position":"top","share_float_style":"share-monocrhome","show_share_counter":"1","show_view_counter":"1","show_featured":"1","show_post_meta":"1","show_post_author":"1","show_post_author_image":"1","show_post_date":"1","post_date_format":"default","post_date_format_custom":"Y\/m\/d","show_post_category":"1","show_post_reading_time":"0","post_reading_time_wpm":"300","show_zoom_button":"0","zoom_button_out_step":"2","zoom_button_in_step":"3","show_post_tag":"1","show_prev_next_post":"1","show_popup_post":"1","number_popup_post":"1","show_author_box":"0","show_post_related":"0","show_inline_post_related":"0"}],"override_image_size":"0","image_override":[{"single_post_thumbnail_size":"crop-500","single_post_gallery_size":"crop-500"}],"trending_post":"0","trending_post_position":"meta","trending_post_label":"Trending","sponsored_post":"0","sponsored_post_label":"Sponsored by","sponsored_post_name":"","sponsored_post_url":"","sponsored_post_logo_enable":"0","sponsored_post_logo":"","sponsored_post_desc":"","disable_ad":"0"},"jnews_primary_category":{"id":""},"jnews_social_meta":{"fb_title":"","fb_description":"","fb_image":"","twitter_title":"","twitter_description":"","twitter_image":""},"footnotes":""},"categories":[39],"tags":[],"class_list":["post-339007","post","type-post","status-publish","format-standard","has-post-thumbnail","hentry","category-viajes"],"_links":{"self":[{"href":"https:\/\/dimensionturistica.com\/es\/wp-json\/wp\/v2\/posts\/339007","targetHints":{"allow":["GET"]}}],"collection":[{"href":"https:\/\/dimensionturistica.com\/es\/wp-json\/wp\/v2\/posts"}],"about":[{"href":"https:\/\/dimensionturistica.com\/es\/wp-json\/wp\/v2\/types\/post"}],"author":[{"embeddable":true,"href":"https:\/\/dimensionturistica.com\/es\/wp-json\/wp\/v2\/users\/1"}],"replies":[{"embeddable":true,"href":"https:\/\/dimensionturistica.com\/es\/wp-json\/wp\/v2\/comments?post=339007"}],"version-history":[{"count":0,"href":"https:\/\/dimensionturistica.com\/es\/wp-json\/wp\/v2\/posts\/339007\/revisions"}],"wp:featuredmedia":[{"embeddable":true,"href":"https:\/\/dimensionturistica.com\/es\/wp-json\/wp\/v2\/media\/339019"}],"wp:attachment":[{"href":"https:\/\/dimensionturistica.com\/es\/wp-json\/wp\/v2\/media?parent=339007"}],"wp:term":[{"taxonomy":"category","embeddable":true,"href":"https:\/\/dimensionturistica.com\/es\/wp-json\/wp\/v2\/categories?post=339007"},{"taxonomy":"post_tag","embeddable":true,"href":"https:\/\/dimensionturistica.com\/es\/wp-json\/wp\/v2\/tags?post=339007"}],"curies":[{"name":"wp","href":"https:\/\/api.w.org\/{rel}","templated":true}]}}