{"id":338971,"date":"2022-06-24T16:54:30","date_gmt":"2022-06-24T16:54:30","guid":{"rendered":"https:\/\/dimensionturistica.com\/es\/?p=338971"},"modified":"2022-06-24T16:54:30","modified_gmt":"2022-06-24T16:54:30","slug":"empresarios-mexicanos-en-canada-viven-cierre-de-negocio-por-pandemia-salieron-adelante","status":"publish","type":"post","link":"https:\/\/dimensionturistica.com\/es\/empresarios-mexicanos-en-canada-viven-cierre-de-negocio-por-pandemia-salieron-adelante\/","title":{"rendered":"Empresarios mexicanos en Canad\u00e1 viven cierre de negocio por pandemia \u00bfsalieron adelante?"},"content":{"rendered":"<p><img decoding=\"async\" class=\"size-medium wp-image-338979 alignright\" src=\"https:\/\/dimensionturistica.com\/es\/wp-content\/uploads\/2022\/06\/canada-marihuana-20181017-636754171655419179-1539813938649-300x200.jpg\" alt=\"\" width=\"300\" height=\"200\" srcset=\"https:\/\/dimensionturistica.com\/es\/wp-content\/uploads\/2022\/06\/canada-marihuana-20181017-636754171655419179-1539813938649-300x200.jpg 300w, https:\/\/dimensionturistica.com\/es\/wp-content\/uploads\/2022\/06\/canada-marihuana-20181017-636754171655419179-1539813938649-1024x682.jpg 1024w, https:\/\/dimensionturistica.com\/es\/wp-content\/uploads\/2022\/06\/canada-marihuana-20181017-636754171655419179-1539813938649-768x512.jpg 768w, https:\/\/dimensionturistica.com\/es\/wp-content\/uploads\/2022\/06\/canada-marihuana-20181017-636754171655419179-1539813938649-750x500.jpg 750w, https:\/\/dimensionturistica.com\/es\/wp-content\/uploads\/2022\/06\/canada-marihuana-20181017-636754171655419179-1539813938649-1140x760.jpg 1140w, https:\/\/dimensionturistica.com\/es\/wp-content\/uploads\/2022\/06\/canada-marihuana-20181017-636754171655419179-1539813938649.jpg 1187w\" sizes=\"(max-width: 300px) 100vw, 300px\" \/>Javier Garc\u00eda, su esposa y sus dos hijos, son una familia mexicana que en 2018 decidi\u00f3 emigrar a British Columbia (B.C.), una de las provincias m\u00e1s importantes de Canad\u00e1 y que eligieron para lograr una mejor calidad de vida.<br \/>\nConoc\u00ed a esta familia mediante una consulta virtual, durante la cual se analiz\u00f3 su caso y se le recomend\u00f3 a Javier aplicara con el perfil de inversionista, por las ventajas que otorgan los tratados de libre comercio entre su pa\u00eds y Canad\u00e1, lo cual ayudar\u00eda a agilizar su tr\u00e1mite migratorio en calidad de trabajador y posteriormente poder solicitar la residencia permanente.<br \/>\nEn 2019, despu\u00e9s de que revisaron diferentes opciones de negocio para invertir, se decidieron por adquirir una cafeter\u00eda localizada al norte de Vancouver, la cual sumaba dos a\u00f1os de operaci\u00f3n y clientes recurrentes.<br \/>\nEsa elecci\u00f3n ayud\u00f3 a poner en marcha el proceso correspondiente para que en un lapso de tres meses obtuvieran sus respectivos permisos de trabajo y de estudio.<br \/>\nUna vez que la familia Garc\u00eda estuvo al frente del negocio, Javier se involucr\u00f3 en<img decoding=\"async\" class=\"size-medium wp-image-338980 alignright\" src=\"https:\/\/dimensionturistica.com\/es\/wp-content\/uploads\/2022\/06\/canada-890x420-1-300x141.jpg\" alt=\"\" width=\"300\" height=\"141\" srcset=\"https:\/\/dimensionturistica.com\/es\/wp-content\/uploads\/2022\/06\/canada-890x420-1-300x141.jpg 300w, https:\/\/dimensionturistica.com\/es\/wp-content\/uploads\/2022\/06\/canada-890x420-1.jpg 700w\" sizes=\"(max-width: 300px) 100vw, 300px\" \/> las tareas administrativas, mientras que los dem\u00e1s se encargaban de la atenci\u00f3n a clientes. Todo iba en ascenso, el tiempo para recuperar la inversi\u00f3n se acortaba y se acercaba la hora del siguiente prop\u00f3sito: solicitar y lograr la residencia permanente.<br \/>\nNo obstante, en el 2020 la pandemia provoc\u00f3 el cierre de comercios, entre ellos estuvo el establecimiento de Javier, aunque el compromiso de pagar la renta, sueldos y servicios en general continuaron, por lo que tuvieron que echar mano de sus ahorros, con la esperanza de que las cosas se normalizaran pronto, de lo contrario su regreso a M\u00e9xico ser\u00eda inminente.<br \/>\nCanad\u00e1 al rescate<br \/>\nSi bien los gobiernos de distintos pa\u00edses tomaron la decisi\u00f3n de ayudar o no a los empresarios, Javier se vio sorprendido por la respuesta de protecci\u00f3n que el Gobierno de Canad\u00e1 dio a los propietarios de negocios, incluso para extranjeros como \u00e9l, quien sin ser ciudadano o tener un estatus de residencia permanente, recibi\u00f3 pr\u00e9stamos econ\u00f3micos, sin pago de intereses, ni verificaci\u00f3n de cr\u00e9dito.<br \/>\nPor citar algunos ejemplos, Javier tuvo acceso a un pr\u00e9stamo de $60 mil d\u00f3lares a trav\u00e9s del programa CEBA[1], el requisito de elegibilidad fue demostrar que en<img decoding=\"async\" class=\"size-medium wp-image-338984 alignright\" src=\"https:\/\/dimensionturistica.com\/es\/wp-content\/uploads\/2022\/06\/Benkhalti-200x300.jpg\" alt=\"\" width=\"200\" height=\"300\" srcset=\"https:\/\/dimensionturistica.com\/es\/wp-content\/uploads\/2022\/06\/Benkhalti-200x300.jpg 200w, https:\/\/dimensionturistica.com\/es\/wp-content\/uploads\/2022\/06\/Benkhalti.jpg 500w\" sizes=\"(max-width: 200px) 100vw, 200px\" \/> 2019 tuvo al menos un empleado, esto le dio derecho a recibir ese apoyo, el cual deber\u00e1 pagar a finales de 2023, con una taza de cero intereses y hasta $20 mil d\u00f3lares de deuda perdonada si el pago se efect\u00faa antes del primero de enero de 2024.<br \/>\nEn cuanto a los sueldos de los empleados se refiere, en mayo de 2020 inici\u00f3 el programa CEWS[2] para cubrir el 75% de la n\u00f3mina. En este caso, el gobierno se hizo cargo de cubrir dicho porcentaje de sueldos sin pedir que los negocios devolvieran el dinero. Mientras que para el alquiler comercial, Canad\u00e1 instaur\u00f3 el programa CERS[3], para favorecer en el pago de renta o hipoteca de locales comerciales, este aliciente tuvo una vigencia de seis meses y concluy\u00f3 en abril de 2022.<br \/>\nPor si fuera poco, la provincia de B.C. implement\u00f3 un programa de reapertura (Business Recovery Grant[4]), \u00e9ste se caracteriza por no ser un pr\u00e9stamo, porque el dinero es subsidiado por el gobierno canadiense y se pone a disposici\u00f3n de los negocios que lo requieran para reactivar sus operaciones, est\u00edmulo al que Javier puede acceder si as\u00ed lo decide.<br \/>\nDicha provincia actualmente ya no tiene restricciones para que los establecimientos operen con normalidad. De acuerdo con encuestas locales[5], se confirm\u00f3 que la econom\u00eda volvi\u00f3 a cifras positivas en marzo de 2022, por primera vez desde el inicio de la pandemia, con un aumento del 6% en la econom\u00eda.<br \/>\nHay que recordar que Canad\u00e1 cuenta con programas migratorios espec\u00edficos a los que millones de personas pueden recurrir, de hecho, en el continente americano es el pa\u00eds de destino m\u00e1s importante al ubicarse en la segunda posici\u00f3n, mientras que a nivel mundial ocupa el octavo lugar.[6]<br \/>\nFinalmente, tanto su pol\u00edtica migratoria como su s\u00f3lido modelo econ\u00f3mico son un binomio clave para captar la atenci\u00f3n de inversionistas for\u00e1neos, a quienes les facilitan el camino para que lleven a cabo sus planes de negocios, y junto con sus familias, sean parte de la sociedad canadiense.<br \/>\n*Rita Benkhalti es CEO de North Horizon Immigration y consultora de inmigraci\u00f3n certificada por el Colegio Regulador de Canad\u00e1.<\/p>\n<p>&nbsp;<\/p>\n","protected":false},"excerpt":{"rendered":"<p>Javier Garc\u00eda, su esposa y sus dos hijos, son una familia mexicana que en 2018 decidi\u00f3 emigrar a British Columbia (B.C.), una de las provincias m\u00e1s importantes de Canad\u00e1 y que eligieron para lograr una mejor calidad de vida. Conoc\u00ed a esta familia mediante una consulta virtual, durante la cual se analiz\u00f3 su caso y [&hellip;]<\/p>\n","protected":false},"author":1,"featured_media":338985,"comment_status":"open","ping_status":"closed","sticky":false,"template":"","format":"standard","meta":{"om_disable_all_campaigns":false,"jnews-multi-image_gallery":[],"jnews_single_post":{"source_name":"","source_url":"","via_name":"","via_url":"","override_template":"0","override":[{"template":"1","single_blog_custom":"","parallax":"1","fullscreen":"1","layout":"right-sidebar","sidebar":"default-sidebar","second_sidebar":"default-sidebar","sticky_sidebar":"1","share_position":"top","share_float_style":"share-monocrhome","show_share_counter":"1","show_view_counter":"1","show_featured":"1","show_post_meta":"1","show_post_author":"1","show_post_author_image":"1","show_post_date":"1","post_date_format":"default","post_date_format_custom":"Y\/m\/d","show_post_category":"1","show_post_reading_time":"0","post_reading_time_wpm":"300","show_zoom_button":"0","zoom_button_out_step":"2","zoom_button_in_step":"3","show_post_tag":"1","show_prev_next_post":"1","show_popup_post":"1","number_popup_post":"1","show_author_box":"0","show_post_related":"0","show_inline_post_related":"0"}],"override_image_size":"0","image_override":[{"single_post_thumbnail_size":"crop-500","single_post_gallery_size":"crop-500"}],"trending_post":"0","trending_post_position":"meta","trending_post_label":"Trending","sponsored_post":"0","sponsored_post_label":"Sponsored by","sponsored_post_name":"","sponsored_post_url":"","sponsored_post_logo_enable":"0","sponsored_post_logo":"","sponsored_post_desc":"","disable_ad":"0"},"jnews_primary_category":{"id":""},"jnews_social_meta":{"fb_title":"","fb_description":"","fb_image":"","twitter_title":"","twitter_description":"","twitter_image":""},"footnotes":""},"categories":[40],"tags":[],"class_list":["post-338971","post","type-post","status-publish","format-standard","has-post-thumbnail","hentry","category-industria"],"_links":{"self":[{"href":"https:\/\/dimensionturistica.com\/es\/wp-json\/wp\/v2\/posts\/338971","targetHints":{"allow":["GET"]}}],"collection":[{"href":"https:\/\/dimensionturistica.com\/es\/wp-json\/wp\/v2\/posts"}],"about":[{"href":"https:\/\/dimensionturistica.com\/es\/wp-json\/wp\/v2\/types\/post"}],"author":[{"embeddable":true,"href":"https:\/\/dimensionturistica.com\/es\/wp-json\/wp\/v2\/users\/1"}],"replies":[{"embeddable":true,"href":"https:\/\/dimensionturistica.com\/es\/wp-json\/wp\/v2\/comments?post=338971"}],"version-history":[{"count":0,"href":"https:\/\/dimensionturistica.com\/es\/wp-json\/wp\/v2\/posts\/338971\/revisions"}],"wp:featuredmedia":[{"embeddable":true,"href":"https:\/\/dimensionturistica.com\/es\/wp-json\/wp\/v2\/media\/338985"}],"wp:attachment":[{"href":"https:\/\/dimensionturistica.com\/es\/wp-json\/wp\/v2\/media?parent=338971"}],"wp:term":[{"taxonomy":"category","embeddable":true,"href":"https:\/\/dimensionturistica.com\/es\/wp-json\/wp\/v2\/categories?post=338971"},{"taxonomy":"post_tag","embeddable":true,"href":"https:\/\/dimensionturistica.com\/es\/wp-json\/wp\/v2\/tags?post=338971"}],"curies":[{"name":"wp","href":"https:\/\/api.w.org\/{rel}","templated":true}]}}