{"id":338942,"date":"2022-06-24T16:11:38","date_gmt":"2022-06-24T16:11:38","guid":{"rendered":"https:\/\/dimensionturistica.com\/es\/?p=338942"},"modified":"2022-06-24T16:11:38","modified_gmt":"2022-06-24T16:11:38","slug":"sensitur-pro-la-palma-une-sus-fuerzas-para-una-reactivacion-turistica-mas-sostenible","status":"publish","type":"post","link":"https:\/\/dimensionturistica.com\/es\/sensitur-pro-la-palma-une-sus-fuerzas-para-una-reactivacion-turistica-mas-sostenible\/","title":{"rendered":"Sensitur PRO La Palma une sus fuerzas para una reactivaci\u00f3n tur\u00edstica m\u00e1s sostenible"},"content":{"rendered":"<p> <br \/>\n<\/p>\n<div>\n<p>La jornada de sensibilizaci\u00f3n tur\u00edstica y medioambiental dirigida a empresarios y profesionales del sector arranca el jueves 30 de junio de 2022 de 9:00 a 15:00 horas en el Parador de La Palma (Bre\u00f1a Baja), en las Islas Canarias. Sensitur PRO La Palma tiene una misi\u00f3n clave este a\u00f1o: crear conciencia medioambiental en los futuros modelos de la industria tur\u00edstica. Nuestra preciada Isla Bonita sufri\u00f3 una situaci\u00f3n devastadora este \u00faltimo a\u00f1o y, por ello, la elecci\u00f3n del destino para llevar a cabo el evento no ha sido casualidad. El evento se llevar\u00e1 a cabo de forma presencial y videostreaming. <\/p>\n<p>A primera hora, se dar\u00e1 comienzo a la jornada con el denominado \u201cSensitalk\u201d, un espacio en el que se desarrollar\u00e1n diferentes tem\u00e1ticas relacionadas con el futuro modelo del sector tur\u00edstico en materia de sostenibilidad, conciencia y humanizaci\u00f3n. A las 9:00 horas iniciar\u00e1 La Palma, Reserva Mundial de la Biosfera, \u00abEl Turismo que queremos\u00bb, la primera ponencia de Sensitur PRO La Palma, de la mano de Carolina De Le\u00f3n Garc\u00eda, T\u00e9cnica en el \u00e1rea de Econom\u00eda Verde de la Reserva Mundial de la Biosfera de La Palma. Y es que la situaci\u00f3n acontecida en nuestra isla vecina ha acelerado la necesidad de fomentar el turismo responsable, a trav\u00e9s de la econom\u00eda round y la sostenibilidad como factores clave en la recuperaci\u00f3n tur\u00edstica.<\/p>\n<p>Es imposible concebir una edici\u00f3n de Sensitur sin uno de nuestros conocidos \u201cSensi Debates\u201d. Esta vez, Lola Rodr\u00edguez de Azero, Cofundadora de Senda Ecoway, moderar\u00e1, a las 9:15 horas, esta mesa de debate, en la cual, la tem\u00e1tica a tratar ser\u00e1 la transici\u00f3n de un destino tur\u00edstico hacia una econom\u00eda m\u00e1s round y sostenible y, por otro lado, la aplicaci\u00f3n de los ODS en destinos y pymes tur\u00edsticas. Diversos expertos participar\u00e1n con el objetivo de analizar y compartir opiniones, entre los que se encuentran David Padr\u00f3n Marrero, Director Common de Investigaci\u00f3n y Coordinaci\u00f3n del Desarrollo Sostenible del Gobierno de Canarias; Emilio Murias, Experto en Econom\u00eda Round; Pedro Hern\u00e1ndez, Propietario y chef ejecutivo en Restaurante El Duende del Fuego; Carlos Rodr\u00edguez Rodr\u00edguez, Finca La Suallera (Productos Ecol\u00f3gicos de La Palma); N\u00e9stor Gonz\u00e1lez Lorenzo, miembro de la Junta Directa de ADER LA PALMA y, por \u00faltimo, Juan Antonio Gonz\u00e1lez Hern\u00e1ndez, T\u00e9cnico del Programa de Promoci\u00f3n de Astroturismo de SODEPAL y del \u00e1rea de Turismo del Cabildo Insular de La Palma.<\/p>\n<p>Las repercusiones psicol\u00f3gicas que acarre\u00f3 el volc\u00e1n de La Palma son casi tan importantes como las naturales, sociales y econ\u00f3micas, por ello, Sensitur PRO La Palma ha cre\u00eddo conveniente la intervenci\u00f3n en uno de nuestros \u201cSensitalks\u201d de D\u00e1cil Baute Hidalgo, psic\u00f3loga y coordinadora del proyecto \u2018Ponle nombre\u2019. Este proyecto, financiado por Naviera Armas y desarrollado por el Colegio Oficial de Psicolog\u00eda de Santa Cruz de Tenerife, nace de la preocupaci\u00f3n, sensibilidad y compromiso por la salud psychological de los m\u00e1s peque\u00f1os tras la erupci\u00f3n volc\u00e1nica. Esta herramienta aspira a ser un medio a trav\u00e9s del cual los ni\u00f1os y ni\u00f1as puedan expresar sus inquietudes y, sobre todo, se les tenga en cuenta en su comunidad. Esta iniciativa se ha desarrollado en diversos centros educativos de la Isla, cuenta con la participaci\u00f3n de, aproximadamente, 1.200 alumnos y 17 centros educativos.<\/p>\n<p>Adem\u00e1s, se llevar\u00e1 a cabo la inauguraci\u00f3n institucional de las jornadas de Sensitur PRO, en la cual contaremos con la presencia de Juan Manuel P\u00e9rez, Primer Teniente Alcalde del Ayuntamiento de Bre\u00f1a Baja; Ra\u00fal Camacho, consejero de Turismo del Cabildo Insular de La Palma; Mariano Hern\u00e1ndez Zapata, Presidente del Cabildo Insular de La Palma; David Padr\u00f3n Marrero, Director Common de Investigaci\u00f3n y Coordinaci\u00f3n del Desarrollo Sostenible del Gobierno de Canarias y, por \u00faltimo, Alicia Vanoostende, consejera de Agricultura, Ganader\u00eda y Pesca del Gobierno de Canarias.<\/p>\n<p>Sensitur PRO La Palma 2022 est\u00e1 creado y organizado por Futurcan Advertising &amp; Eventos, cuenta con el apoyo de prestigiosas entidades como la Consejer\u00eda de Turismo, Industria y Comercio del Gobierno de Canarias, Promotur Turismo de Canarias y Fondo Europeo de Desarrollo Regional (FEDER). A su vez, con la colaboraci\u00f3n del Ayuntamiento de Bre\u00f1a Baja como municipio anfitri\u00f3n, y el Cabildo Insular de La Palma, entre otros.<\/p>\n<p>Puedes inscribirte de forma gratuita para disfrutar de esta jornada en https:\/\/sensitur.com\/sensitur-pro-la-palma<\/p>\n<\/p><\/div>\n\n<p><em> &#8221; Fuentes www.hosteltur.com &#8221; <\/em><\/p>\n","protected":false},"excerpt":{"rendered":"<p>La jornada de sensibilizaci\u00f3n tur\u00edstica y medioambiental dirigida a empresarios y profesionales del sector arranca el jueves 30 de junio de 2022 de 9:00 a 15:00 horas en el Parador de La Palma (Bre\u00f1a Baja), en las Islas Canarias. Sensitur PRO La Palma tiene una misi\u00f3n clave este a\u00f1o: crear conciencia medioambiental en los futuros [&hellip;]<\/p>\n","protected":false},"author":4,"featured_media":334568,"comment_status":"open","ping_status":"closed","sticky":false,"template":"","format":"standard","meta":{"om_disable_all_campaigns":false,"jnews-multi-image_gallery":[],"jnews_single_post":[],"jnews_primary_category":[],"jnews_social_meta":[],"footnotes":""},"categories":[40],"tags":[715],"class_list":["post-338942","post","type-post","status-publish","format-standard","has-post-thumbnail","hentry","category-industria","tag-economia"],"_links":{"self":[{"href":"https:\/\/dimensionturistica.com\/es\/wp-json\/wp\/v2\/posts\/338942","targetHints":{"allow":["GET"]}}],"collection":[{"href":"https:\/\/dimensionturistica.com\/es\/wp-json\/wp\/v2\/posts"}],"about":[{"href":"https:\/\/dimensionturistica.com\/es\/wp-json\/wp\/v2\/types\/post"}],"author":[{"embeddable":true,"href":"https:\/\/dimensionturistica.com\/es\/wp-json\/wp\/v2\/users\/4"}],"replies":[{"embeddable":true,"href":"https:\/\/dimensionturistica.com\/es\/wp-json\/wp\/v2\/comments?post=338942"}],"version-history":[{"count":0,"href":"https:\/\/dimensionturistica.com\/es\/wp-json\/wp\/v2\/posts\/338942\/revisions"}],"wp:featuredmedia":[{"embeddable":true,"href":"https:\/\/dimensionturistica.com\/es\/wp-json\/wp\/v2\/media\/334568"}],"wp:attachment":[{"href":"https:\/\/dimensionturistica.com\/es\/wp-json\/wp\/v2\/media?parent=338942"}],"wp:term":[{"taxonomy":"category","embeddable":true,"href":"https:\/\/dimensionturistica.com\/es\/wp-json\/wp\/v2\/categories?post=338942"},{"taxonomy":"post_tag","embeddable":true,"href":"https:\/\/dimensionturistica.com\/es\/wp-json\/wp\/v2\/tags?post=338942"}],"curies":[{"name":"wp","href":"https:\/\/api.w.org\/{rel}","templated":true}]}}