{"id":338886,"date":"2022-06-24T15:30:41","date_gmt":"2022-06-24T15:30:41","guid":{"rendered":"https:\/\/dimensionturistica.com\/es\/?p=338886"},"modified":"2022-06-24T16:24:48","modified_gmt":"2022-06-24T16:24:48","slug":"el-campeonato-mundial-de-motosurf-regresa-a-mexico","status":"publish","type":"post","link":"https:\/\/dimensionturistica.com\/es\/el-campeonato-mundial-de-motosurf-regresa-a-mexico\/","title":{"rendered":"El campeonato mundial de Motosurf regresa a M\u00e9xico"},"content":{"rendered":"<p><img decoding=\"async\" class=\"size-medium wp-image-338901 alignright\" src=\"https:\/\/dimensionturistica.com\/es\/wp-content\/uploads\/2022\/06\/th-1-300x169.jpg\" alt=\"\" width=\"300\" height=\"169\" srcset=\"https:\/\/dimensionturistica.com\/es\/wp-content\/uploads\/2022\/06\/th-1-300x169.jpg 300w, https:\/\/dimensionturistica.com\/es\/wp-content\/uploads\/2022\/06\/th-1.jpg 315w\" sizes=\"(max-width: 300px) 100vw, 300px\" \/>El mundo est\u00e1 lleno de cambios hoy en d\u00eda y el mundo del deporte no es una excepci\u00f3n. El Campeonato Mundial UIM de MotoSurf, en reacci\u00f3n a las circunstancias actuales relacionadas con su 2da ronda del Campeonato ubicado en Kaz\u00e1n, Rusia, traslada la segunda parada de la serie al continente americano.<br \/>\nEl fin de semana del 24 al 26 de junio, traer\u00e1 las carreras de las tablas de surf motorizadas m\u00e1s r\u00e1pidas y ligeras del mundo a la magn\u00edfica marina de Puerto Canc\u00fan en M\u00e9xico. La carrera se celebrar\u00e1 en Puerto Canc\u00fan, justo enfrente del maravilloso centro comercial Marina Town Centre. Han pasado un par de a\u00f1os<img decoding=\"async\" class=\"size-full wp-image-338903 alignright\" src=\"https:\/\/dimensionturistica.com\/es\/wp-content\/uploads\/2022\/06\/th-1-1.jpg\" alt=\"\" width=\"284\" height=\"189\" \/> desde que el m\u00e1ximo circuito de tablas de surf motorizadas visit\u00f3 M\u00e9xico.<br \/>\nTraer de vuelta las carreras a M\u00e9xico es una gran noticia para el tr\u00edo de conocidos pilotos mexicanos de la MSWC. La bandera mexicana ser\u00e1 encabezada por Ayrton Eboli &#8211; el favorito de la clase Stock de la temporada y actual l\u00edder del campeonato mundial est\u00e1 listo para portar la bandera de casa en el podio. El joven talento de M\u00e9rida estar\u00e1 acompa\u00f1ado por el piloto local Juan Pablo Urquidi, quien regresa al campeonato. Del lado de las mujeres podremos ver a Alaia Flores quien despu\u00e9s de haber arrancado la temporada con el pie derecho en Jedovnice, Rep\u00fablica Checa, est\u00e1 decidida a subirse al podio, al igual que las artistas mexicanas Estefan\u00eda Ahumada y Andrea Carreiro, quienes planean regresar con todo despu\u00e9s de una temporada alejadas de las competencias.<br \/>\nEl evento espera a todos los pilotos de tablas de surf motorizadas m\u00e1s r\u00e1pidos de todo el mundo. El fin de semana acoger\u00e1 el tradicional formato de competencia; Men Open, Men Stock, Women, Juniors y Electric Challenge.<br \/>\nRam\u00f3n de la Fuente -director de la Plaza de Puerto Canc\u00fan- a\u00f1adi\u00f3: \u00abEs fant\u00e1stico que el Campeonato Mundial venga aqu\u00ed. Estamos asombrados de estas embarcaciones compactas y no podemos esperar a verlas golpear el agua justo frente a la Plaza. Creo que el ambiente ser\u00e1 \u00fanico\u00bb.<br \/>\nViendo un gran potencial en el crecimiento del deporte en M\u00e9xico, el Director<img decoding=\"async\" class=\"size-medium wp-image-338904 alignright\" src=\"https:\/\/dimensionturistica.com\/es\/wp-content\/uploads\/2022\/06\/Motorsurf-World-Cup-2018-300x200.jpg\" alt=\"\" width=\"300\" height=\"200\" srcset=\"https:\/\/dimensionturistica.com\/es\/wp-content\/uploads\/2022\/06\/Motorsurf-World-Cup-2018-300x200.jpg 300w, https:\/\/dimensionturistica.com\/es\/wp-content\/uploads\/2022\/06\/Motorsurf-World-Cup-2018-1024x683.jpg 1024w, https:\/\/dimensionturistica.com\/es\/wp-content\/uploads\/2022\/06\/Motorsurf-World-Cup-2018-768x512.jpg 768w, https:\/\/dimensionturistica.com\/es\/wp-content\/uploads\/2022\/06\/Motorsurf-World-Cup-2018-750x500.jpg 750w, https:\/\/dimensionturistica.com\/es\/wp-content\/uploads\/2022\/06\/Motorsurf-World-Cup-2018-1140x760.jpg 1140w, https:\/\/dimensionturistica.com\/es\/wp-content\/uploads\/2022\/06\/Motorsurf-World-Cup-2018.jpg 1200w\" sizes=\"(max-width: 300px) 100vw, 300px\" \/> del Campeonato Mundial de MotoSurf, Martin Jancalek, coment\u00f3: \u00abEn los \u00faltimos dos a\u00f1os, nos hemos enfrentado a varios retos mundiales. Cualquier desaf\u00edo trae consigo ciertas oportunidades en las que debemos centrarnos. Creo que no podr\u00edamos haber pedido un lugar mejor para sustituir la magn\u00edfica Kazan. Puerto Canc\u00fan es una instalaci\u00f3n maravillosa y estoy orgulloso de que hayamos conseguido asegurar la continuidad del Campeonato en un lugar tan maravilloso. Adem\u00e1s, Alaia, Estefan\u00eda, Andrea y Ayrton con Pablo definitivamente se merecen una carrera en su tierra. Quiero agradecer a la Marina Puerto Canc\u00fan, a todos nuestros socios, a la Federaci\u00f3n Mexicana de Moton\u00e1utica y a la UIM por estar a bordo de este maravilloso proyecto.\u00bb<\/p>\n","protected":false},"excerpt":{"rendered":"<p>El mundo est\u00e1 lleno de cambios hoy en d\u00eda y el mundo del deporte no es una excepci\u00f3n. El Campeonato Mundial UIM de MotoSurf, en reacci\u00f3n a las circunstancias actuales relacionadas con su 2da ronda del Campeonato ubicado en Kaz\u00e1n, Rusia, traslada la segunda parada de la serie al continente americano. El fin de semana [&hellip;]<\/p>\n","protected":false},"author":1,"featured_media":338952,"comment_status":"open","ping_status":"closed","sticky":false,"template":"","format":"standard","meta":{"om_disable_all_campaigns":false,"jnews-multi-image_gallery":[],"jnews_single_post":{"source_name":"","source_url":"","via_name":"","via_url":"","override_template":"0","override":[{"template":"1","single_blog_custom":"","parallax":"1","fullscreen":"1","layout":"right-sidebar","sidebar":"default-sidebar","second_sidebar":"default-sidebar","sticky_sidebar":"1","share_position":"top","share_float_style":"share-monocrhome","show_share_counter":"1","show_view_counter":"1","show_featured":"1","show_post_meta":"1","show_post_author":"1","show_post_author_image":"1","show_post_date":"1","post_date_format":"default","post_date_format_custom":"Y\/m\/d","show_post_category":"1","show_post_reading_time":"0","post_reading_time_wpm":"300","show_zoom_button":"0","zoom_button_out_step":"2","zoom_button_in_step":"3","show_post_tag":"1","show_prev_next_post":"1","show_popup_post":"1","number_popup_post":"1","show_author_box":"0","show_post_related":"0","show_inline_post_related":"0"}],"override_image_size":"0","image_override":[{"single_post_thumbnail_size":"crop-500","single_post_gallery_size":"crop-500"}],"trending_post":"0","trending_post_position":"meta","trending_post_label":"Trending","sponsored_post":"0","sponsored_post_label":"Sponsored by","sponsored_post_name":"","sponsored_post_url":"","sponsored_post_logo_enable":"0","sponsored_post_logo":"","sponsored_post_desc":"","disable_ad":"0"},"jnews_primary_category":{"id":""},"jnews_social_meta":{"fb_title":"","fb_description":"","fb_image":"","twitter_title":"","twitter_description":"","twitter_image":""},"footnotes":""},"categories":[40],"tags":[],"class_list":["post-338886","post","type-post","status-publish","format-standard","has-post-thumbnail","hentry","category-industria"],"_links":{"self":[{"href":"https:\/\/dimensionturistica.com\/es\/wp-json\/wp\/v2\/posts\/338886","targetHints":{"allow":["GET"]}}],"collection":[{"href":"https:\/\/dimensionturistica.com\/es\/wp-json\/wp\/v2\/posts"}],"about":[{"href":"https:\/\/dimensionturistica.com\/es\/wp-json\/wp\/v2\/types\/post"}],"author":[{"embeddable":true,"href":"https:\/\/dimensionturistica.com\/es\/wp-json\/wp\/v2\/users\/1"}],"replies":[{"embeddable":true,"href":"https:\/\/dimensionturistica.com\/es\/wp-json\/wp\/v2\/comments?post=338886"}],"version-history":[{"count":0,"href":"https:\/\/dimensionturistica.com\/es\/wp-json\/wp\/v2\/posts\/338886\/revisions"}],"wp:featuredmedia":[{"embeddable":true,"href":"https:\/\/dimensionturistica.com\/es\/wp-json\/wp\/v2\/media\/338952"}],"wp:attachment":[{"href":"https:\/\/dimensionturistica.com\/es\/wp-json\/wp\/v2\/media?parent=338886"}],"wp:term":[{"taxonomy":"category","embeddable":true,"href":"https:\/\/dimensionturistica.com\/es\/wp-json\/wp\/v2\/categories?post=338886"},{"taxonomy":"post_tag","embeddable":true,"href":"https:\/\/dimensionturistica.com\/es\/wp-json\/wp\/v2\/tags?post=338886"}],"curies":[{"name":"wp","href":"https:\/\/api.w.org\/{rel}","templated":true}]}}