{"id":338821,"date":"2022-06-24T14:02:51","date_gmt":"2022-06-24T14:02:51","guid":{"rendered":"https:\/\/dimensionturistica.com\/es\/?p=338821"},"modified":"2022-06-24T14:11:09","modified_gmt":"2022-06-24T14:11:09","slug":"toro-y-el-huerto-roma-organizan-diversx-fest","status":"publish","type":"post","link":"https:\/\/dimensionturistica.com\/es\/toro-y-el-huerto-roma-organizan-diversx-fest\/","title":{"rendered":"Toro y El Huerto Roma, organizan Diversx Fest"},"content":{"rendered":"<p><img decoding=\"async\" class=\"size-medium wp-image-338814 alignright\" src=\"https:\/\/dimensionturistica.com\/es\/wp-content\/uploads\/2022\/06\/TOROSDRE-300x300.png\" alt=\"\" width=\"300\" height=\"300\" srcset=\"https:\/\/dimensionturistica.com\/es\/wp-content\/uploads\/2022\/06\/TOROSDRE-300x300.png 300w, https:\/\/dimensionturistica.com\/es\/wp-content\/uploads\/2022\/06\/TOROSDRE-150x150.png 150w, https:\/\/dimensionturistica.com\/es\/wp-content\/uploads\/2022\/06\/TOROSDRE-75x75.png 75w, https:\/\/dimensionturistica.com\/es\/wp-content\/uploads\/2022\/06\/TOROSDRE-350x350.png 350w, https:\/\/dimensionturistica.com\/es\/wp-content\/uploads\/2022\/06\/TOROSDRE.png 602w\" sizes=\"(max-width: 300px) 100vw, 300px\" \/>El 29 de junio de 1979 se celebr\u00f3 la primera marcha por los derechos de la comunidad LGBTIAQ+ en M\u00e9xico. La marcha tuvo lugar en la Ciudad de M\u00e9xico y a\u00f1o con a\u00f1o fue sumando asistentes a sus filas. La lucha por la igualdad ha sido una realidad paralela que ha culminado en distintos triunfos, entre ellos la aprobaci\u00f3n del matrimonio igualitario en la CDMX en el a\u00f1o 2009. A trece a\u00f1os de esta fecha han sucedido muchas cosas, entre ellas una pandemia que nos dej\u00f3 sin marcha del orgullo durante dos a\u00f1os. A pesar de ello, este 2022 le damos con todo y volvemos a hacernos de las calles. Aqu\u00ed te contamos todo lo que debes saber sobre el PRIDE 2022.<br \/>\nEste 25 de julio en el marco del Festival de la Diversidad, DiverXXX Fest, del Huerto Roma Verde, TORO festeja su segundo aniversario y presenta su colecci\u00f3n \u201chistoria de un amor\u201d. La colecci\u00f3n se presenta por primera vez en la CDMX.<br \/>\nTORO es integrante de Fashion Group International CDMX y en 2022 es la \u00fanica marca \u201cdiversa\u201d para \u201chombres\u201d, elegida para tener exposici\u00f3n con Fashion Show INTERMODA; seleccionada por un equipo curatorial liderado por Ana Fussoni.<br \/>\nTORO presenta \u201cHistoria de un amor\u201d, su m\u00e1s reciente colecci\u00f3n en DiverXXX\u00a0Fest, del Huerto Roma Verde, este 25 de junio. Se trata de una propuesta monocrom\u00e1tica con los 7 colores del arcoiris caracter\u00edsticos de TORO, con pantones te\u00f1idos especialmente para la marca en 97% algod\u00f3n 3% spandex con textiles mexicanos, el\u00e1stico exclusivo en relieve 3D y toro confeccionado en M\u00e9xico. Adem\u00e1s de los trajes de ba\u00f1o con 70% nylon reciclado de otras fibras, TORO presenta su l\u00ednea Xunga; trajes de ba\u00f1o<img decoding=\"async\" class=\"size-medium wp-image-338538 alignright\" src=\"https:\/\/dimensionturistica.com\/es\/wp-content\/uploads\/2022\/06\/CARTELMACHACA-241x300.jpg\" alt=\"\" width=\"241\" height=\"300\" srcset=\"https:\/\/dimensionturistica.com\/es\/wp-content\/uploads\/2022\/06\/CARTELMACHACA-241x300.jpg 241w, https:\/\/dimensionturistica.com\/es\/wp-content\/uploads\/2022\/06\/CARTELMACHACA.jpg 567w\" sizes=\"(max-width: 241px) 100vw, 241px\" \/> inspirados en la sunga brasile\u00f1a, reinterpretada por la creatividad de TORO. Tambi\u00e9n se presenta las croptop y tank tops, con dise\u00f1os cl\u00e1sicos e innovadores; y la l\u00ednea de shorts multiusos, con textiles water proof.<br \/>\nEn su nueva campa\u00f1a, TORO presenta sus Bor\u00e1n Boxer con un hombre trans. Abriendo una propuesta incluyente para TOROS.<br \/>\nTORO es experiencia audiovisual y suma m\u00e1s de 40 campa\u00f1as en estos casi dos a\u00f1os que lleva en el mercado. La m\u00fasica es exclusiva para la marca y la creaci\u00f3n visual va por cuenta del Director Creativo Ricardo Encinas. Seg\u00fan elcanal E! Entertainment TORO es una de las 3 marcas de moda para hombre m\u00e1s propositivas del a\u00f1o, que debes conocer. Es la nueva marca mexicana que ha llegado para darlo TORO.<br \/>\nTe invitamos a sumarte a la familia TORO.<br \/>\nDiverxxx Fest<br \/>\nFestival de DIversidad en Huerto Roma Verde<br \/>\nHuerto Roma Verde y TORO INVITAN<br \/>\nVen a vivir y experimentar la diversidad sexual en conexi\u00f3n con la Tierra, para celebrar el alma y el cuerpo.<img decoding=\"async\" class=\"size-full wp-image-338834 alignright\" src=\"https:\/\/dimensionturistica.com\/es\/wp-content\/uploads\/2022\/06\/MARCHA.jpg\" alt=\"\" width=\"301\" height=\"201\" \/><br \/>\nParticipa de experiencias diversas y creativas para que descubras nuevas formas de conectar contigo y con tu sexualidad.<br \/>\nAdem\u00e1s disfruta de comidas y bebidas afrodisiacas mientras recorres el bazar de expositores.<br \/>\nS\u00e1bado 25<br \/>\nTe llevamos del Huerto Roma Verde (Roma Sur) a la Marcha. Salidas: 10am, 11am, 12pm<br \/>\nY te traemos de regreso de la Marcha al Huerto ROma Verde (Roma Sur) Regresos: 2pm, 3pm, 5pm, 5pm.<br \/>\nDisfruta toda la experiencia sin complicarte, adquiriendo boletos para nuestro transporte oficial.<br \/>\nDisfruta del festival donde habr\u00e1 actividades en el d\u00eda, durante y despu\u00e9s de la marcha.<br \/>\nA las 6pm, en la bamb\u00fadesica del Huerto Roma Verde, se presenta en un fashion show la m\u00e1s reciente colecci\u00f3n de TORO &#8221; Historia de un amor &#8220;, en la cual caminaran las nuevas piezas de swimwear xunga, los coloridos croptops y los el\u00e1sticos en relieve te\u00f1idos en colores originales de TORO.<br \/>\nAl finalizar, a las 7pm comienza el TORO PRIDE UNDERWEAR PRE-PARTY con DJ sets de Liturri y Vivran hasta la medianoche.<br \/>\nDomingo 26<br \/>\nUn d\u00eda lleno de diversidad, hosteado por Andr\u00f3meda Blunt y con invitades muy especiales como Karime Pindter, Colu Diaz, Tadeo Melgoza y M\u00e1ximo Calatayud.<br \/>\nVen a disfrutar de t\u00e9cnicas er\u00f3ticas como shibari; experiencias afrodis\u00edacas y el tianguis de expositores de comidas y bebidas sensuales.<br \/>\nA las 7pm presentamos concierto #conTORO, un show en vivo de Jass Reyes (estreno de su sencillo VIAJE) y el show de Andr\u00f3meda Blunt, con la apertura de Mahim, en la Bambud\u00e9sica del Huerto Roma Verde.<br \/>\nAdquiere los siguientes tipos de boleto:<br \/>\na) SunGay#conTORO:AccesoaConciertodeJassReyes(domingo26,7pm)<br \/>\nb) ToroPrideUnderWearPre-Party:AccesoalafiestadeTORO(s\u00e1bado25,de7a<br \/>\n12 de la noche)<br \/>\nc) DiverxXX Weekend: Acceso a Fiesta Toro (s\u00e1bado 25) y Ellxs (domingo 26)<br \/>\nd) TransporteDiverXXX:TransporteHuerto-MarchayMarcha-Huerto.<br \/>\ne) ElaccesoalHuertoesconDonaci\u00f3nAmorosaConsciente(s\u00e1badoydomingode<br \/>\n11am a 6pm). Boletos aqui: (clic)<br \/>\nhttps:\/\/toro-pride-2022.boletia.com\/<br \/>\nPROGRAMA<br \/>\nS\u00e1bado 25 de junio<br \/>\nVen a festejar, una pre-party y TORO Fashion Show.<br \/>\n10:00 Sale primera Van hacia la marcha* \/ Huerto Roma Verde &#8211; Marcha del Orgullo 2022**<br \/>\n11:00 Inicia Festival DiverXXX. Sale la segunda Van hacia la marcha*<br \/>\n11:00 Disfruta de Comida y Bebida afrodis\u00edaca y sensual en el Huerto Roma Verde. 12:00. Sale la tercera Van hacia la marcha*<br \/>\n13:00 &#8211; 17:00 Que inicie la pre-fiesta. Disfruta de Comida y Bebida afrodis\u00edaca y sensual en el Huerto Roma Verde.<br \/>\n14:00 Primer regreso de la marcha al Huerto Roma Verde*** \/ Centro &#8211; Huerto Roma Verde<br \/>\n15:00 Segundo regreso al Huerto Roma Verde*** \/ Centro &#8211; Huerto Roma Verde 16:00 Tercer regreso de la marcha al Huerto Roma Verde*** \/ Centro &#8211; Huerto Roma Verde<br \/>\n17:00 CUarto regreso de la marcha al Huerto Roma Verde*** \/ Centro &#8211; Huerto Roma Verde<br \/>\n18:00 TORO FASHION SHOW<br \/>\n19:00 a 23:59 PRE-PARTY UNDERWEAR TORO DarkRoom (horarios especiales)<br \/>\nDomingo 26<br \/>\nSunGAY #conTORO<br \/>\nVen a disfrutar de un d\u00eda lleno de diversidad. Concierto Jass Reyes<br \/>\n11:00 a 19:00 Disfruta de Comida y Bebida afrodis\u00edaca y sensual en el Huerto Roma Verde.<br \/>\n14:00 a 19:00 M\u00fasica en Vivo DJ Set<br \/>\nLiturri<br \/>\nMufaka<br \/>\nVivran<br \/>\nLa hija de la luna<br \/>\n19:00 Concierto #conTORO Jass Reyes<br \/>\nSe presenta por primera vez en la CDMX con su proyecto solista.<br \/>\nComparte su sencillo VIAJE<br \/>\nAndr\u00f3meda Blunt<br \/>\nNos sorprende con su energ\u00eda y su espect\u00e1culo esc\u00e9nico.<br \/>\nMahin.<br \/>\nUn portal sensorial de m\u00fasica electr\u00f3nica.<br \/>\n22:00 Happy ending<br \/>\nBrinda con nosotros por un a\u00f1o m\u00e1s de diversida<br \/>\nResponsable de comunicaci\u00f3n: Dr. Pablo King (5534178044)<\/p>\n","protected":false},"excerpt":{"rendered":"<p>El 29 de junio de 1979 se celebr\u00f3 la primera marcha por los derechos de la comunidad LGBTIAQ+ en M\u00e9xico. La marcha tuvo lugar en la Ciudad de M\u00e9xico y a\u00f1o con a\u00f1o fue sumando asistentes a sus filas. La lucha por la igualdad ha sido una realidad paralela que ha culminado en distintos triunfos, [&hellip;]<\/p>\n","protected":false},"author":1,"featured_media":338833,"comment_status":"open","ping_status":"closed","sticky":false,"template":"","format":"standard","meta":{"om_disable_all_campaigns":false,"jnews-multi-image_gallery":[],"jnews_single_post":{"source_name":"","source_url":"","via_name":"","via_url":"","override_template":"0","override":[{"template":"1","single_blog_custom":"","parallax":"1","fullscreen":"1","layout":"right-sidebar","sidebar":"default-sidebar","second_sidebar":"default-sidebar","sticky_sidebar":"1","share_position":"top","share_float_style":"share-monocrhome","show_share_counter":"1","show_view_counter":"1","show_featured":"1","show_post_meta":"1","show_post_author":"1","show_post_author_image":"1","show_post_date":"1","post_date_format":"default","post_date_format_custom":"Y\/m\/d","show_post_category":"1","show_post_reading_time":"0","post_reading_time_wpm":"300","show_zoom_button":"0","zoom_button_out_step":"2","zoom_button_in_step":"3","show_post_tag":"1","show_prev_next_post":"1","show_popup_post":"1","number_popup_post":"1","show_author_box":"0","show_post_related":"0","show_inline_post_related":"0"}],"override_image_size":"0","image_override":[{"single_post_thumbnail_size":"crop-500","single_post_gallery_size":"crop-500"}],"trending_post":"0","trending_post_position":"meta","trending_post_label":"Trending","sponsored_post":"0","sponsored_post_label":"Sponsored by","sponsored_post_name":"","sponsored_post_url":"","sponsored_post_logo_enable":"0","sponsored_post_logo":"","sponsored_post_desc":"","disable_ad":"0"},"jnews_primary_category":{"id":""},"jnews_social_meta":{"fb_title":"","fb_description":"","fb_image":"","twitter_title":"","twitter_description":"","twitter_image":""},"footnotes":""},"categories":[43],"tags":[],"class_list":["post-338821","post","type-post","status-publish","format-standard","has-post-thumbnail","hentry","category-gourmet"],"_links":{"self":[{"href":"https:\/\/dimensionturistica.com\/es\/wp-json\/wp\/v2\/posts\/338821","targetHints":{"allow":["GET"]}}],"collection":[{"href":"https:\/\/dimensionturistica.com\/es\/wp-json\/wp\/v2\/posts"}],"about":[{"href":"https:\/\/dimensionturistica.com\/es\/wp-json\/wp\/v2\/types\/post"}],"author":[{"embeddable":true,"href":"https:\/\/dimensionturistica.com\/es\/wp-json\/wp\/v2\/users\/1"}],"replies":[{"embeddable":true,"href":"https:\/\/dimensionturistica.com\/es\/wp-json\/wp\/v2\/comments?post=338821"}],"version-history":[{"count":0,"href":"https:\/\/dimensionturistica.com\/es\/wp-json\/wp\/v2\/posts\/338821\/revisions"}],"wp:featuredmedia":[{"embeddable":true,"href":"https:\/\/dimensionturistica.com\/es\/wp-json\/wp\/v2\/media\/338833"}],"wp:attachment":[{"href":"https:\/\/dimensionturistica.com\/es\/wp-json\/wp\/v2\/media?parent=338821"}],"wp:term":[{"taxonomy":"category","embeddable":true,"href":"https:\/\/dimensionturistica.com\/es\/wp-json\/wp\/v2\/categories?post=338821"},{"taxonomy":"post_tag","embeddable":true,"href":"https:\/\/dimensionturistica.com\/es\/wp-json\/wp\/v2\/tags?post=338821"}],"curies":[{"name":"wp","href":"https:\/\/api.w.org\/{rel}","templated":true}]}}