{"id":338810,"date":"2022-06-24T13:39:05","date_gmt":"2022-06-24T13:39:05","guid":{"rendered":"https:\/\/dimensionturistica.com\/es\/?p=338810"},"modified":"2022-06-24T13:39:06","modified_gmt":"2022-06-24T13:39:06","slug":"turoperador-canadiense-hola-sun-retoma-viajes-a-cuba","status":"publish","type":"post","link":"https:\/\/dimensionturistica.com\/es\/turoperador-canadiense-hola-sun-retoma-viajes-a-cuba\/","title":{"rendered":"Turoperador canadiense Hola Sun retoma viajes a Cuba"},"content":{"rendered":"<p> <br \/>\n<\/p>\n<div property=\"schema:text\">\n<p><span><span><span>El retorno de las operaciones del turoperador canadiense <strong>Hola Solar\/Caribe Sol <\/strong>hacia Cuba, en colaboraci\u00f3n con la <strong>aerol\u00ednea OWG<\/strong>, fue anunciado este jueves.<\/span><\/span><\/span><\/p>\n<p><span><span><span>El reporte indica que la ciudad de Holgu\u00edn recibir\u00e1 los primeros vuelos el pr\u00f3ximo 30 de junio, el 1 de julio llegar\u00e1n a la central Santa Clara, el 2 de julio al balneario de Varadero, y el 3 de julio a Cayo Coco.<\/span><\/span><\/span><\/p>\n<p><span><span><span>Para esas fechas est\u00e1n programados dos vuelos a cada destino, uno con origen en Toronto y el otro en Montreal. Esto se repetir\u00e1 de jueves a domingo, cada semana, hasta el 31 de octubre, fecha en que inicia la temporada oto\u00f1o-invierno.<\/span><\/span><\/span><\/p>\n<p><span><span><span>En la promoci\u00f3n del inicio de los vuelos, la aerol\u00ednea destaca los servicios excepcionales que ofrece a los pasajeros, entre ellos los de Clase selecta, as\u00ed como la modernizada cabina para la m\u00e1xima comodidad de los viajeros.<\/span><\/span><\/span><\/p>\n<p><span><span><span>A principios de junio, el ministro cubano de Turismo, Juan Carlos Garc\u00eda Granda, realiz\u00f3 <a rel=\"nofollow noopener\" target=\"_blank\" href=\"https:\/\/www.excelenciascuba.com\/cuba-en-el-mundo\/ministro-de-turismo-de-cuba-realiza-visita-de-trabajo-canada\">una visita de trabajo a Canad\u00e1<\/a>, donde sostuvo encuentros con empresarios, as\u00ed como con los principales directivos de agencias de turoperadores y l\u00edneas a\u00e9reas.<\/span><\/span><\/span><\/p>\n<p><span><span><span>El recorrido, que comprendi\u00f3 las ciudades de Quebec, Montreal y Ottawa, tuvo como objetivo realzar los negocios con el principal emisor de turistas a Cuba.<\/span><\/span><\/span><\/p>\n<p>\u00a0<\/p>\n<\/div>\n\n<p><em> &#8221; Fuentes www.excelenciascuba.com &#8221; <\/em><\/p>\n","protected":false},"excerpt":{"rendered":"<p>El retorno de las operaciones del turoperador canadiense Hola Solar\/Caribe Sol hacia Cuba, en colaboraci\u00f3n con la aerol\u00ednea OWG, fue anunciado este jueves. El reporte indica que la ciudad de Holgu\u00edn recibir\u00e1 los primeros vuelos el pr\u00f3ximo 30 de junio, el 1 de julio llegar\u00e1n a la central Santa Clara, el 2 de julio al [&hellip;]<\/p>\n","protected":false},"author":4,"featured_media":0,"comment_status":"open","ping_status":"closed","sticky":false,"template":"","format":"standard","meta":{"om_disable_all_campaigns":false,"jnews-multi-image_gallery":[],"jnews_single_post":[],"jnews_primary_category":[],"jnews_social_meta":[],"footnotes":""},"categories":[39],"tags":[72,956,47932,705,47885,3166,544,4056],"class_list":["post-338810","post","type-post","status-publish","format-standard","hentry","category-viajes","tag-canada","tag-cuba","tag-hola-sun-caribe-sol","tag-noticias","tag-owg","tag-trabajo","tag-turismo","tag-visita"],"_links":{"self":[{"href":"https:\/\/dimensionturistica.com\/es\/wp-json\/wp\/v2\/posts\/338810","targetHints":{"allow":["GET"]}}],"collection":[{"href":"https:\/\/dimensionturistica.com\/es\/wp-json\/wp\/v2\/posts"}],"about":[{"href":"https:\/\/dimensionturistica.com\/es\/wp-json\/wp\/v2\/types\/post"}],"author":[{"embeddable":true,"href":"https:\/\/dimensionturistica.com\/es\/wp-json\/wp\/v2\/users\/4"}],"replies":[{"embeddable":true,"href":"https:\/\/dimensionturistica.com\/es\/wp-json\/wp\/v2\/comments?post=338810"}],"version-history":[{"count":0,"href":"https:\/\/dimensionturistica.com\/es\/wp-json\/wp\/v2\/posts\/338810\/revisions"}],"wp:attachment":[{"href":"https:\/\/dimensionturistica.com\/es\/wp-json\/wp\/v2\/media?parent=338810"}],"wp:term":[{"taxonomy":"category","embeddable":true,"href":"https:\/\/dimensionturistica.com\/es\/wp-json\/wp\/v2\/categories?post=338810"},{"taxonomy":"post_tag","embeddable":true,"href":"https:\/\/dimensionturistica.com\/es\/wp-json\/wp\/v2\/tags?post=338810"}],"curies":[{"name":"wp","href":"https:\/\/api.w.org\/{rel}","templated":true}]}}