{"id":338478,"date":"2022-06-23T20:01:20","date_gmt":"2022-06-23T20:01:20","guid":{"rendered":"https:\/\/dimensionturistica.com\/es\/?p=338478"},"modified":"2022-06-23T20:01:21","modified_gmt":"2022-06-23T20:01:21","slug":"turismo-de-naturaleza-de-cuba-resaltara-en-evento-internacional-fotos","status":"publish","type":"post","link":"https:\/\/dimensionturistica.com\/es\/turismo-de-naturaleza-de-cuba-resaltara-en-evento-internacional-fotos\/","title":{"rendered":"Turismo de naturaleza de Cuba resaltar\u00e1 en evento internacional (+Fotos)"},"content":{"rendered":"<p> <br \/>\n<\/p>\n<div>\n<p>Durante una conferencia de prensa en el Sal\u00f3n Vedado del Resort Nacional de Cuba, Longino resalt\u00f3 esta reuni\u00f3n como de amplia relevancia, a la que posiblemente asistan m\u00e1s de 200 especialistas en esta modalidad recreativa.<\/p>\n<p><img decoding=\"async\" class=\"alignnone size-full wp-image-268982\" src=\"data:image\/svg+xml,%3Csvg%20xmlns=\" http:=\"\" alt=\"conf.prensa\" width=\"720\" height=\"480\" data-lazy-srcset=\"https:\/\/www.prensa-latina.cu\/wp-content\/uploads\/2022\/06\/conf.prensa.jpg 720w, https:\/\/www.prensa-latina.cu\/wp-content\/uploads\/2022\/06\/conf.prensa-300x200.jpg 300w, https:\/\/www.prensa-latina.cu\/wp-content\/uploads\/2022\/06\/conf.prensa-150x100.jpg 150w\" data-lazy-sizes=\"(max-width: 720px) 100vw, 720px\" data-lazy-src=\"https:\/\/www.prensa-latina.cu\/wp-content\/uploads\/2022\/06\/conf.prensa.jpg\"\/><noscript><img decoding=\"async\" class=\"alignnone size-full wp-image-268982\" src=\"https:\/\/www.prensa-latina.cu\/wp-content\/uploads\/2022\/06\/conf.prensa.jpg\" alt=\"conf.prensa\" width=\"720\" height=\"480\" srcset=\"https:\/\/www.prensa-latina.cu\/wp-content\/uploads\/2022\/06\/conf.prensa.jpg 720w, https:\/\/www.prensa-latina.cu\/wp-content\/uploads\/2022\/06\/conf.prensa-300x200.jpg 300w, https:\/\/www.prensa-latina.cu\/wp-content\/uploads\/2022\/06\/conf.prensa-150x100.jpg 150w\" sizes=\"(max-width: 720px) 100vw, 720px\"\/><\/noscript><\/p>\n<p>Signific\u00f3 que la convocatoria apunta a los viajes de naturaleza, aventuras y rurales, en lo que este pa\u00eds ya adquiri\u00f3 cierta notoriedad y experiencia de sus promotores.<\/p>\n<p><img decoding=\"async\" class=\"aligncenter wp-image-268983 size-full\" src=\"data:image\/svg+xml,%3Csvg%20xmlns=\" http:=\"\" alt=\"Longino-II\" width=\"320\" height=\"480\" data-lazy-srcset=\"https:\/\/www.prensa-latina.cu\/wp-content\/uploads\/2022\/06\/Longino-II.jpg 320w, https:\/\/www.prensa-latina.cu\/wp-content\/uploads\/2022\/06\/Longino-II-200x300.jpg 200w, https:\/\/www.prensa-latina.cu\/wp-content\/uploads\/2022\/06\/Longino-II-100x150.jpg 100w\" data-lazy-sizes=\"(max-width: 320px) 100vw, 320px\" data-lazy-src=\"https:\/\/www.prensa-latina.cu\/wp-content\/uploads\/2022\/06\/Longino-II.jpg\"\/><noscript><img decoding=\"async\" class=\"aligncenter wp-image-268983 size-full\" src=\"https:\/\/www.prensa-latina.cu\/wp-content\/uploads\/2022\/06\/Longino-II.jpg\" alt=\"Longino-II\" width=\"320\" height=\"480\" srcset=\"https:\/\/www.prensa-latina.cu\/wp-content\/uploads\/2022\/06\/Longino-II.jpg 320w, https:\/\/www.prensa-latina.cu\/wp-content\/uploads\/2022\/06\/Longino-II-200x300.jpg 200w, https:\/\/www.prensa-latina.cu\/wp-content\/uploads\/2022\/06\/Longino-II-100x150.jpg 100w\" sizes=\"(max-width: 320px) 100vw, 320px\"\/><\/noscript><\/p>\n<p>Record\u00f3 que desde el a\u00f1o 2000 comenzaron este tipo de encuentro en la occidental provincia de Pinar del R\u00edo, con sedes distintas cada a\u00f1o al principio, y cada dos en la actualidad (le sigui\u00f3 al evento inaugural 2002 con sede en la regi\u00f3n central de Cienfuegos).<\/p>\n<p><img decoding=\"async\" class=\"alignnone size-full wp-image-268985\" src=\"data:image\/svg+xml,%3Csvg%20xmlns=\" http:=\"\" alt=\"Longino-III\" width=\"1152\" height=\"768\" data-lazy-srcset=\"https:\/\/www.prensa-latina.cu\/wp-content\/uploads\/2022\/06\/Longino-III.jpg 1152w, https:\/\/www.prensa-latina.cu\/wp-content\/uploads\/2022\/06\/Longino-III-300x200.jpg 300w, https:\/\/www.prensa-latina.cu\/wp-content\/uploads\/2022\/06\/Longino-III-1024x683.jpg 1024w, https:\/\/www.prensa-latina.cu\/wp-content\/uploads\/2022\/06\/Longino-III-150x100.jpg 150w, https:\/\/www.prensa-latina.cu\/wp-content\/uploads\/2022\/06\/Longino-III-768x512.jpg 768w\" data-lazy-sizes=\"(max-width: 1152px) 100vw, 1152px\" data-lazy-src=\"https:\/\/www.prensa-latina.cu\/wp-content\/uploads\/2022\/06\/Longino-III.jpg\"\/><noscript><img decoding=\"async\" class=\"alignnone size-full wp-image-268985\" src=\"https:\/\/www.prensa-latina.cu\/wp-content\/uploads\/2022\/06\/Longino-III.jpg\" alt=\"Longino-III\" width=\"1152\" height=\"768\" srcset=\"https:\/\/www.prensa-latina.cu\/wp-content\/uploads\/2022\/06\/Longino-III.jpg 1152w, https:\/\/www.prensa-latina.cu\/wp-content\/uploads\/2022\/06\/Longino-III-300x200.jpg 300w, https:\/\/www.prensa-latina.cu\/wp-content\/uploads\/2022\/06\/Longino-III-1024x683.jpg 1024w, https:\/\/www.prensa-latina.cu\/wp-content\/uploads\/2022\/06\/Longino-III-150x100.jpg 150w, https:\/\/www.prensa-latina.cu\/wp-content\/uploads\/2022\/06\/Longino-III-768x512.jpg 768w\" sizes=\"(max-width: 1152px) 100vw, 1152px\"\/><\/noscript><\/p>\n<p>En 2003 ocurri\u00f3 el encuentro en Granma, y persiguieron Sancti Sp\u00edritus (2004), Pinar del R\u00edo (2005), Guant\u00e1namo (2006-2007), Ci\u00e9naga de Zapata (2009), Villa Clara-Sancti Sp\u00edritu (2011), Pinar nuevamente (2015), Oriente Norte (2017), y Centro-Sur en 2019.<\/p>\n<p>Para la versi\u00f3n de este a\u00f1o, est\u00e1 reservada la regi\u00f3n occidental (La Habana, Artemisa, Mayabeque, Pinar del Rio e Isla de la Juventud) con la organizaci\u00f3n de 12 grupos integrado cada uno por un promedio de 18 personas.<\/p>\n<p>En esos grupos se atender\u00e1 senderismo, cabalgata, deportes a\u00e9reos, ciclo turismo, observaci\u00f3n de aves, buceo, kayak, n\u00e1utica, fincas campesinas, motociclismo, pesca y turismo accesible.<\/p>\n<p>Para garantizar la cita participan 62 proveedores, distribuidos desde las provincias incluidas como escenarios y territorios.<\/p>\n<p>Este evento apunta a demostrar las potencialidades de naturaleza de Cuba, sobre todo para ilustrar a los especialistas, turoperadores, agentes de viajes, comerciales y otros encargados de tales formas de vacacionar.<\/p>\n<p>El Turnat, siempre se organiza con un d\u00eda de presentaciones te\u00f3ricas y charlas, mientras los restantes se dedican en la pr\u00e1ctica al conocimiento en el lugar de espacios favorables para tales pr\u00e1cticas.<\/p>\n<p>Como tema de inicio aparece un coloquio de turismo rural en la Universidad Agraria de Cuba, en la provincia de Mayabeque.<\/p>\n<p>Como expertos, est\u00e1n programadas las intervenciones de la costarricense Ana B\u00e1ez, y la mexicana Claudia Peralta (San Luis de Potos\u00ed).<\/p>\n<p>Otro de los temas presentes en la cartera de la reuni\u00f3n es el v\u00ednculo con los sistemas m\u00e9dicos cubanos para el turismo de calidad, y el de accesibilidad para facilitar a personas con discapacidades de diferentes tipos una recreaci\u00f3n pure.<\/p>\n<p>Como novedad en esta ocasi\u00f3n organizan Pos-tour del 25 al 28 de septiembre para los participantes en Turnat interesados en permanecer m\u00e1s d\u00edas en este pa\u00eds, y conocer otros lugares de naturaleza.<\/p>\n<p>mv\/rfc<\/p>\n<\/p><\/div>\n\n<p><em> &#8221; Fuentes www.prensa-latina.cu &#8221; <\/em><\/p>\n","protected":false},"excerpt":{"rendered":"<p>Durante una conferencia de prensa en el Sal\u00f3n Vedado del Resort Nacional de Cuba, Longino resalt\u00f3 esta reuni\u00f3n como de amplia relevancia, a la que posiblemente asistan m\u00e1s de 200 especialistas en esta modalidad recreativa. Signific\u00f3 que la convocatoria apunta a los viajes de naturaleza, aventuras y rurales, en lo que este pa\u00eds ya adquiri\u00f3 [&hellip;]<\/p>\n","protected":false},"author":4,"featured_media":338479,"comment_status":"open","ping_status":"closed","sticky":false,"template":"","format":"standard","meta":{"om_disable_all_campaigns":false,"jnews-multi-image_gallery":[],"jnews_single_post":[],"jnews_primary_category":[],"jnews_social_meta":[],"footnotes":""},"categories":[40],"tags":[715,35201,544],"class_list":["post-338478","post","type-post","status-publish","format-standard","has-post-thumbnail","hentry","category-industria","tag-economia","tag-nota-informativa","tag-turismo"],"_links":{"self":[{"href":"https:\/\/dimensionturistica.com\/es\/wp-json\/wp\/v2\/posts\/338478","targetHints":{"allow":["GET"]}}],"collection":[{"href":"https:\/\/dimensionturistica.com\/es\/wp-json\/wp\/v2\/posts"}],"about":[{"href":"https:\/\/dimensionturistica.com\/es\/wp-json\/wp\/v2\/types\/post"}],"author":[{"embeddable":true,"href":"https:\/\/dimensionturistica.com\/es\/wp-json\/wp\/v2\/users\/4"}],"replies":[{"embeddable":true,"href":"https:\/\/dimensionturistica.com\/es\/wp-json\/wp\/v2\/comments?post=338478"}],"version-history":[{"count":0,"href":"https:\/\/dimensionturistica.com\/es\/wp-json\/wp\/v2\/posts\/338478\/revisions"}],"wp:featuredmedia":[{"embeddable":true,"href":"https:\/\/dimensionturistica.com\/es\/wp-json\/wp\/v2\/media\/338479"}],"wp:attachment":[{"href":"https:\/\/dimensionturistica.com\/es\/wp-json\/wp\/v2\/media?parent=338478"}],"wp:term":[{"taxonomy":"category","embeddable":true,"href":"https:\/\/dimensionturistica.com\/es\/wp-json\/wp\/v2\/categories?post=338478"},{"taxonomy":"post_tag","embeddable":true,"href":"https:\/\/dimensionturistica.com\/es\/wp-json\/wp\/v2\/tags?post=338478"}],"curies":[{"name":"wp","href":"https:\/\/api.w.org\/{rel}","templated":true}]}}