{"id":338399,"date":"2022-06-23T18:14:06","date_gmt":"2022-06-23T18:14:06","guid":{"rendered":"https:\/\/dimensionturistica.com\/es\/?p=338399"},"modified":"2022-06-23T18:14:06","modified_gmt":"2022-06-23T18:14:06","slug":"el-trabajo-interinstitucional-es-clave-en-el-desarrollo-de-la-actividad-turistica-miguel-torruco","status":"publish","type":"post","link":"https:\/\/dimensionturistica.com\/es\/el-trabajo-interinstitucional-es-clave-en-el-desarrollo-de-la-actividad-turistica-miguel-torruco\/","title":{"rendered":"El Trabajo interinstitucional es clave en el desarrollo de la actividad tur\u00edstica: Miguel Torruco"},"content":{"rendered":"<p><img decoding=\"async\" class=\"size-medium wp-image-338407 alignright\" src=\"https:\/\/dimensionturistica.com\/es\/wp-content\/uploads\/2022\/06\/2a.-Sesion-Ordinaria-2022-del-Comite-Tecnico-del-Fonatur-1-300x200.jpeg\" alt=\"\" width=\"300\" height=\"200\" srcset=\"https:\/\/dimensionturistica.com\/es\/wp-content\/uploads\/2022\/06\/2a.-Sesion-Ordinaria-2022-del-Comite-Tecnico-del-Fonatur-1-300x200.jpeg 300w, https:\/\/dimensionturistica.com\/es\/wp-content\/uploads\/2022\/06\/2a.-Sesion-Ordinaria-2022-del-Comite-Tecnico-del-Fonatur-1-768x512.jpeg 768w, https:\/\/dimensionturistica.com\/es\/wp-content\/uploads\/2022\/06\/2a.-Sesion-Ordinaria-2022-del-Comite-Tecnico-del-Fonatur-1-750x500.jpeg 750w, https:\/\/dimensionturistica.com\/es\/wp-content\/uploads\/2022\/06\/2a.-Sesion-Ordinaria-2022-del-Comite-Tecnico-del-Fonatur-1.jpeg 1024w\" sizes=\"(max-width: 300px) 100vw, 300px\" \/>El secretario de Turismo del Gobierno de M\u00e9xico, Miguel Torruco Marqu\u00e9s, destac\u00f3 que el trabajo colaborativo entre las diferentes instancias federales es clave para avanzar en el desarrollo de la actividad tur\u00edstica, y que \u00e9sta beneficie a m\u00e1s comunidades, como lo dicta la pol\u00edtica implementada por el presidente Andr\u00e9s Manuel L\u00f3pez Obrador.<br \/>\nAl encabezar la Segunda Sesi\u00f3n Ordinaria 2022 del Comit\u00e9 T\u00e9cnico del Fondo Nacional de Fomento al Turismo (Fonatur), en su calidad de presidente, el<img decoding=\"async\" class=\"size-medium wp-image-338406 alignright\" src=\"https:\/\/dimensionturistica.com\/es\/wp-content\/uploads\/2022\/06\/2a.-Sesion-Ordinaria-2022-del-Comite-Tecnico-del-Fonatur-2-300x199.jpeg\" alt=\"\" width=\"300\" height=\"199\" srcset=\"https:\/\/dimensionturistica.com\/es\/wp-content\/uploads\/2022\/06\/2a.-Sesion-Ordinaria-2022-del-Comite-Tecnico-del-Fonatur-2-300x199.jpeg 300w, https:\/\/dimensionturistica.com\/es\/wp-content\/uploads\/2022\/06\/2a.-Sesion-Ordinaria-2022-del-Comite-Tecnico-del-Fonatur-2-768x509.jpeg 768w, https:\/\/dimensionturistica.com\/es\/wp-content\/uploads\/2022\/06\/2a.-Sesion-Ordinaria-2022-del-Comite-Tecnico-del-Fonatur-2-750x497.jpeg 750w, https:\/\/dimensionturistica.com\/es\/wp-content\/uploads\/2022\/06\/2a.-Sesion-Ordinaria-2022-del-Comite-Tecnico-del-Fonatur-2.jpeg 1024w\" sizes=\"(max-width: 300px) 100vw, 300px\" \/> titular de la Secretar\u00eda de Turismo (Sectur) se\u00f1al\u00f3 que solo mediante acuerdos interinstitucionales se logra la diversificaci\u00f3n del turismo, a trav\u00e9s de nuevos productos que atiendan las necesidades actuales de los turistas nacionales e internacionales.<br \/>\nDurante esta Segunda Sesi\u00f3n Ordinaria, en donde asisti\u00f3 el director de Administraci\u00f3n y Finanzas de Fonatur, Camilo Oviedo Bautista, en representaci\u00f3n de su titular, Javier May Rodr\u00edguez, se abordaron varios temas relacionados con los proyectos a cargo de Fonatur, en los cuales la<img decoding=\"async\" class=\"size-medium wp-image-338404 alignright\" src=\"https:\/\/dimensionturistica.com\/es\/wp-content\/uploads\/2022\/06\/2a.-Sesion-Ordinaria-2022-del-Comite-Tecnico-del-Fonatur-5-300x236.jpeg\" alt=\"\" width=\"300\" height=\"236\" srcset=\"https:\/\/dimensionturistica.com\/es\/wp-content\/uploads\/2022\/06\/2a.-Sesion-Ordinaria-2022-del-Comite-Tecnico-del-Fonatur-5-300x236.jpeg 300w, https:\/\/dimensionturistica.com\/es\/wp-content\/uploads\/2022\/06\/2a.-Sesion-Ordinaria-2022-del-Comite-Tecnico-del-Fonatur-5-768x605.jpeg 768w, https:\/\/dimensionturistica.com\/es\/wp-content\/uploads\/2022\/06\/2a.-Sesion-Ordinaria-2022-del-Comite-Tecnico-del-Fonatur-5-750x590.jpeg 750w, https:\/\/dimensionturistica.com\/es\/wp-content\/uploads\/2022\/06\/2a.-Sesion-Ordinaria-2022-del-Comite-Tecnico-del-Fonatur-5.jpeg 1024w\" sizes=\"(max-width: 300px) 100vw, 300px\" \/> participaci\u00f3n de instancias del Gobierno de M\u00e9xico es fundamental para lograr su consolidaci\u00f3n, como es el caso del Tren Maya.<br \/>\nTorruco Marqu\u00e9s puntualiz\u00f3 que este \u00faltimo, el proyecto m\u00e1s importante de la actual administraci\u00f3n para potenciar la actividad tur\u00edstica y econ\u00f3mica en la regi\u00f3n, conectar\u00e1 a los estados de Campeche, Chiapas, Tabasco, Yucat\u00e1n y Quintana Roo, en un recorrido de m\u00e1s de mil 500 kil\u00f3metros, a lo largo de los cuales habr\u00e1 m\u00e1s de 190 atractivos tur\u00edsticos.<br \/>\nReconoci\u00f3 el trabajo coordinado con las secretar\u00edas de Infraestructura, Comunicaciones y Transportes; de Hacienda y Cr\u00e9dito P\u00fablico; de Medio<img decoding=\"async\" class=\"size-medium wp-image-338405 alignright\" src=\"https:\/\/dimensionturistica.com\/es\/wp-content\/uploads\/2022\/06\/2a.-Sesion-Ordinaria-2022-del-Comite-Tecnico-del-Fonatur-4-300x200.jpeg\" alt=\"\" width=\"300\" height=\"200\" srcset=\"https:\/\/dimensionturistica.com\/es\/wp-content\/uploads\/2022\/06\/2a.-Sesion-Ordinaria-2022-del-Comite-Tecnico-del-Fonatur-4-300x200.jpeg 300w, https:\/\/dimensionturistica.com\/es\/wp-content\/uploads\/2022\/06\/2a.-Sesion-Ordinaria-2022-del-Comite-Tecnico-del-Fonatur-4-768x512.jpeg 768w, https:\/\/dimensionturistica.com\/es\/wp-content\/uploads\/2022\/06\/2a.-Sesion-Ordinaria-2022-del-Comite-Tecnico-del-Fonatur-4-750x500.jpeg 750w, https:\/\/dimensionturistica.com\/es\/wp-content\/uploads\/2022\/06\/2a.-Sesion-Ordinaria-2022-del-Comite-Tecnico-del-Fonatur-4.jpeg 1024w\" sizes=\"(max-width: 300px) 100vw, 300px\" \/> Ambiente y Recursos Naturales; de Desarrollo Agrario, Territorial y Urbano; de la Defensa Nacional; del Bienestar; entre otras, para que adem\u00e1s, los beneficios econ\u00f3micos que generar\u00e1 el Tren Maya, permeen en la poblaci\u00f3n local, y hacer as\u00ed del turismo una herramienta de reconciliaci\u00f3n social.<br \/>\nEn la Segunda Sesi\u00f3n Ordinaria 2022 del Comit\u00e9 T\u00e9cnico de Fonatur tambi\u00e9n se analizaron las opciones para detonar la infraestructura tur\u00edstica en los diferentes destinos del pa\u00eds, tanto en los Centros Integralmente Planeados (CIP), como en otras plazas con vocaci\u00f3n tur\u00edstica.<br \/>\nSe plantearon las alternativas para impulsar el turismo en la costa del Pac\u00edfico mexicano y el Mar de Cort\u00e9s, en destinos como La Paz, Baja California Sur; San Felipe, Baja California; Puerto Pe\u00f1asco, Sonora; Mazatl\u00e1n, Sinaloa; y San Blas, Nayarit; as\u00ed como las opciones para detonar m\u00e1s la actividad tur\u00edstica en el CIP<img decoding=\"async\" class=\"size-medium wp-image-338403 alignright\" src=\"https:\/\/dimensionturistica.com\/es\/wp-content\/uploads\/2022\/06\/2a.-Sesion-Ordinaria-2022-del-Comite-Tecnico-del-Fonatur-6-300x200.jpeg\" alt=\"\" width=\"300\" height=\"200\" srcset=\"https:\/\/dimensionturistica.com\/es\/wp-content\/uploads\/2022\/06\/2a.-Sesion-Ordinaria-2022-del-Comite-Tecnico-del-Fonatur-6-300x200.jpeg 300w, https:\/\/dimensionturistica.com\/es\/wp-content\/uploads\/2022\/06\/2a.-Sesion-Ordinaria-2022-del-Comite-Tecnico-del-Fonatur-6-768x512.jpeg 768w, https:\/\/dimensionturistica.com\/es\/wp-content\/uploads\/2022\/06\/2a.-Sesion-Ordinaria-2022-del-Comite-Tecnico-del-Fonatur-6-750x500.jpeg 750w, https:\/\/dimensionturistica.com\/es\/wp-content\/uploads\/2022\/06\/2a.-Sesion-Ordinaria-2022-del-Comite-Tecnico-del-Fonatur-6.jpeg 1024w\" sizes=\"(max-width: 300px) 100vw, 300px\" \/> Playa Esp\u00edritu, ubicada en Escuinapa, Sinaloa.<br \/>\nTorruco Marqu\u00e9s indic\u00f3 que, gracias a la estrecha colaboraci\u00f3n de las dependencias de gobierno, se avanza en la llegada de turistas internacionales de diferentes mercados emisores, as\u00ed como en el incremento de captaci\u00f3n de divisas y de gasto per c\u00e1pita.<br \/>\nSubray\u00f3 que de enero a abril del presente a\u00f1o, se han captado 8 mil 673 millones de d\u00f3lares por turistas internacionales, lo que significa 123.8% m\u00e1s que lo registrado en el mismo periodo de 2021 y superando tambi\u00e9n un 3.7% las divisas del primer cuatrimestre de 2019.<br \/>\nEn la reuni\u00f3n estuvieron presentes, entre otros, el subsecretario de Turismo, Humberto Hern\u00e1ndez Haddad; el titular de la Unidad de Informaci\u00f3n y Seguimiento de Sectur, Alejandro Aguilera G\u00f3mez; el director general de Planeaci\u00f3n, Jos\u00e9 Armando Garc\u00eda Nu\u00f1o; as\u00ed como representantes de SHCP, Bienestar, Banxico, SICT, SFP, Loter\u00eda Nacional y Nafin.<\/p>\n","protected":false},"excerpt":{"rendered":"<p>El secretario de Turismo del Gobierno de M\u00e9xico, Miguel Torruco Marqu\u00e9s, destac\u00f3 que el trabajo colaborativo entre las diferentes instancias federales es clave para avanzar en el desarrollo de la actividad tur\u00edstica, y que \u00e9sta beneficie a m\u00e1s comunidades, como lo dicta la pol\u00edtica implementada por el presidente Andr\u00e9s Manuel L\u00f3pez Obrador. Al encabezar la [&hellip;]<\/p>\n","protected":false},"author":1,"featured_media":338408,"comment_status":"open","ping_status":"closed","sticky":false,"template":"","format":"standard","meta":{"om_disable_all_campaigns":false,"jnews-multi-image_gallery":[],"jnews_single_post":{"source_name":"","source_url":"","via_name":"","via_url":"","override_template":"0","override":[{"template":"1","single_blog_custom":"","parallax":"1","fullscreen":"1","layout":"right-sidebar","sidebar":"default-sidebar","second_sidebar":"default-sidebar","sticky_sidebar":"1","share_position":"top","share_float_style":"share-monocrhome","show_share_counter":"1","show_view_counter":"1","show_featured":"1","show_post_meta":"1","show_post_author":"1","show_post_author_image":"1","show_post_date":"1","post_date_format":"default","post_date_format_custom":"Y\/m\/d","show_post_category":"1","show_post_reading_time":"0","post_reading_time_wpm":"300","show_zoom_button":"0","zoom_button_out_step":"2","zoom_button_in_step":"3","show_post_tag":"1","show_prev_next_post":"1","show_popup_post":"1","number_popup_post":"1","show_author_box":"0","show_post_related":"0","show_inline_post_related":"0"}],"override_image_size":"0","image_override":[{"single_post_thumbnail_size":"crop-500","single_post_gallery_size":"crop-500"}],"trending_post":"0","trending_post_position":"meta","trending_post_label":"Trending","sponsored_post":"0","sponsored_post_label":"Sponsored by","sponsored_post_name":"","sponsored_post_url":"","sponsored_post_logo_enable":"0","sponsored_post_logo":"","sponsored_post_desc":"","disable_ad":"0"},"jnews_primary_category":{"id":""},"jnews_social_meta":{"fb_title":"","fb_description":"","fb_image":"","twitter_title":"","twitter_description":"","twitter_image":""},"footnotes":""},"categories":[39],"tags":[],"class_list":["post-338399","post","type-post","status-publish","format-standard","has-post-thumbnail","hentry","category-viajes"],"_links":{"self":[{"href":"https:\/\/dimensionturistica.com\/es\/wp-json\/wp\/v2\/posts\/338399","targetHints":{"allow":["GET"]}}],"collection":[{"href":"https:\/\/dimensionturistica.com\/es\/wp-json\/wp\/v2\/posts"}],"about":[{"href":"https:\/\/dimensionturistica.com\/es\/wp-json\/wp\/v2\/types\/post"}],"author":[{"embeddable":true,"href":"https:\/\/dimensionturistica.com\/es\/wp-json\/wp\/v2\/users\/1"}],"replies":[{"embeddable":true,"href":"https:\/\/dimensionturistica.com\/es\/wp-json\/wp\/v2\/comments?post=338399"}],"version-history":[{"count":0,"href":"https:\/\/dimensionturistica.com\/es\/wp-json\/wp\/v2\/posts\/338399\/revisions"}],"wp:featuredmedia":[{"embeddable":true,"href":"https:\/\/dimensionturistica.com\/es\/wp-json\/wp\/v2\/media\/338408"}],"wp:attachment":[{"href":"https:\/\/dimensionturistica.com\/es\/wp-json\/wp\/v2\/media?parent=338399"}],"wp:term":[{"taxonomy":"category","embeddable":true,"href":"https:\/\/dimensionturistica.com\/es\/wp-json\/wp\/v2\/categories?post=338399"},{"taxonomy":"post_tag","embeddable":true,"href":"https:\/\/dimensionturistica.com\/es\/wp-json\/wp\/v2\/tags?post=338399"}],"curies":[{"name":"wp","href":"https:\/\/api.w.org\/{rel}","templated":true}]}}