{"id":338374,"date":"2022-06-23T17:52:00","date_gmt":"2022-06-23T17:52:00","guid":{"rendered":"https:\/\/dimensionturistica.com\/es\/?p=338374"},"modified":"2022-06-23T17:52:00","modified_gmt":"2022-06-23T17:52:00","slug":"reconoce-sectur-federal-impulso-a-la-capacitacion-turistica-en-puebla","status":"publish","type":"post","link":"https:\/\/dimensionturistica.com\/es\/reconoce-sectur-federal-impulso-a-la-capacitacion-turistica-en-puebla\/","title":{"rendered":"Reconoce SECTUR federal impulso a la capacitaci\u00f3n tur\u00edstica en Puebla"},"content":{"rendered":"<p><img decoding=\"async\" class=\"size-medium wp-image-338381 alignright\" src=\"https:\/\/dimensionturistica.com\/es\/wp-content\/uploads\/2022\/06\/SEMINARIO-300x200.jpg\" alt=\"\" width=\"300\" height=\"200\" srcset=\"https:\/\/dimensionturistica.com\/es\/wp-content\/uploads\/2022\/06\/SEMINARIO-300x200.jpg 300w, https:\/\/dimensionturistica.com\/es\/wp-content\/uploads\/2022\/06\/SEMINARIO.jpg 500w\" sizes=\"(max-width: 300px) 100vw, 300px\" \/>\u00a0Al participar en la trig\u00e9sima cuarta Reuni\u00f3n Nacional de Interlocutores de Capacitaci\u00f3n y Educaci\u00f3n de Cultura Tur\u00edstica, celebrada en Chiapas, la Secretar\u00eda de Turismo del Estado de Puebla fue reconocida por la dependencia federal como \u201cCaso de \u00e9xito\u201d en la implementaci\u00f3n de estrategias para incrementar el n\u00famero de Registro Nacional de Turismo, que representan un requisito b\u00e1sico para el acceso a capacitaciones y la obtenci\u00f3n de certificaciones y sellos de Calidad.<br \/>\nFrancisco Carrasco Romero, director de Calidad y Regulaci\u00f3n Tur\u00edstica, inform\u00f3 que, por medio de las Jornadas de Atenci\u00f3n Municipal, modelo de atenci\u00f3n implementado en Puebla, la dependencia ha logrado incrementar 34.6 por ciento el n\u00famero de registros, al pasar de 941 tr\u00e1mites en marzo de 2021 a mil 457 en el mismo periodo de 2022.<br \/>\nEn cuanto a la capacitaci\u00f3n inform\u00f3 que, durante el primer semestre del a\u00f1o, la Direcci\u00f3n de Innovaci\u00f3n y Calidad de la dependencia llev\u00f3 a cabo 14 actividades con un total de mil 183 personas capacitadas en temas como buenas pr\u00e1cticas sanitarias en el sector tur\u00edstico ante la pandemia y sus nuevas variantes, fuentes de financiamiento, inversi\u00f3n y proveedur\u00eda a empresas tur\u00edsticas, calidad y competitividad en el servicio y atenci\u00f3n a clientes en Pueblos M\u00e1gicos, Ruta del Mezcal, Ruta del Caf\u00e9 y claves para la inocuidad de los alimentos, entre otros.<img decoding=\"async\" class=\"size-medium wp-image-338382 alignleft\" src=\"https:\/\/dimensionturistica.com\/es\/wp-content\/uploads\/2022\/06\/SECRETARIO-300x200.jpg\" alt=\"\" width=\"300\" height=\"200\" srcset=\"https:\/\/dimensionturistica.com\/es\/wp-content\/uploads\/2022\/06\/SECRETARIO-300x200.jpg 300w, https:\/\/dimensionturistica.com\/es\/wp-content\/uploads\/2022\/06\/SECRETARIO.jpg 500w\" sizes=\"(max-width: 300px) 100vw, 300px\" \/><br \/>\nEl funcionario hizo un llamado a los prestadores de servicios tur\u00edsticos para acercarse a la dependencia y recibir orientaci\u00f3n y asesor\u00eda para la realizaci\u00f3n de tr\u00e1mites, o participar en las capacitaciones programadas; puso a disposici\u00f3n de los interesados el n\u00famero telef\u00f3nico 22 21 22 11 00 extensi\u00f3n 8202, de lunes a viernes de 09:00 a 18:00 horas.<\/p>\n","protected":false},"excerpt":{"rendered":"<p>\u00a0Al participar en la trig\u00e9sima cuarta Reuni\u00f3n Nacional de Interlocutores de Capacitaci\u00f3n y Educaci\u00f3n de Cultura Tur\u00edstica, celebrada en Chiapas, la Secretar\u00eda de Turismo del Estado de Puebla fue reconocida por la dependencia federal como \u201cCaso de \u00e9xito\u201d en la implementaci\u00f3n de estrategias para incrementar el n\u00famero de Registro Nacional de Turismo, que representan un [&hellip;]<\/p>\n","protected":false},"author":1,"featured_media":338383,"comment_status":"open","ping_status":"closed","sticky":false,"template":"","format":"standard","meta":{"om_disable_all_campaigns":false,"jnews-multi-image_gallery":[],"jnews_single_post":{"source_name":"","source_url":"","via_name":"","via_url":"","override_template":"0","override":[{"template":"1","single_blog_custom":"","parallax":"1","fullscreen":"1","layout":"right-sidebar","sidebar":"default-sidebar","second_sidebar":"default-sidebar","sticky_sidebar":"1","share_position":"top","share_float_style":"share-monocrhome","show_share_counter":"1","show_view_counter":"1","show_featured":"1","show_post_meta":"1","show_post_author":"1","show_post_author_image":"1","show_post_date":"1","post_date_format":"default","post_date_format_custom":"Y\/m\/d","show_post_category":"1","show_post_reading_time":"0","post_reading_time_wpm":"300","show_zoom_button":"0","zoom_button_out_step":"2","zoom_button_in_step":"3","show_post_tag":"1","show_prev_next_post":"1","show_popup_post":"1","number_popup_post":"1","show_author_box":"0","show_post_related":"0","show_inline_post_related":"0"}],"override_image_size":"0","image_override":[{"single_post_thumbnail_size":"crop-500","single_post_gallery_size":"crop-500"}],"trending_post":"0","trending_post_position":"meta","trending_post_label":"Trending","sponsored_post":"0","sponsored_post_label":"Sponsored by","sponsored_post_name":"","sponsored_post_url":"","sponsored_post_logo_enable":"0","sponsored_post_logo":"","sponsored_post_desc":"","disable_ad":"0"},"jnews_primary_category":{"id":""},"jnews_social_meta":{"fb_title":"","fb_description":"","fb_image":"","twitter_title":"","twitter_description":"","twitter_image":""},"footnotes":""},"categories":[39],"tags":[],"class_list":["post-338374","post","type-post","status-publish","format-standard","has-post-thumbnail","hentry","category-viajes"],"_links":{"self":[{"href":"https:\/\/dimensionturistica.com\/es\/wp-json\/wp\/v2\/posts\/338374","targetHints":{"allow":["GET"]}}],"collection":[{"href":"https:\/\/dimensionturistica.com\/es\/wp-json\/wp\/v2\/posts"}],"about":[{"href":"https:\/\/dimensionturistica.com\/es\/wp-json\/wp\/v2\/types\/post"}],"author":[{"embeddable":true,"href":"https:\/\/dimensionturistica.com\/es\/wp-json\/wp\/v2\/users\/1"}],"replies":[{"embeddable":true,"href":"https:\/\/dimensionturistica.com\/es\/wp-json\/wp\/v2\/comments?post=338374"}],"version-history":[{"count":0,"href":"https:\/\/dimensionturistica.com\/es\/wp-json\/wp\/v2\/posts\/338374\/revisions"}],"wp:featuredmedia":[{"embeddable":true,"href":"https:\/\/dimensionturistica.com\/es\/wp-json\/wp\/v2\/media\/338383"}],"wp:attachment":[{"href":"https:\/\/dimensionturistica.com\/es\/wp-json\/wp\/v2\/media?parent=338374"}],"wp:term":[{"taxonomy":"category","embeddable":true,"href":"https:\/\/dimensionturistica.com\/es\/wp-json\/wp\/v2\/categories?post=338374"},{"taxonomy":"post_tag","embeddable":true,"href":"https:\/\/dimensionturistica.com\/es\/wp-json\/wp\/v2\/tags?post=338374"}],"curies":[{"name":"wp","href":"https:\/\/api.w.org\/{rel}","templated":true}]}}