{"id":338241,"date":"2022-06-23T13:29:00","date_gmt":"2022-06-23T13:29:00","guid":{"rendered":"https:\/\/dimensionturistica.com\/es\/?p=338241"},"modified":"2022-06-23T13:29:00","modified_gmt":"2022-06-23T13:29:00","slug":"el-presidente-de-la-junta-destaca-que-las-nuevas-conexiones-ferroviarias-aceleraran-el-proceso-de-industrializacion-para-la-gran-transformacion-del-cambio-de-extremadura","status":"publish","type":"post","link":"https:\/\/dimensionturistica.com\/es\/el-presidente-de-la-junta-destaca-que-las-nuevas-conexiones-ferroviarias-aceleraran-el-proceso-de-industrializacion-para-la-gran-transformacion-del-cambio-de-extremadura\/","title":{"rendered":"El presidente de la Junta destaca que las nuevas conexiones ferroviarias acelerar\u00e1n el proceso de industrializaci\u00f3n para la \u00b4gran transformaci\u00f3n del cambio\u00b4 de Extremadura"},"content":{"rendered":"<p> <br \/>\n<\/p>\n<div>\n<p>El presidente de la Junta de Extremadura, Guillermo Fern\u00e1ndez Vara, ha destacado este jueves que las nuevas conexiones ferroviarias acelerar\u00e1n el proceso de industrializaci\u00f3n en el que se encuentra inmerso Extremadura, lo que conllevar\u00e1 \u201cla gran transformaci\u00f3n del cambio\u201d en la regi\u00f3n.<\/p>\n<p>As\u00ed lo ha resaltado Fern\u00e1ndez Vara en Badajoz donde ha culminado el viaje de prueba de la plataforma de tren de Alta Velocidad Plasencia-Badajoz, un trayecto en el que tambi\u00e9n han participado la ministra de Transportes, Movilidad y Agenda Urbana, Raquel S\u00e1nchez, la consejera de Movilidad, Trasporte y Vivienda, Leire Iglesias, as\u00ed como integrantes del Pacto por el Ferrocarril en Extremadura.<\/p>\n<p><a rel=\"nofollow noopener\" target=\"_blank\" href=\"https:\/\/i0.wp.com\/infoprovincia.net\/wp-content\/uploads\/2022\/06\/22_JUNIO__PTE_ALTA_VELOCIDAD_1.jpg?ssl=1\"><img decoding=\"async\" data-attachment-id=\"282576\" data-permalink=\"https:\/\/infoprovincia.net\/2022\/06\/23\/el-presidente-de-la-junta-destaca-que-las-nuevas-conexiones-ferroviarias-aceleraran-el-proceso-de-industrializacion-para-la-gran-transformacion-del-cambio-de-extremadura\/22_junio__pte_alta_velocidad_1\/\" data-orig-file=\"https:\/\/i0.wp.com\/infoprovincia.net\/wp-content\/uploads\/2022\/06\/22_JUNIO__PTE_ALTA_VELOCIDAD_1.jpg?fit=1170%2C780&amp;ssl=1\" data-orig-size=\"1170,780\" data-comments-opened=\"1\" data-image-meta=\"{&quot;aperture&quot;:&quot;0&quot;,&quot;credit&quot;:&quot;&quot;,&quot;camera&quot;:&quot;&quot;,&quot;caption&quot;:&quot;&quot;,&quot;created_timestamp&quot;:&quot;0&quot;,&quot;copyright&quot;:&quot;&quot;,&quot;focal_length&quot;:&quot;0&quot;,&quot;iso&quot;:&quot;0&quot;,&quot;shutter_speed&quot;:&quot;0&quot;,&quot;title&quot;:&quot;&quot;,&quot;orientation&quot;:&quot;0&quot;}\" data-image-title=\"22_JUNIO__PTE_ALTA_VELOCIDAD_1\" data-image-description=\"\" data-image-caption=\"\" data-medium-file=\"https:\/\/i0.wp.com\/infoprovincia.net\/wp-content\/uploads\/2022\/06\/22_JUNIO__PTE_ALTA_VELOCIDAD_1.jpg?fit=300%2C200&amp;ssl=1\" data-large-file=\"https:\/\/i0.wp.com\/infoprovincia.net\/wp-content\/uploads\/2022\/06\/22_JUNIO__PTE_ALTA_VELOCIDAD_1.jpg?fit=1024%2C683&amp;ssl=1\" class=\"wp-image-282576 alignright jetpack-lazy-image\" src=\"https:\/\/i0.wp.com\/infoprovincia.net\/wp-content\/uploads\/2022\/06\/22_JUNIO__PTE_ALTA_VELOCIDAD_1.jpg?resize=396%2C264&amp;ssl=1\" alt=\"\" width=\"396\" height=\"264\" data-recalc-dims=\"1\" data-lazy-src=\"https:\/\/i0.wp.com\/infoprovincia.net\/wp-content\/uploads\/2022\/06\/22_JUNIO__PTE_ALTA_VELOCIDAD_1.jpg?resize=396%2C264&amp;is-pending-load=1#038;ssl=1\" srcset=\"data:image\/gif;base64,R0lGODlhAQABAIAAAAAAAP\/\/\/yH5BAEAAAAALAAAAAABAAEAAAIBRAA7\"\/><noscript><img loading=\"lazy\" decoding=\"async\" data-attachment-id=\"282576\" data-permalink=\"https:\/\/infoprovincia.net\/2022\/06\/23\/el-presidente-de-la-junta-destaca-que-las-nuevas-conexiones-ferroviarias-aceleraran-el-proceso-de-industrializacion-para-la-gran-transformacion-del-cambio-de-extremadura\/22_junio__pte_alta_velocidad_1\/\" data-orig-file=\"https:\/\/i0.wp.com\/infoprovincia.net\/wp-content\/uploads\/2022\/06\/22_JUNIO__PTE_ALTA_VELOCIDAD_1.jpg?fit=1170%2C780&amp;ssl=1\" data-orig-size=\"1170,780\" data-comments-opened=\"1\" data-image-meta=\"{&quot;aperture&quot;:&quot;0&quot;,&quot;credit&quot;:&quot;&quot;,&quot;camera&quot;:&quot;&quot;,&quot;caption&quot;:&quot;&quot;,&quot;created_timestamp&quot;:&quot;0&quot;,&quot;copyright&quot;:&quot;&quot;,&quot;focal_length&quot;:&quot;0&quot;,&quot;iso&quot;:&quot;0&quot;,&quot;shutter_speed&quot;:&quot;0&quot;,&quot;title&quot;:&quot;&quot;,&quot;orientation&quot;:&quot;0&quot;}\" data-image-title=\"22_JUNIO__PTE_ALTA_VELOCIDAD_1\" data-image-description=\"\" data-image-caption=\"\" data-medium-file=\"https:\/\/i0.wp.com\/infoprovincia.net\/wp-content\/uploads\/2022\/06\/22_JUNIO__PTE_ALTA_VELOCIDAD_1.jpg?fit=300%2C200&amp;ssl=1\" data-large-file=\"https:\/\/i0.wp.com\/infoprovincia.net\/wp-content\/uploads\/2022\/06\/22_JUNIO__PTE_ALTA_VELOCIDAD_1.jpg?fit=1024%2C683&amp;ssl=1\" alt=\"\" width=\"396\" height=\"264\" data-recalc-dims=\"1\" src=\"https:\/\/i0.wp.com\/infoprovincia.net\/wp-content\/uploads\/2022\/06\/22_JUNIO__PTE_ALTA_VELOCIDAD_1.jpg?resize=396%2C264&amp;ssl=1\" class=\"wp-image-282576 alignright lazyload\"\/><noscript><img decoding=\"async\" data-attachment-id=\"282576\" data-permalink=\"https:\/\/infoprovincia.net\/2022\/06\/23\/el-presidente-de-la-junta-destaca-que-las-nuevas-conexiones-ferroviarias-aceleraran-el-proceso-de-industrializacion-para-la-gran-transformacion-del-cambio-de-extremadura\/22_junio__pte_alta_velocidad_1\/\" data-orig-file=\"https:\/\/i0.wp.com\/infoprovincia.net\/wp-content\/uploads\/2022\/06\/22_JUNIO__PTE_ALTA_VELOCIDAD_1.jpg?fit=1170%2C780&amp;ssl=1\" data-orig-size=\"1170,780\" data-comments-opened=\"1\" data-image-meta=\"{&quot;aperture&quot;:&quot;0&quot;,&quot;credit&quot;:&quot;&quot;,&quot;camera&quot;:&quot;&quot;,&quot;caption&quot;:&quot;&quot;,&quot;created_timestamp&quot;:&quot;0&quot;,&quot;copyright&quot;:&quot;&quot;,&quot;focal_length&quot;:&quot;0&quot;,&quot;iso&quot;:&quot;0&quot;,&quot;shutter_speed&quot;:&quot;0&quot;,&quot;title&quot;:&quot;&quot;,&quot;orientation&quot;:&quot;0&quot;}\" data-image-title=\"22_JUNIO__PTE_ALTA_VELOCIDAD_1\" data-image-description=\"\" data-image-caption=\"\" data-medium-file=\"https:\/\/i0.wp.com\/infoprovincia.net\/wp-content\/uploads\/2022\/06\/22_JUNIO__PTE_ALTA_VELOCIDAD_1.jpg?fit=300%2C200&amp;ssl=1\" data-large-file=\"https:\/\/i0.wp.com\/infoprovincia.net\/wp-content\/uploads\/2022\/06\/22_JUNIO__PTE_ALTA_VELOCIDAD_1.jpg?fit=1024%2C683&amp;ssl=1\" class=\"wp-image-282576 alignright\" src=\"https:\/\/i0.wp.com\/infoprovincia.net\/wp-content\/uploads\/2022\/06\/22_JUNIO__PTE_ALTA_VELOCIDAD_1.jpg?resize=396%2C264&amp;ssl=1\" alt=\"\" width=\"396\" height=\"264\" data-recalc-dims=\"1\"\/><\/noscript><\/noscript><\/a>El presidente extreme\u00f1o ha valorado la importancia de \u201cllegar una hora antes en un tren de la m\u00e1xima calidad\u201d porque \u201cnos permitir\u00e1 vivir m\u00e1s c\u00f3modos y de forma m\u00e1s segura\u201d, aunque ha ensalzado la trascendencia de que por esas v\u00edas circular\u00e1n trenes de mercanc\u00edas que conectar\u00e1n con los principales puertos de la Pen\u00ednsula Ib\u00e9rica.<\/p>\n<p>\u201cLo que va a transformar nuestra realidad es que por esas mismas v\u00edas puedan circular trenes de mercanc\u00edas que conecten a las que van a ser la parte m\u00e1s importante de nuestro futuro\u201d, ha aseverado.<\/p>\n<p>En este sentido, ha agradecido al Gobierno de Espa\u00f1a, a Adif y a Renfe este \u201cprimer paso importante\u201d, que ha contado con una inversi\u00f3n de m\u00e1s de 1.200 millones de euros, al tiempo que ha recordado que a\u00fan \u201cquedan por dar otros pasos\u201d, por lo que ha advertido que \u201cno vamos a cejar en el empe\u00f1o hasta que veamos hecho realidad todo el trazado y finalizado todos nuestros anhelos, esperanzas y expectativas\u201d.<\/p>\n<p>Adem\u00e1s, Fern\u00e1ndez Vara ha valorado que hoy culmina \u201cuna etapa importante\u201d, esta primera fase que ha permitido poner en marcha el tramo extreme\u00f1o que une Plasencia con Badajoz y que tiene \u201cunas condiciones absolutamente diferentes a lo que hasta ahora hemos estado acostumbrados\u201d. Adem\u00e1s, ha avanzado que las obras en el tramo que conecta Plasencia con Navalmoral de la Mata \u201cvan a buen ritmo\u201d y ser\u00e1n \u201cuna realidad a corto plazo\u201d.<\/p>\n<p>PACTO POR EL FERROCARRIL DE EXTREMADURA<\/p>\n<p>En el transcurso de su intervenci\u00f3n, el presidente de la Junta ha agradecido el trabajo llevado a cabo desde el Pacto por el Ferrocarril de Extremadura \u201cintentando hacer del tren algo que no fuera un motivo del debate y la diatriba pol\u00edtica, algo que no fuera m\u00e9rito de nadie porque fuera m\u00e9rito de todos\u201d. Y eso es, ha ratificado, \u201clo que hemos pretendido y lo que vamos a seguir haciendo a partir de ahora\u201d, no solo con la finalizaci\u00f3n de esta l\u00ednea y su comunicaci\u00f3n con Portugal, sino tambi\u00e9n con \u201cotras prioridades como las conexiones con el norte, sur y el levante\u201d.<\/p>\n<p><a rel=\"nofollow noopener\" target=\"_blank\" href=\"https:\/\/i0.wp.com\/infoprovincia.net\/wp-content\/uploads\/2022\/06\/22_JUNIO__PTE_ALTA_VELOCIDAD_2.jpg?ssl=1\"><img decoding=\"async\" data-attachment-id=\"282577\" data-permalink=\"https:\/\/infoprovincia.net\/2022\/06\/23\/el-presidente-de-la-junta-destaca-que-las-nuevas-conexiones-ferroviarias-aceleraran-el-proceso-de-industrializacion-para-la-gran-transformacion-del-cambio-de-extremadura\/22_junio__pte_alta_velocidad_2\/\" data-orig-file=\"https:\/\/i0.wp.com\/infoprovincia.net\/wp-content\/uploads\/2022\/06\/22_JUNIO__PTE_ALTA_VELOCIDAD_2.jpg?fit=1170%2C780&amp;ssl=1\" data-orig-size=\"1170,780\" data-comments-opened=\"1\" data-image-meta=\"{&quot;aperture&quot;:&quot;0&quot;,&quot;credit&quot;:&quot;&quot;,&quot;camera&quot;:&quot;&quot;,&quot;caption&quot;:&quot;&quot;,&quot;created_timestamp&quot;:&quot;0&quot;,&quot;copyright&quot;:&quot;&quot;,&quot;focal_length&quot;:&quot;0&quot;,&quot;iso&quot;:&quot;0&quot;,&quot;shutter_speed&quot;:&quot;0&quot;,&quot;title&quot;:&quot;&quot;,&quot;orientation&quot;:&quot;0&quot;}\" data-image-title=\"22_JUNIO__PTE_ALTA_VELOCIDAD_2\" data-image-description=\"\" data-image-caption=\"\" data-medium-file=\"https:\/\/i0.wp.com\/infoprovincia.net\/wp-content\/uploads\/2022\/06\/22_JUNIO__PTE_ALTA_VELOCIDAD_2.jpg?fit=300%2C200&amp;ssl=1\" data-large-file=\"https:\/\/i0.wp.com\/infoprovincia.net\/wp-content\/uploads\/2022\/06\/22_JUNIO__PTE_ALTA_VELOCIDAD_2.jpg?fit=1024%2C683&amp;ssl=1\" class=\"wp-image-282577 alignright jetpack-lazy-image\" src=\"https:\/\/i0.wp.com\/infoprovincia.net\/wp-content\/uploads\/2022\/06\/22_JUNIO__PTE_ALTA_VELOCIDAD_2.jpg?resize=398%2C265&amp;ssl=1\" alt=\"\" width=\"398\" height=\"265\" data-recalc-dims=\"1\" data-lazy-src=\"https:\/\/i0.wp.com\/infoprovincia.net\/wp-content\/uploads\/2022\/06\/22_JUNIO__PTE_ALTA_VELOCIDAD_2.jpg?resize=398%2C265&amp;is-pending-load=1#038;ssl=1\" srcset=\"data:image\/gif;base64,R0lGODlhAQABAIAAAAAAAP\/\/\/yH5BAEAAAAALAAAAAABAAEAAAIBRAA7\"\/><noscript><img loading=\"lazy\" decoding=\"async\" data-attachment-id=\"282577\" data-permalink=\"https:\/\/infoprovincia.net\/2022\/06\/23\/el-presidente-de-la-junta-destaca-que-las-nuevas-conexiones-ferroviarias-aceleraran-el-proceso-de-industrializacion-para-la-gran-transformacion-del-cambio-de-extremadura\/22_junio__pte_alta_velocidad_2\/\" data-orig-file=\"https:\/\/i0.wp.com\/infoprovincia.net\/wp-content\/uploads\/2022\/06\/22_JUNIO__PTE_ALTA_VELOCIDAD_2.jpg?fit=1170%2C780&amp;ssl=1\" data-orig-size=\"1170,780\" data-comments-opened=\"1\" data-image-meta=\"{&quot;aperture&quot;:&quot;0&quot;,&quot;credit&quot;:&quot;&quot;,&quot;camera&quot;:&quot;&quot;,&quot;caption&quot;:&quot;&quot;,&quot;created_timestamp&quot;:&quot;0&quot;,&quot;copyright&quot;:&quot;&quot;,&quot;focal_length&quot;:&quot;0&quot;,&quot;iso&quot;:&quot;0&quot;,&quot;shutter_speed&quot;:&quot;0&quot;,&quot;title&quot;:&quot;&quot;,&quot;orientation&quot;:&quot;0&quot;}\" data-image-title=\"22_JUNIO__PTE_ALTA_VELOCIDAD_2\" data-image-description=\"\" data-image-caption=\"\" data-medium-file=\"https:\/\/i0.wp.com\/infoprovincia.net\/wp-content\/uploads\/2022\/06\/22_JUNIO__PTE_ALTA_VELOCIDAD_2.jpg?fit=300%2C200&amp;ssl=1\" data-large-file=\"https:\/\/i0.wp.com\/infoprovincia.net\/wp-content\/uploads\/2022\/06\/22_JUNIO__PTE_ALTA_VELOCIDAD_2.jpg?fit=1024%2C683&amp;ssl=1\" alt=\"\" width=\"398\" height=\"265\" data-recalc-dims=\"1\" src=\"https:\/\/i0.wp.com\/infoprovincia.net\/wp-content\/uploads\/2022\/06\/22_JUNIO__PTE_ALTA_VELOCIDAD_2.jpg?resize=398%2C265&amp;ssl=1\" class=\"wp-image-282577 alignright lazyload\"\/><noscript><img decoding=\"async\" data-attachment-id=\"282577\" data-permalink=\"https:\/\/infoprovincia.net\/2022\/06\/23\/el-presidente-de-la-junta-destaca-que-las-nuevas-conexiones-ferroviarias-aceleraran-el-proceso-de-industrializacion-para-la-gran-transformacion-del-cambio-de-extremadura\/22_junio__pte_alta_velocidad_2\/\" data-orig-file=\"https:\/\/i0.wp.com\/infoprovincia.net\/wp-content\/uploads\/2022\/06\/22_JUNIO__PTE_ALTA_VELOCIDAD_2.jpg?fit=1170%2C780&amp;ssl=1\" data-orig-size=\"1170,780\" data-comments-opened=\"1\" data-image-meta=\"{&quot;aperture&quot;:&quot;0&quot;,&quot;credit&quot;:&quot;&quot;,&quot;camera&quot;:&quot;&quot;,&quot;caption&quot;:&quot;&quot;,&quot;created_timestamp&quot;:&quot;0&quot;,&quot;copyright&quot;:&quot;&quot;,&quot;focal_length&quot;:&quot;0&quot;,&quot;iso&quot;:&quot;0&quot;,&quot;shutter_speed&quot;:&quot;0&quot;,&quot;title&quot;:&quot;&quot;,&quot;orientation&quot;:&quot;0&quot;}\" data-image-title=\"22_JUNIO__PTE_ALTA_VELOCIDAD_2\" data-image-description=\"\" data-image-caption=\"\" data-medium-file=\"https:\/\/i0.wp.com\/infoprovincia.net\/wp-content\/uploads\/2022\/06\/22_JUNIO__PTE_ALTA_VELOCIDAD_2.jpg?fit=300%2C200&amp;ssl=1\" data-large-file=\"https:\/\/i0.wp.com\/infoprovincia.net\/wp-content\/uploads\/2022\/06\/22_JUNIO__PTE_ALTA_VELOCIDAD_2.jpg?fit=1024%2C683&amp;ssl=1\" class=\"wp-image-282577 alignright\" src=\"https:\/\/i0.wp.com\/infoprovincia.net\/wp-content\/uploads\/2022\/06\/22_JUNIO__PTE_ALTA_VELOCIDAD_2.jpg?resize=398%2C265&amp;ssl=1\" alt=\"\" width=\"398\" height=\"265\" data-recalc-dims=\"1\"\/><\/noscript><\/noscript><\/a>En relaci\u00f3n a esto \u00faltimo, ha aclarado que la decisi\u00f3n de poner en marcha un tren que no fuera solo de pasajeros, sino tambi\u00e9n de mercanc\u00edas, adaptando las v\u00edas para ello, \u201cno te permite circular a 350 kil\u00f3metros por hora\u201d. Para ello, ha explicado \u201ctienes que hacerlo por el propio trazado para ir a una velocidad algo inferior y hoy hemos podido comprobar c\u00f3mo se puede venir de M\u00e9rida a Badajoz en 20 minutos en un tren de la m\u00e1xima calidad y con los servicios y requerimientos que se le tienen que exigir a un tren de estas caracter\u00edsticas\u201d.<\/p>\n<p>Por tanto, ha asegurado, \u201choy no acaba nada, hoy sencillamente probamos lo que en unas semanas ser\u00e1 una realidad con la puesta en funcionamiento de este servicio\u201d.<\/p>\n<p>El mandatario extreme\u00f1o ha resaltado que \u00e9ste es \u201cun paso muy importante para todos\u201d y ha mostrado su \u201cm\u00e1s cari\u00f1oso recuerdo y m\u00e1s profundo agradecimiento a toda esa Extremadura silenciosa que est\u00e1 siempre pensando en el futuro de su familia\u201d. \u201cA todos los hombres y mujeres de Extremadura que fueron a las manifestaciones de Madrid y C\u00e1ceres reivindicando un tren digno, mucha gente recia y digna que probablemente no se va a montar nunca en este tren pero que sab\u00edan que ten\u00edan que estar al lado por el futuro de sus hijos y nietos\u201d, ha ensalzado.<\/p>\n<p>Fern\u00e1ndez Vara tambi\u00e9n ha emplazado a \u201clos que en un momento dado se salieron del Pacto porque pensaron que no ten\u00edan ya ning\u00fan papel que hacer dentro del Pacto, que todav\u00eda nos queda mucho trabajo por hacer y lo tenemos que hacer juntos\u201d porque \u201cese es el mejor camino para poder lograr los objetivos marcados\u201d.<\/p>\n<p>El presidente extreme\u00f1o ha reflexionado igualmente sobre los impuestos, de lo que ha sostenido \u201ctambi\u00e9n valen para hacer cosas como estas\u201d, por lo que ha agradecido a la ciudadan\u00eda los m\u00e1s de 1.200 millones de euros invertidos en este tramo, y ha abogado por darle \u201ctodo su sentido a lo que significa un servicio p\u00fablico de primera calidad, gracias a que somos un pa\u00eds desarrollado que puede llevar a cabo este tipo de infraestructuras tan necesarias y \u00fatiles para todos\u201d.<\/p>\n<p><a rel=\"nofollow noopener\" target=\"_blank\" href=\"https:\/\/i0.wp.com\/infoprovincia.net\/wp-content\/uploads\/2022\/06\/22_JUNIO__PTE_ALTA_VELOCIDAD_19.jpg?ssl=1\"><img decoding=\"async\" data-attachment-id=\"282579\" data-permalink=\"https:\/\/infoprovincia.net\/2022\/06\/23\/el-presidente-de-la-junta-destaca-que-las-nuevas-conexiones-ferroviarias-aceleraran-el-proceso-de-industrializacion-para-la-gran-transformacion-del-cambio-de-extremadura\/22_junio__pte_alta_velocidad_19\/\" data-orig-file=\"https:\/\/i0.wp.com\/infoprovincia.net\/wp-content\/uploads\/2022\/06\/22_JUNIO__PTE_ALTA_VELOCIDAD_19.jpg?fit=1170%2C780&amp;ssl=1\" data-orig-size=\"1170,780\" data-comments-opened=\"1\" data-image-meta=\"{&quot;aperture&quot;:&quot;0&quot;,&quot;credit&quot;:&quot;&quot;,&quot;camera&quot;:&quot;&quot;,&quot;caption&quot;:&quot;&quot;,&quot;created_timestamp&quot;:&quot;0&quot;,&quot;copyright&quot;:&quot;&quot;,&quot;focal_length&quot;:&quot;0&quot;,&quot;iso&quot;:&quot;0&quot;,&quot;shutter_speed&quot;:&quot;0&quot;,&quot;title&quot;:&quot;&quot;,&quot;orientation&quot;:&quot;0&quot;}\" data-image-title=\"22_JUNIO__PTE_ALTA_VELOCIDAD_19\" data-image-description=\"\" data-image-caption=\"\" data-medium-file=\"https:\/\/i0.wp.com\/infoprovincia.net\/wp-content\/uploads\/2022\/06\/22_JUNIO__PTE_ALTA_VELOCIDAD_19.jpg?fit=300%2C200&amp;ssl=1\" data-large-file=\"https:\/\/i0.wp.com\/infoprovincia.net\/wp-content\/uploads\/2022\/06\/22_JUNIO__PTE_ALTA_VELOCIDAD_19.jpg?fit=1024%2C683&amp;ssl=1\" class=\"alignnone size-full wp-image-282579 jetpack-lazy-image\" src=\"https:\/\/i0.wp.com\/infoprovincia.net\/wp-content\/uploads\/2022\/06\/22_JUNIO__PTE_ALTA_VELOCIDAD_19.jpg?resize=1140%2C760&amp;ssl=1\" alt=\"\" width=\"1140\" height=\"760\" data-recalc-dims=\"1\" data-lazy-src=\"https:\/\/i0.wp.com\/infoprovincia.net\/wp-content\/uploads\/2022\/06\/22_JUNIO__PTE_ALTA_VELOCIDAD_19.jpg?resize=1140%2C760&amp;is-pending-load=1#038;ssl=1\" srcset=\"data:image\/gif;base64,R0lGODlhAQABAIAAAAAAAP\/\/\/yH5BAEAAAAALAAAAAABAAEAAAIBRAA7\"\/><noscript><img loading=\"lazy\" decoding=\"async\" data-attachment-id=\"282579\" data-permalink=\"https:\/\/infoprovincia.net\/2022\/06\/23\/el-presidente-de-la-junta-destaca-que-las-nuevas-conexiones-ferroviarias-aceleraran-el-proceso-de-industrializacion-para-la-gran-transformacion-del-cambio-de-extremadura\/22_junio__pte_alta_velocidad_19\/\" data-orig-file=\"https:\/\/i0.wp.com\/infoprovincia.net\/wp-content\/uploads\/2022\/06\/22_JUNIO__PTE_ALTA_VELOCIDAD_19.jpg?fit=1170%2C780&amp;ssl=1\" data-orig-size=\"1170,780\" data-comments-opened=\"1\" data-image-meta=\"{&quot;aperture&quot;:&quot;0&quot;,&quot;credit&quot;:&quot;&quot;,&quot;camera&quot;:&quot;&quot;,&quot;caption&quot;:&quot;&quot;,&quot;created_timestamp&quot;:&quot;0&quot;,&quot;copyright&quot;:&quot;&quot;,&quot;focal_length&quot;:&quot;0&quot;,&quot;iso&quot;:&quot;0&quot;,&quot;shutter_speed&quot;:&quot;0&quot;,&quot;title&quot;:&quot;&quot;,&quot;orientation&quot;:&quot;0&quot;}\" data-image-title=\"22_JUNIO__PTE_ALTA_VELOCIDAD_19\" data-image-description=\"\" data-image-caption=\"\" data-medium-file=\"https:\/\/i0.wp.com\/infoprovincia.net\/wp-content\/uploads\/2022\/06\/22_JUNIO__PTE_ALTA_VELOCIDAD_19.jpg?fit=300%2C200&amp;ssl=1\" data-large-file=\"https:\/\/i0.wp.com\/infoprovincia.net\/wp-content\/uploads\/2022\/06\/22_JUNIO__PTE_ALTA_VELOCIDAD_19.jpg?fit=1024%2C683&amp;ssl=1\" alt=\"\" width=\"1140\" height=\"760\" data-recalc-dims=\"1\" src=\"https:\/\/i0.wp.com\/infoprovincia.net\/wp-content\/uploads\/2022\/06\/22_JUNIO__PTE_ALTA_VELOCIDAD_19.jpg?resize=1140%2C760&amp;ssl=1\" class=\"alignnone size-full wp-image-282579 lazyload\"\/><noscript><img decoding=\"async\" data-attachment-id=\"282579\" data-permalink=\"https:\/\/infoprovincia.net\/2022\/06\/23\/el-presidente-de-la-junta-destaca-que-las-nuevas-conexiones-ferroviarias-aceleraran-el-proceso-de-industrializacion-para-la-gran-transformacion-del-cambio-de-extremadura\/22_junio__pte_alta_velocidad_19\/\" data-orig-file=\"https:\/\/i0.wp.com\/infoprovincia.net\/wp-content\/uploads\/2022\/06\/22_JUNIO__PTE_ALTA_VELOCIDAD_19.jpg?fit=1170%2C780&amp;ssl=1\" data-orig-size=\"1170,780\" data-comments-opened=\"1\" data-image-meta=\"{&quot;aperture&quot;:&quot;0&quot;,&quot;credit&quot;:&quot;&quot;,&quot;camera&quot;:&quot;&quot;,&quot;caption&quot;:&quot;&quot;,&quot;created_timestamp&quot;:&quot;0&quot;,&quot;copyright&quot;:&quot;&quot;,&quot;focal_length&quot;:&quot;0&quot;,&quot;iso&quot;:&quot;0&quot;,&quot;shutter_speed&quot;:&quot;0&quot;,&quot;title&quot;:&quot;&quot;,&quot;orientation&quot;:&quot;0&quot;}\" data-image-title=\"22_JUNIO__PTE_ALTA_VELOCIDAD_19\" data-image-description=\"\" data-image-caption=\"\" data-medium-file=\"https:\/\/i0.wp.com\/infoprovincia.net\/wp-content\/uploads\/2022\/06\/22_JUNIO__PTE_ALTA_VELOCIDAD_19.jpg?fit=300%2C200&amp;ssl=1\" data-large-file=\"https:\/\/i0.wp.com\/infoprovincia.net\/wp-content\/uploads\/2022\/06\/22_JUNIO__PTE_ALTA_VELOCIDAD_19.jpg?fit=1024%2C683&amp;ssl=1\" class=\"alignnone size-full wp-image-282579\" src=\"https:\/\/i0.wp.com\/infoprovincia.net\/wp-content\/uploads\/2022\/06\/22_JUNIO__PTE_ALTA_VELOCIDAD_19.jpg?resize=1140%2C760&amp;ssl=1\" alt=\"\" width=\"1140\" height=\"760\" data-recalc-dims=\"1\"\/><\/noscript><\/noscript><\/a><\/p>\n<\/p><\/div>\n\n<p><em> &#8221; Fuentes infoprovincia.net &#8221; <\/em><\/p>\n","protected":false},"excerpt":{"rendered":"<p>El presidente de la Junta de Extremadura, Guillermo Fern\u00e1ndez Vara, ha destacado este jueves que las nuevas conexiones ferroviarias acelerar\u00e1n el proceso de industrializaci\u00f3n en el que se encuentra inmerso Extremadura, lo que conllevar\u00e1 \u201cla gran transformaci\u00f3n del cambio\u201d en la regi\u00f3n. As\u00ed lo ha resaltado Fern\u00e1ndez Vara en Badajoz donde ha culminado el viaje [&hellip;]<\/p>\n","protected":false},"author":4,"featured_media":338242,"comment_status":"open","ping_status":"closed","sticky":false,"template":"","format":"standard","meta":{"om_disable_all_campaigns":false,"jnews-multi-image_gallery":[],"jnews_single_post":[],"jnews_primary_category":[],"jnews_social_meta":[],"footnotes":""},"categories":[40],"tags":[12976],"class_list":["post-338241","post","type-post","status-publish","format-standard","has-post-thumbnail","hentry","category-industria","tag-junta-de-extremadura"],"_links":{"self":[{"href":"https:\/\/dimensionturistica.com\/es\/wp-json\/wp\/v2\/posts\/338241","targetHints":{"allow":["GET"]}}],"collection":[{"href":"https:\/\/dimensionturistica.com\/es\/wp-json\/wp\/v2\/posts"}],"about":[{"href":"https:\/\/dimensionturistica.com\/es\/wp-json\/wp\/v2\/types\/post"}],"author":[{"embeddable":true,"href":"https:\/\/dimensionturistica.com\/es\/wp-json\/wp\/v2\/users\/4"}],"replies":[{"embeddable":true,"href":"https:\/\/dimensionturistica.com\/es\/wp-json\/wp\/v2\/comments?post=338241"}],"version-history":[{"count":0,"href":"https:\/\/dimensionturistica.com\/es\/wp-json\/wp\/v2\/posts\/338241\/revisions"}],"wp:featuredmedia":[{"embeddable":true,"href":"https:\/\/dimensionturistica.com\/es\/wp-json\/wp\/v2\/media\/338242"}],"wp:attachment":[{"href":"https:\/\/dimensionturistica.com\/es\/wp-json\/wp\/v2\/media?parent=338241"}],"wp:term":[{"taxonomy":"category","embeddable":true,"href":"https:\/\/dimensionturistica.com\/es\/wp-json\/wp\/v2\/categories?post=338241"},{"taxonomy":"post_tag","embeddable":true,"href":"https:\/\/dimensionturistica.com\/es\/wp-json\/wp\/v2\/tags?post=338241"}],"curies":[{"name":"wp","href":"https:\/\/api.w.org\/{rel}","templated":true}]}}