{"id":338223,"date":"2022-06-23T13:00:46","date_gmt":"2022-06-23T13:00:46","guid":{"rendered":"https:\/\/dimensionturistica.com\/es\/?p=338223"},"modified":"2022-06-23T13:00:47","modified_gmt":"2022-06-23T13:00:47","slug":"turismo-lanza-la-campana-de-promocion-de-verano-y-edita-la-guia-extremadura-es-agua-2022","status":"publish","type":"post","link":"https:\/\/dimensionturistica.com\/es\/turismo-lanza-la-campana-de-promocion-de-verano-y-edita-la-guia-extremadura-es-agua-2022\/","title":{"rendered":"Turismo lanza la campa\u00f1a de promoci\u00f3n de verano y edita la gu\u00eda \u2018Extremadura es Agua\u2019 2022"},"content":{"rendered":"<p> <br \/>\n<\/p>\n<div>\n<p>La Direcci\u00f3n Normal de Turismo ha puesto en marcha una campa\u00f1a de promoci\u00f3n de verano para posicionar el destino Extremadura en el mercado nacional y aumentar el n\u00famero de viajeros a la regi\u00f3n. En junio y julio se emitir\u00e1 el spot \u2018\u00bfQuieres escuchar Extremadura?\u2019 en canales de televisi\u00f3n generalistas y tem\u00e1ticos de \u00e1mbito nacional.<\/p>\n<p>Spot \u2018\u00bfQuieres escuchar Extremadura?\u2019<\/p>\n<p><a rel=\"nofollow noopener\" target=\"_blank\" href=\"https:\/\/i0.wp.com\/infoprovincia.net\/wp-content\/uploads\/2022\/06\/20220623_Portada_guia_Agua.jpg?ssl=1\"><img decoding=\"async\" data-attachment-id=\"282583\" data-permalink=\"https:\/\/infoprovincia.net\/2022\/06\/23\/turismo-lanza-la-campana-de-promocion-de-verano-y-edita-la-guia-extremadura-es-agua-2022\/20220623_portada_guia_agua\/\" data-orig-file=\"https:\/\/i0.wp.com\/infoprovincia.net\/wp-content\/uploads\/2022\/06\/20220623_Portada_guia_Agua.jpg?fit=947%2C1170&amp;ssl=1\" data-orig-size=\"947,1170\" data-comments-opened=\"1\" data-image-meta=\"{&quot;aperture&quot;:&quot;0&quot;,&quot;credit&quot;:&quot;&quot;,&quot;camera&quot;:&quot;&quot;,&quot;caption&quot;:&quot;&quot;,&quot;created_timestamp&quot;:&quot;0&quot;,&quot;copyright&quot;:&quot;&quot;,&quot;focal_length&quot;:&quot;0&quot;,&quot;iso&quot;:&quot;0&quot;,&quot;shutter_speed&quot;:&quot;0&quot;,&quot;title&quot;:&quot;&quot;,&quot;orientation&quot;:&quot;0&quot;}\" data-image-title=\"20220623_Portada_guia_Agua\" data-image-description=\"\" data-image-caption=\"\" data-medium-file=\"https:\/\/i0.wp.com\/infoprovincia.net\/wp-content\/uploads\/2022\/06\/20220623_Portada_guia_Agua.jpg?fit=243%2C300&amp;ssl=1\" data-large-file=\"https:\/\/i0.wp.com\/infoprovincia.net\/wp-content\/uploads\/2022\/06\/20220623_Portada_guia_Agua.jpg?fit=829%2C1024&amp;ssl=1\" class=\"wp-image-282583 alignright jetpack-lazy-image\" src=\"https:\/\/i0.wp.com\/infoprovincia.net\/wp-content\/uploads\/2022\/06\/20220623_Portada_guia_Agua.jpg?resize=534%2C660&amp;ssl=1\" alt=\"\" width=\"534\" height=\"660\" data-recalc-dims=\"1\" data-lazy-src=\"https:\/\/i0.wp.com\/infoprovincia.net\/wp-content\/uploads\/2022\/06\/20220623_Portada_guia_Agua.jpg?resize=534%2C660&amp;is-pending-load=1#038;ssl=1\" srcset=\"data:image\/gif;base64,R0lGODlhAQABAIAAAAAAAP\/\/\/yH5BAEAAAAALAAAAAABAAEAAAIBRAA7\"\/><noscript><img loading=\"lazy\" decoding=\"async\" data-attachment-id=\"282583\" data-permalink=\"https:\/\/infoprovincia.net\/2022\/06\/23\/turismo-lanza-la-campana-de-promocion-de-verano-y-edita-la-guia-extremadura-es-agua-2022\/20220623_portada_guia_agua\/\" data-orig-file=\"https:\/\/i0.wp.com\/infoprovincia.net\/wp-content\/uploads\/2022\/06\/20220623_Portada_guia_Agua.jpg?fit=947%2C1170&amp;ssl=1\" data-orig-size=\"947,1170\" data-comments-opened=\"1\" data-image-meta=\"{&quot;aperture&quot;:&quot;0&quot;,&quot;credit&quot;:&quot;&quot;,&quot;camera&quot;:&quot;&quot;,&quot;caption&quot;:&quot;&quot;,&quot;created_timestamp&quot;:&quot;0&quot;,&quot;copyright&quot;:&quot;&quot;,&quot;focal_length&quot;:&quot;0&quot;,&quot;iso&quot;:&quot;0&quot;,&quot;shutter_speed&quot;:&quot;0&quot;,&quot;title&quot;:&quot;&quot;,&quot;orientation&quot;:&quot;0&quot;}\" data-image-title=\"20220623_Portada_guia_Agua\" data-image-description=\"\" data-image-caption=\"\" data-medium-file=\"https:\/\/i0.wp.com\/infoprovincia.net\/wp-content\/uploads\/2022\/06\/20220623_Portada_guia_Agua.jpg?fit=243%2C300&amp;ssl=1\" data-large-file=\"https:\/\/i0.wp.com\/infoprovincia.net\/wp-content\/uploads\/2022\/06\/20220623_Portada_guia_Agua.jpg?fit=829%2C1024&amp;ssl=1\" alt=\"\" width=\"534\" height=\"660\" data-recalc-dims=\"1\" src=\"https:\/\/i0.wp.com\/infoprovincia.net\/wp-content\/uploads\/2022\/06\/20220623_Portada_guia_Agua.jpg?resize=534%2C660&amp;ssl=1\" class=\"wp-image-282583 alignright lazyload\"\/><noscript><img decoding=\"async\" data-attachment-id=\"282583\" data-permalink=\"https:\/\/infoprovincia.net\/2022\/06\/23\/turismo-lanza-la-campana-de-promocion-de-verano-y-edita-la-guia-extremadura-es-agua-2022\/20220623_portada_guia_agua\/\" data-orig-file=\"https:\/\/i0.wp.com\/infoprovincia.net\/wp-content\/uploads\/2022\/06\/20220623_Portada_guia_Agua.jpg?fit=947%2C1170&amp;ssl=1\" data-orig-size=\"947,1170\" data-comments-opened=\"1\" data-image-meta=\"{&quot;aperture&quot;:&quot;0&quot;,&quot;credit&quot;:&quot;&quot;,&quot;camera&quot;:&quot;&quot;,&quot;caption&quot;:&quot;&quot;,&quot;created_timestamp&quot;:&quot;0&quot;,&quot;copyright&quot;:&quot;&quot;,&quot;focal_length&quot;:&quot;0&quot;,&quot;iso&quot;:&quot;0&quot;,&quot;shutter_speed&quot;:&quot;0&quot;,&quot;title&quot;:&quot;&quot;,&quot;orientation&quot;:&quot;0&quot;}\" data-image-title=\"20220623_Portada_guia_Agua\" data-image-description=\"\" data-image-caption=\"\" data-medium-file=\"https:\/\/i0.wp.com\/infoprovincia.net\/wp-content\/uploads\/2022\/06\/20220623_Portada_guia_Agua.jpg?fit=243%2C300&amp;ssl=1\" data-large-file=\"https:\/\/i0.wp.com\/infoprovincia.net\/wp-content\/uploads\/2022\/06\/20220623_Portada_guia_Agua.jpg?fit=829%2C1024&amp;ssl=1\" class=\"wp-image-282583 alignright\" src=\"https:\/\/i0.wp.com\/infoprovincia.net\/wp-content\/uploads\/2022\/06\/20220623_Portada_guia_Agua.jpg?resize=534%2C660&amp;ssl=1\" alt=\"\" width=\"534\" height=\"660\" data-recalc-dims=\"1\"\/><\/noscript><\/noscript><\/a>Este spot, con dos versiones de 40 y 20 segundos, propone un viaje por paisajes y sonidos caracter\u00edsticos del verano extreme\u00f1o, como el fluir del agua en gargantas y piscinas naturales, los aplausos del p\u00fablico en el Pageant de Teatro Cl\u00e1sico de M\u00e9rida, el canto de las aves o el bullicio de fiestas y festivales.<\/p>\n<p>As\u00ed lo ha explicado el director normal de Turismo, Francisco Mart\u00edn Sim\u00f3n, en su intervenci\u00f3n de este jueves en la Asamblea de Extremadura, donde ha manifestado que \u201cExtremadura va a tener un excelente verano tur\u00edstico en todos los indicadores, vamos a continuar abriendo nueva oferta hotelera, extrahotelera y de restauraci\u00f3n de calidad, gracias al esfuerzo realizado por los empresarios y al plan de marketing de la Junta de Extremadura\u201d.<\/p>\n<p>Este Plan contempla 28 acciones promocionales y de acompa\u00f1amiento a la comercializaci\u00f3n desarrolladas durante el invierno y la pasada primavera, entre ellas, la campa\u00f1a del spot \u2018Extremadura, todo lo que imaginas, donde no te lo imaginas\u2019. La pel\u00edcula tuvo m\u00e1s de 500.000 reproducciones y consigui\u00f3 siete premios en festivales internacionales de cine y turismo.<\/p>\n<p>En el plano profesional, en FITUR 2022, que super\u00f3 todas las expectativas, las empresas y entidades extreme\u00f1as celebraron 407 reuniones con turoperadores y agentes de viajes; FITUR MICE con 30 citas profesionales para captar viajes de incentivos con alta capacidad de gasto, o FIO 2022 en cuya bolsa de contrataci\u00f3n se celebraron m\u00e1s de 500 reuniones. Tambi\u00e9n se ha participado en cinco ferias y cinco viajes profesionales a los mercados de Alemania, Austria, Reino Unido, Portugal y Francia.<\/p>\n<p>Adem\u00e1s, Mart\u00edn Sim\u00f3n ha destacado que \u201cnos hemos fijado como meta superar los buenos datos tur\u00edsticos del verano de 2021, esperamos 1,2 millones de pernoctaciones, 1.000 nuevos empleos entre julio, agosto y septiembre y alcanzar el pico de los 28.000 empleos directos en el sector tur\u00edstico y hostelero de la regi\u00f3n.\u201d<\/p>\n<p>Uno de los grandes atractivos de Extremadura en verano es la oferta relacionada con el agua. Turismo ha editado la gu\u00eda \u2018Extremadura es agua\u2019 2022, que re\u00fane informaci\u00f3n sobre las 37 zonas de ba\u00f1o certificadas en los censos europeos junto con otras 16 zonas de ba\u00f1o sujetas a vigilancia sanitaria de la calidad del agua.<\/p>\n<p>El director normal de Turismo se ha referido al lanzamiento de la s\u00e9ptima edici\u00f3n de \u2018Extremadura es agua\u2019, \u201cuna campa\u00f1a pensada para el verano, para disfrutar de las 53 zonas de ba\u00f1o con vigilancia sanitaria, de la amplia oferta cultural y tambi\u00e9n de Extremadura como destino gastron\u00f3mico. Un destino sostenible, seguro y aut\u00e9ntico, que invita a pasar un verano fant\u00e1stico en nuestra regi\u00f3n\u201d.<\/p>\n<p>Como novedad la gu\u00eda destaca las ocho playas que han logrado el distintivo de Bandera Azul. Son las playas de Orellana la Vieja, Cheles, Alange, Campanario, Los Calicantos (Casas de Don Pedro), Isla del Z\u00fajar (Castuera), El Espol\u00f3n-Peloche (Herrera del Duque) y Talarrubias-Puerto Pe\u00f1a (Talarrubias). Extremadura se ha convertido este verano en la Comunidad Aut\u00f3noma con m\u00e1s banderas azules en playas continentales de Espa\u00f1a.<\/p>\n<p>Adem\u00e1s, la gu\u00eda incorpora, por primera vez, un apartado dedicado a 17 paisajes de agua, protagonizados por gargantas, cascadas, meandros, formas curiosas de la naturaleza, como el Cerro Masatrigo en el embalse de La Serena y un sendero azul en Orellana. Tambi\u00e9n se recoge la oferta de turismo termal, fluvial y activo de la regi\u00f3n.<\/p>\n<p>La publicaci\u00f3n \u2018Extremadura es agua\u2019 se puede consultar y descargar en https:\/\/issuu.com\/extremadura_tur\/docs\/guia_del_agua. Cuenta tambi\u00e9n con una aplicaci\u00f3n para dispositivos m\u00f3viles disponible para IOS y Android.<\/p>\n<p>EXPOSICI\u00d3N \u2018LAS EDADES DEL HOMBRE\u2019<\/p>\n<p><a rel=\"nofollow noopener\" target=\"_blank\" href=\"https:\/\/i0.wp.com\/infoprovincia.net\/wp-content\/uploads\/2022\/06\/20220623_Workshop_Fatima.jpg?ssl=1\"><img decoding=\"async\" data-attachment-id=\"282584\" data-permalink=\"https:\/\/infoprovincia.net\/2022\/06\/23\/turismo-lanza-la-campana-de-promocion-de-verano-y-edita-la-guia-extremadura-es-agua-2022\/20220623_workshop_fatima\/\" data-orig-file=\"https:\/\/i0.wp.com\/infoprovincia.net\/wp-content\/uploads\/2022\/06\/20220623_Workshop_Fatima.jpg?fit=1024%2C768&amp;ssl=1\" data-orig-size=\"1024,768\" data-comments-opened=\"1\" data-image-meta=\"{&quot;aperture&quot;:&quot;0&quot;,&quot;credit&quot;:&quot;&quot;,&quot;camera&quot;:&quot;&quot;,&quot;caption&quot;:&quot;&quot;,&quot;created_timestamp&quot;:&quot;0&quot;,&quot;copyright&quot;:&quot;&quot;,&quot;focal_length&quot;:&quot;0&quot;,&quot;iso&quot;:&quot;0&quot;,&quot;shutter_speed&quot;:&quot;0&quot;,&quot;title&quot;:&quot;&quot;,&quot;orientation&quot;:&quot;0&quot;}\" data-image-title=\"20220623_Workshop_Fatima\" data-image-description=\"\" data-image-caption=\"\" data-medium-file=\"https:\/\/i0.wp.com\/infoprovincia.net\/wp-content\/uploads\/2022\/06\/20220623_Workshop_Fatima.jpg?fit=300%2C225&amp;ssl=1\" data-large-file=\"https:\/\/i0.wp.com\/infoprovincia.net\/wp-content\/uploads\/2022\/06\/20220623_Workshop_Fatima.jpg?fit=1024%2C768&amp;ssl=1\" class=\"wp-image-282584 alignright jetpack-lazy-image\" src=\"https:\/\/i0.wp.com\/infoprovincia.net\/wp-content\/uploads\/2022\/06\/20220623_Workshop_Fatima.jpg?resize=532%2C399&amp;ssl=1\" alt=\"\" width=\"532\" height=\"399\" data-recalc-dims=\"1\" data-lazy-src=\"https:\/\/i0.wp.com\/infoprovincia.net\/wp-content\/uploads\/2022\/06\/20220623_Workshop_Fatima.jpg?resize=532%2C399&amp;is-pending-load=1#038;ssl=1\" srcset=\"data:image\/gif;base64,R0lGODlhAQABAIAAAAAAAP\/\/\/yH5BAEAAAAALAAAAAABAAEAAAIBRAA7\"\/><noscript><img loading=\"lazy\" decoding=\"async\" data-attachment-id=\"282584\" data-permalink=\"https:\/\/infoprovincia.net\/2022\/06\/23\/turismo-lanza-la-campana-de-promocion-de-verano-y-edita-la-guia-extremadura-es-agua-2022\/20220623_workshop_fatima\/\" data-orig-file=\"https:\/\/i0.wp.com\/infoprovincia.net\/wp-content\/uploads\/2022\/06\/20220623_Workshop_Fatima.jpg?fit=1024%2C768&amp;ssl=1\" data-orig-size=\"1024,768\" data-comments-opened=\"1\" data-image-meta=\"{&quot;aperture&quot;:&quot;0&quot;,&quot;credit&quot;:&quot;&quot;,&quot;camera&quot;:&quot;&quot;,&quot;caption&quot;:&quot;&quot;,&quot;created_timestamp&quot;:&quot;0&quot;,&quot;copyright&quot;:&quot;&quot;,&quot;focal_length&quot;:&quot;0&quot;,&quot;iso&quot;:&quot;0&quot;,&quot;shutter_speed&quot;:&quot;0&quot;,&quot;title&quot;:&quot;&quot;,&quot;orientation&quot;:&quot;0&quot;}\" data-image-title=\"20220623_Workshop_Fatima\" data-image-description=\"\" data-image-caption=\"\" data-medium-file=\"https:\/\/i0.wp.com\/infoprovincia.net\/wp-content\/uploads\/2022\/06\/20220623_Workshop_Fatima.jpg?fit=300%2C225&amp;ssl=1\" data-large-file=\"https:\/\/i0.wp.com\/infoprovincia.net\/wp-content\/uploads\/2022\/06\/20220623_Workshop_Fatima.jpg?fit=1024%2C768&amp;ssl=1\" alt=\"\" width=\"532\" height=\"399\" data-recalc-dims=\"1\" src=\"https:\/\/i0.wp.com\/infoprovincia.net\/wp-content\/uploads\/2022\/06\/20220623_Workshop_Fatima.jpg?resize=532%2C399&amp;ssl=1\" class=\"wp-image-282584 alignright lazyload\"\/><noscript><img decoding=\"async\" data-attachment-id=\"282584\" data-permalink=\"https:\/\/infoprovincia.net\/2022\/06\/23\/turismo-lanza-la-campana-de-promocion-de-verano-y-edita-la-guia-extremadura-es-agua-2022\/20220623_workshop_fatima\/\" data-orig-file=\"https:\/\/i0.wp.com\/infoprovincia.net\/wp-content\/uploads\/2022\/06\/20220623_Workshop_Fatima.jpg?fit=1024%2C768&amp;ssl=1\" data-orig-size=\"1024,768\" data-comments-opened=\"1\" data-image-meta=\"{&quot;aperture&quot;:&quot;0&quot;,&quot;credit&quot;:&quot;&quot;,&quot;camera&quot;:&quot;&quot;,&quot;caption&quot;:&quot;&quot;,&quot;created_timestamp&quot;:&quot;0&quot;,&quot;copyright&quot;:&quot;&quot;,&quot;focal_length&quot;:&quot;0&quot;,&quot;iso&quot;:&quot;0&quot;,&quot;shutter_speed&quot;:&quot;0&quot;,&quot;title&quot;:&quot;&quot;,&quot;orientation&quot;:&quot;0&quot;}\" data-image-title=\"20220623_Workshop_Fatima\" data-image-description=\"\" data-image-caption=\"\" data-medium-file=\"https:\/\/i0.wp.com\/infoprovincia.net\/wp-content\/uploads\/2022\/06\/20220623_Workshop_Fatima.jpg?fit=300%2C225&amp;ssl=1\" data-large-file=\"https:\/\/i0.wp.com\/infoprovincia.net\/wp-content\/uploads\/2022\/06\/20220623_Workshop_Fatima.jpg?fit=1024%2C768&amp;ssl=1\" class=\"wp-image-282584 alignright\" src=\"https:\/\/i0.wp.com\/infoprovincia.net\/wp-content\/uploads\/2022\/06\/20220623_Workshop_Fatima.jpg?resize=532%2C399&amp;ssl=1\" alt=\"\" width=\"532\" height=\"399\" data-recalc-dims=\"1\"\/><\/noscript><\/noscript><\/a>El director normal ha se\u00f1alado que como novedad este a\u00f1o en el \u00e1mbito de la oferta cultural, se ha intensificado la promoci\u00f3n relacionada con la exposici\u00f3n \u2018Transitus\u2019 de \u2018Las Edades del Hombre\u2019, una muestra de 180 obras de arte sacro que puede verse en la catedral de Plasencia hasta el 11 de diciembre.<\/p>\n<p>Para difundir este evento y animar a los visitantes a conocer Extremadura, Turismo patrocina la emisi\u00f3n de dos destacados programas de radio de \u00e1mbito nacional, que emitir\u00e1n en directo desde la capital del Jerte. Se trata del programa \u2018La Ventana\u2019, de la Cadena SER, que har\u00e1 un especial este viernes 24 de junio a partir de las 16:00 horas, y de \u2018Gente Viajera\u2019, de Onda Cero, el 2 de julio a partir de las 12:00.<\/p>\n<p>Estos dos programas dan continuidad a la estrategia de advertising desarrollada durante toda la primavera con la presentaci\u00f3n de esta exposici\u00f3n en las comunidades aut\u00f3nomas de los principales mercados emisores de viajeros, Extremadura, Madrid, Andaluc\u00eda, Castilla Le\u00f3n y Pa\u00eds Vasco.<\/p>\n<p>Adem\u00e1s, la Consejer\u00eda de Cultura, Turismo y Deportes ha patrocinado la edici\u00f3n de la gu\u00eda \u2018Transita por Extremadura con Las Edades del Hombre\u2019, que incluye 20 rutas por toda la regi\u00f3n y 30 propuestas de naturaleza, patrimonio hist\u00f3rico, gastronom\u00eda, costumbres y tradiciones. Dicha publicaci\u00f3n se entrega a cada visitante de la exposici\u00f3n y est\u00e1 disponible en versi\u00f3n digital en https:\/\/transitus2022.com\/wp-content\/uploads\/2022\/05\/Guia-Las-Edades-del-Hombre.pdf<\/p>\n<p>ACCIONES DE TURISMO ESPIRITUAL Y MICE<\/p>\n<p>Mart\u00edn Sim\u00f3n ha avanzado que Extremadura participa este jueves y viernes en el IX Congreso Internacional de Turismo Religioso, que se celebra en la ciudad portuguesa de F\u00e1tima y que re\u00fane a turoperadores y agentes de viajes de todo el mundo. Turismo mantendr\u00e1 encuentros vis a vis con una treintena de empresas de pa\u00edses como Alemania, Reino Unido, Suiza, Polonia, EEUU, Canad\u00e1, Brasil, Corea del Sur y Nueva Zelanda, interesados en Extremadura como destino espiritual.<\/p>\n<p>Tambi\u00e9n en Portugal, la Direcci\u00f3n Normal de Turismo y Turespa\u00f1a colaboran en la organizaci\u00f3n de un viaje a Extremadura de cinco agentes portugueses especializados en turismo de reuniones, incentivos, congresos y eventos (MICE). Durante cuatro d\u00edas, del 23 al 26 de junio, estos profesionales visitar\u00e1n lugares singulares para la celebraci\u00f3n de eventos, como restaurantes, hoteles, alojamientos rurales y bodegas, y conocer\u00e1n algunas experiencias dise\u00f1adas para este tipo de turista, desde visitas culturales a degustaciones gastron\u00f3micas. Portugal es el primer mercado emisor internacional para Extremadura.<\/p>\n<p>Esta acci\u00f3n de turismo MICE se produce despu\u00e9s de los viajes de agentes y prensa especializada de Austria, a finales de marzo, y de organizadores de eventos de Francia, a mediados de mayo y se enmarca en las acciones de advertising del nuevo membership de producto tur\u00edstico MICE Extremadura Conference Bureau.<\/p>\n<p>Tanto la campa\u00f1a de verano \u2018Extremadura es agua\u2019 2022 como las acciones de turismo cultural, espiritual y MICE, destacadas anteriormente, forman parte de la planificaci\u00f3n estrat\u00e9gica para posicionar Extremadura como un destino seguro y aut\u00e9ntico para este verano y oto\u00f1o, y dan continuidad a las acciones promocionales llevadas a cabo en los \u00faltimos meses de invierno y primavera.<\/p>\n<\/p><\/div>\n\n<p><em> &#8221; Fuentes infoprovincia.net &#8221; <\/em><\/p>\n","protected":false},"excerpt":{"rendered":"<p>La Direcci\u00f3n Normal de Turismo ha puesto en marcha una campa\u00f1a de promoci\u00f3n de verano para posicionar el destino Extremadura en el mercado nacional y aumentar el n\u00famero de viajeros a la regi\u00f3n. En junio y julio se emitir\u00e1 el spot \u2018\u00bfQuieres escuchar Extremadura?\u2019 en canales de televisi\u00f3n generalistas y tem\u00e1ticos de \u00e1mbito nacional. Spot [&hellip;]<\/p>\n","protected":false},"author":4,"featured_media":338224,"comment_status":"open","ping_status":"closed","sticky":false,"template":"","format":"standard","meta":{"om_disable_all_campaigns":false,"jnews-multi-image_gallery":[],"jnews_single_post":[],"jnews_primary_category":[],"jnews_social_meta":[],"footnotes":""},"categories":[40],"tags":[12976,544],"class_list":["post-338223","post","type-post","status-publish","format-standard","has-post-thumbnail","hentry","category-industria","tag-junta-de-extremadura","tag-turismo"],"_links":{"self":[{"href":"https:\/\/dimensionturistica.com\/es\/wp-json\/wp\/v2\/posts\/338223","targetHints":{"allow":["GET"]}}],"collection":[{"href":"https:\/\/dimensionturistica.com\/es\/wp-json\/wp\/v2\/posts"}],"about":[{"href":"https:\/\/dimensionturistica.com\/es\/wp-json\/wp\/v2\/types\/post"}],"author":[{"embeddable":true,"href":"https:\/\/dimensionturistica.com\/es\/wp-json\/wp\/v2\/users\/4"}],"replies":[{"embeddable":true,"href":"https:\/\/dimensionturistica.com\/es\/wp-json\/wp\/v2\/comments?post=338223"}],"version-history":[{"count":0,"href":"https:\/\/dimensionturistica.com\/es\/wp-json\/wp\/v2\/posts\/338223\/revisions"}],"wp:featuredmedia":[{"embeddable":true,"href":"https:\/\/dimensionturistica.com\/es\/wp-json\/wp\/v2\/media\/338224"}],"wp:attachment":[{"href":"https:\/\/dimensionturistica.com\/es\/wp-json\/wp\/v2\/media?parent=338223"}],"wp:term":[{"taxonomy":"category","embeddable":true,"href":"https:\/\/dimensionturistica.com\/es\/wp-json\/wp\/v2\/categories?post=338223"},{"taxonomy":"post_tag","embeddable":true,"href":"https:\/\/dimensionturistica.com\/es\/wp-json\/wp\/v2\/tags?post=338223"}],"curies":[{"name":"wp","href":"https:\/\/api.w.org\/{rel}","templated":true}]}}