{"id":337734,"date":"2022-06-22T20:36:52","date_gmt":"2022-06-22T20:36:52","guid":{"rendered":"https:\/\/dimensionturistica.com\/es\/?p=337734"},"modified":"2022-06-22T20:36:52","modified_gmt":"2022-06-22T20:36:52","slug":"sera-un-gran-atractivo-la-carrera-del-desierto-de-altar-que-anclo-para-quedarse","status":"publish","type":"post","link":"https:\/\/dimensionturistica.com\/es\/sera-un-gran-atractivo-la-carrera-del-desierto-de-altar-que-anclo-para-quedarse\/","title":{"rendered":"Sera un gran atractivo la Carrera del Desierto de Altar, que anclo para quedarse"},"content":{"rendered":"<p><img decoding=\"async\" class=\"size-medium wp-image-337743 alignright\" src=\"https:\/\/dimensionturistica.com\/es\/wp-content\/uploads\/2022\/06\/Carrera-del-Desierto-de-Altar-300x165.jpg\" alt=\"\" width=\"300\" height=\"165\" srcset=\"https:\/\/dimensionturistica.com\/es\/wp-content\/uploads\/2022\/06\/Carrera-del-Desierto-de-Altar-300x165.jpg 300w, https:\/\/dimensionturistica.com\/es\/wp-content\/uploads\/2022\/06\/Carrera-del-Desierto-de-Altar.jpg 567w\" sizes=\"(max-width: 300px) 100vw, 300px\" \/>El secretario de Turismo del Gobierno de M\u00e9xico, Miguel Torruco Marqu\u00e9s, se congratul\u00f3 por el anuncio que hizo el gobernador de Sonora, Alfonso Durazo Monta\u00f1o, de la Gran Carrera del Desierto de Altar, que se llevar\u00e1 a cabo el 22 y 23 de octubre de 2022 en Puerto Pe\u00f1asco, y que ser\u00e1 un evento de alto impacto que lleg\u00f3 para quedarse como uno de los atractivos ancla del pa\u00eds, que impulsar\u00e1 la diversificaci\u00f3n del turismo.<br \/>\nEl titular de la Secretar\u00eda de Turismo (Sectur) indic\u00f3 que esta carrera es el resultado del esfuerzo conjunto con el Gobierno del Estado de Sonora, con el apoyo de la aerol\u00ednea Emirates, y est\u00e1 inspirada en una competencia que<img decoding=\"async\" class=\"size-medium wp-image-337748 alignright\" src=\"https:\/\/dimensionturistica.com\/es\/wp-content\/uploads\/2022\/06\/Carrera-del-Desierto-de-Altar-3-300x162.jpg\" alt=\"\" width=\"300\" height=\"162\" srcset=\"https:\/\/dimensionturistica.com\/es\/wp-content\/uploads\/2022\/06\/Carrera-del-Desierto-de-Altar-3-300x162.jpg 300w, https:\/\/dimensionturistica.com\/es\/wp-content\/uploads\/2022\/06\/Carrera-del-Desierto-de-Altar-3.jpg 567w\" sizes=\"(max-width: 300px) 100vw, 300px\" \/> se realiza en los Emiratos \u00c1rabes Unidos.<br \/>\nSe\u00f1al\u00f3 que este evento motivar\u00e1 la llegada de atletas de m\u00e1s de 10 naciones, adem\u00e1s que, su difusi\u00f3n en medios nacionales e internacionales contribuir\u00e1 con la promoci\u00f3n tur\u00edstica de los atractivos tur\u00edsticos de M\u00e9xico.<br \/>\n\u201cFelicito al gobernador de Sonora, Alfonso Durazo, por contribuir con el desarrollo de productos ancla, como lo estamos haciendo en cada una de las entidades del pa\u00eds, con el prop\u00f3sito de que los beneficios de la actividad tur\u00edsticas lleguen a m\u00e1s comunidades y no se concentren solo en seis plazas\u201d, declar\u00f3 Torruco Marqu\u00e9s.<br \/>\nLa carrera contar\u00e1 con tres modalidades: la Categor\u00eda Ultra Trail 75K, la cual consistir\u00e1 en 75 kil\u00f3metros recorridos en dos formatos (50 kil\u00f3metros el<img decoding=\"async\" class=\"size-medium wp-image-337749 alignright\" src=\"https:\/\/dimensionturistica.com\/es\/wp-content\/uploads\/2022\/06\/Carrera-del-Desierto-de-Altar-2-300x187.jpg\" alt=\"\" width=\"300\" height=\"187\" srcset=\"https:\/\/dimensionturistica.com\/es\/wp-content\/uploads\/2022\/06\/Carrera-del-Desierto-de-Altar-2-300x187.jpg 300w, https:\/\/dimensionturistica.com\/es\/wp-content\/uploads\/2022\/06\/Carrera-del-Desierto-de-Altar-2.jpg 567w\" sizes=\"(max-width: 300px) 100vw, 300px\" \/> primer d\u00eda y 25 kil\u00f3metros el segundo), e incluir\u00e1 una noche de campamento en el desierto; la categor\u00eda Desert Run, con 25 kil\u00f3metros a recorrerse en el d\u00eda dos; y por \u00faltimo la Fun Run, la cual constar\u00e1 de 10 kil\u00f3metros a recorrerse tambi\u00e9n durante el segundo d\u00eda.<br \/>\nPor su parte, el gobernador de Sonora detall\u00f3 que para la Gran Carrera del Desierto de Altar se estima la participaci\u00f3n de alrededor mil corredores, en ramas varonil y femenil. Recorre tres ecosistemas y se desarrolla en un escenario \u00fanico que combina mar y desierto.<br \/>\nAgreg\u00f3 que ser\u00e1 un evento sin precedentes de promoci\u00f3n del turismo deportivo. Agradeci\u00f3 el apoyo de Sectur, para consolidar este proyecto que aprovecha la magnitud y caracter\u00edsticas del lugar, y se consolidar\u00e1 a nivel mundial.<br \/>\nEn su oportunidad, Celida L\u00f3pez C\u00e1rdenas, secretaria de Turismo de Sonora,<img decoding=\"async\" class=\"size-medium wp-image-337751 alignright\" src=\"https:\/\/dimensionturistica.com\/es\/wp-content\/uploads\/2022\/06\/del-Desierto-de-Altar-300x169.jpg\" alt=\"\" width=\"300\" height=\"169\" srcset=\"https:\/\/dimensionturistica.com\/es\/wp-content\/uploads\/2022\/06\/del-Desierto-de-Altar-300x169.jpg 300w, https:\/\/dimensionturistica.com\/es\/wp-content\/uploads\/2022\/06\/del-Desierto-de-Altar.jpg 567w\" sizes=\"(max-width: 300px) 100vw, 300px\" \/> resalt\u00f3 que se llevar\u00e1n a cabo acciones para el cuidado del medio ambiente, con el prop\u00f3sito de cuidar el entorno en donde se llevar\u00e1 a cabo.<br \/>\n\u201cEs una carrera \u00fanica en su tipo de deporte extremo, un ultra marat\u00f3n en el desierto en M\u00e9xico y con la caracter\u00edstica de reunir tres ecosistemas diferentes\u201d, coment\u00f3 L\u00f3pez C\u00e1rdenas.<br \/>\nLa Gran Carrera del Desierto de Altar se suma a una serie de productos ancla y eventos de alto impacto, como el Museo Casa Armando Manzanero, en M\u00e9rida, Yucat\u00e1n; el Museo de la Hoteler\u00eda, en Orizaba, Veracruz; La Chinesca, en Mexicali, Baja California Sur; la Carrera del Pescado de Moctezuma, Down Hill Taxco y la carrera De Mar a Mar en Baja California Sur.<\/p>\n","protected":false},"excerpt":{"rendered":"<p>El secretario de Turismo del Gobierno de M\u00e9xico, Miguel Torruco Marqu\u00e9s, se congratul\u00f3 por el anuncio que hizo el gobernador de Sonora, Alfonso Durazo Monta\u00f1o, de la Gran Carrera del Desierto de Altar, que se llevar\u00e1 a cabo el 22 y 23 de octubre de 2022 en Puerto Pe\u00f1asco, y que ser\u00e1 un evento de [&hellip;]<\/p>\n","protected":false},"author":1,"featured_media":337744,"comment_status":"open","ping_status":"closed","sticky":false,"template":"","format":"standard","meta":{"om_disable_all_campaigns":false,"jnews-multi-image_gallery":[],"jnews_single_post":{"source_name":"","source_url":"","via_name":"","via_url":"","override_template":"0","override":[{"template":"1","single_blog_custom":"","parallax":"1","fullscreen":"1","layout":"right-sidebar","sidebar":"default-sidebar","second_sidebar":"default-sidebar","sticky_sidebar":"1","share_position":"top","share_float_style":"share-monocrhome","show_share_counter":"1","show_view_counter":"1","show_featured":"1","show_post_meta":"1","show_post_author":"1","show_post_author_image":"1","show_post_date":"1","post_date_format":"default","post_date_format_custom":"Y\/m\/d","show_post_category":"1","show_post_reading_time":"0","post_reading_time_wpm":"300","show_zoom_button":"0","zoom_button_out_step":"2","zoom_button_in_step":"3","show_post_tag":"1","show_prev_next_post":"1","show_popup_post":"1","number_popup_post":"1","show_author_box":"0","show_post_related":"0","show_inline_post_related":"0"}],"override_image_size":"0","image_override":[{"single_post_thumbnail_size":"crop-500","single_post_gallery_size":"crop-500"}],"trending_post":"0","trending_post_position":"meta","trending_post_label":"Trending","sponsored_post":"0","sponsored_post_label":"Sponsored by","sponsored_post_name":"","sponsored_post_url":"","sponsored_post_logo_enable":"0","sponsored_post_logo":"","sponsored_post_desc":"","disable_ad":"0"},"jnews_primary_category":{"id":""},"jnews_social_meta":{"fb_title":"","fb_description":"","fb_image":"","twitter_title":"","twitter_description":"","twitter_image":""},"footnotes":""},"categories":[39],"tags":[],"class_list":["post-337734","post","type-post","status-publish","format-standard","has-post-thumbnail","hentry","category-viajes"],"_links":{"self":[{"href":"https:\/\/dimensionturistica.com\/es\/wp-json\/wp\/v2\/posts\/337734","targetHints":{"allow":["GET"]}}],"collection":[{"href":"https:\/\/dimensionturistica.com\/es\/wp-json\/wp\/v2\/posts"}],"about":[{"href":"https:\/\/dimensionturistica.com\/es\/wp-json\/wp\/v2\/types\/post"}],"author":[{"embeddable":true,"href":"https:\/\/dimensionturistica.com\/es\/wp-json\/wp\/v2\/users\/1"}],"replies":[{"embeddable":true,"href":"https:\/\/dimensionturistica.com\/es\/wp-json\/wp\/v2\/comments?post=337734"}],"version-history":[{"count":0,"href":"https:\/\/dimensionturistica.com\/es\/wp-json\/wp\/v2\/posts\/337734\/revisions"}],"wp:featuredmedia":[{"embeddable":true,"href":"https:\/\/dimensionturistica.com\/es\/wp-json\/wp\/v2\/media\/337744"}],"wp:attachment":[{"href":"https:\/\/dimensionturistica.com\/es\/wp-json\/wp\/v2\/media?parent=337734"}],"wp:term":[{"taxonomy":"category","embeddable":true,"href":"https:\/\/dimensionturistica.com\/es\/wp-json\/wp\/v2\/categories?post=337734"},{"taxonomy":"post_tag","embeddable":true,"href":"https:\/\/dimensionturistica.com\/es\/wp-json\/wp\/v2\/tags?post=337734"}],"curies":[{"name":"wp","href":"https:\/\/api.w.org\/{rel}","templated":true}]}}