{"id":337693,"date":"2022-06-22T19:53:32","date_gmt":"2022-06-22T19:53:32","guid":{"rendered":"https:\/\/dimensionturistica.com\/es\/?p=337693"},"modified":"2022-06-22T19:53:32","modified_gmt":"2022-06-22T19:53:32","slug":"la-tendencia-gastronomica-de-yucatan-de-la-mano-del-turismo","status":"publish","type":"post","link":"https:\/\/dimensionturistica.com\/es\/la-tendencia-gastronomica-de-yucatan-de-la-mano-del-turismo\/","title":{"rendered":"La tendencia gastron\u00f3mica de Yucat\u00e1n de la mano del turismo"},"content":{"rendered":"<p><img decoding=\"async\" class=\"size-medium wp-image-337694 alignright\" src=\"https:\/\/dimensionturistica.com\/es\/wp-content\/uploads\/2022\/06\/unnamed-41-300x200.jpg\" alt=\"\" width=\"300\" height=\"200\" srcset=\"https:\/\/dimensionturistica.com\/es\/wp-content\/uploads\/2022\/06\/unnamed-41-300x200.jpg 300w, https:\/\/dimensionturistica.com\/es\/wp-content\/uploads\/2022\/06\/unnamed-41-1024x683.jpg 1024w, https:\/\/dimensionturistica.com\/es\/wp-content\/uploads\/2022\/06\/unnamed-41-768x512.jpg 768w, https:\/\/dimensionturistica.com\/es\/wp-content\/uploads\/2022\/06\/unnamed-41-750x500.jpg 750w, https:\/\/dimensionturistica.com\/es\/wp-content\/uploads\/2022\/06\/unnamed-41-1140x760.jpg 1140w, https:\/\/dimensionturistica.com\/es\/wp-content\/uploads\/2022\/06\/unnamed-41.jpg 1200w\" sizes=\"(max-width: 300px) 100vw, 300px\" \/>Como parte de las actividades del A\u00f1o de la Gastronom\u00eda, la entidad ser\u00e1 sede del Latin America\u2019s 50 Best Restaurants, entre otros eventos dentro y fuera de Yucat\u00e1n que se extender\u00e1n hasta el 2023<br \/>\nLa campa\u00f1a complementaria \u201c365 sabores en Yucat\u00e1n\u201d comenz\u00f3 el pasado 18 de junio: D\u00eda Mundial de la Gastronom\u00eda Sostenible, en la que se destacar\u00e1n experiencias, ingredientes, sabores y t\u00e9cnicas ancestrales de la gastronom\u00eda del Estado<br \/>\nCiudad de M\u00e9xico a 21 de junio de 2022. El gobierno de Yucat\u00e1n present\u00f3 dio a conocer los proyectos en torno al A\u00f1o de la Gastronom\u00eda Yucateca que tienen contemplados para la entidad, siendo el Latin America\u2019s 50 Best Restaurants, uno de los eventos m\u00e1s importantes que se llevar\u00e1n a cabo en el marco de esta campa\u00f1a, con lo que Yucat\u00e1n se consolidar\u00e1 como un<img decoding=\"async\" class=\"size-medium wp-image-337695 alignright\" src=\"https:\/\/dimensionturistica.com\/es\/wp-content\/uploads\/2022\/06\/unnamed-4-6-300x200.jpg\" alt=\"\" width=\"300\" height=\"200\" srcset=\"https:\/\/dimensionturistica.com\/es\/wp-content\/uploads\/2022\/06\/unnamed-4-6-300x200.jpg 300w, https:\/\/dimensionturistica.com\/es\/wp-content\/uploads\/2022\/06\/unnamed-4-6-1024x683.jpg 1024w, https:\/\/dimensionturistica.com\/es\/wp-content\/uploads\/2022\/06\/unnamed-4-6-768x512.jpg 768w, https:\/\/dimensionturistica.com\/es\/wp-content\/uploads\/2022\/06\/unnamed-4-6-1536x1024.jpg 1536w, https:\/\/dimensionturistica.com\/es\/wp-content\/uploads\/2022\/06\/unnamed-4-6-750x500.jpg 750w, https:\/\/dimensionturistica.com\/es\/wp-content\/uploads\/2022\/06\/unnamed-4-6-1140x760.jpg 1140w, https:\/\/dimensionturistica.com\/es\/wp-content\/uploads\/2022\/06\/unnamed-4-6.jpg 1920w\" sizes=\"(max-width: 300px) 100vw, 300px\" \/> destino gastron\u00f3mico de primer nivel a nivel global.<\/p>\n<p>El 2022 es un a\u00f1o emblem\u00e1tico para el turismo a nivel global, siendo \u00e9ste en el que los destinos apuestan por la recuperaci\u00f3n del sector despu\u00e9s de las limitantes que se vivieron ante el Covid-19, por lo que Yucat\u00e1n decidi\u00f3 darle un enfoque especial y declar\u00e1ndolo como el A\u00f1o de la Gastronom\u00eda.<\/p>\n<p>El Gobernador de Yucat\u00e1n, Mauricio Vila Dosal, acompa\u00f1ado de la titular de la Secretar\u00eda de Fomento Tur\u00edstico de la Entidad (Sefotur), Michelle Fridman, presentaron las acciones emprendidas por parte de Yucat\u00e1n para la<img decoding=\"async\" class=\"size-medium wp-image-337701 alignright\" src=\"https:\/\/dimensionturistica.com\/es\/wp-content\/uploads\/2022\/06\/unnamed-1-24-300x200.jpg\" alt=\"\" width=\"300\" height=\"200\" srcset=\"https:\/\/dimensionturistica.com\/es\/wp-content\/uploads\/2022\/06\/unnamed-1-24-300x200.jpg 300w, https:\/\/dimensionturistica.com\/es\/wp-content\/uploads\/2022\/06\/unnamed-1-24-1024x683.jpg 1024w, https:\/\/dimensionturistica.com\/es\/wp-content\/uploads\/2022\/06\/unnamed-1-24-768x512.jpg 768w, https:\/\/dimensionturistica.com\/es\/wp-content\/uploads\/2022\/06\/unnamed-1-24-1536x1024.jpg 1536w, https:\/\/dimensionturistica.com\/es\/wp-content\/uploads\/2022\/06\/unnamed-1-24-750x500.jpg 750w, https:\/\/dimensionturistica.com\/es\/wp-content\/uploads\/2022\/06\/unnamed-1-24-1140x760.jpg 1140w, https:\/\/dimensionturistica.com\/es\/wp-content\/uploads\/2022\/06\/unnamed-1-24.jpg 1920w\" sizes=\"(max-width: 300px) 100vw, 300px\" \/> recuperaci\u00f3n del Estado en materia tur\u00edstica y econ\u00f3mica posterior a la pandemia por Covid \u2013 19, entre los que la atracci\u00f3n de m\u00e1s inversiones, el incremento de la conectividad a\u00e9rea, mar\u00edtima y terrestre, as\u00ed como los atractivos de Yucat\u00e1n, ser\u00e1n la base para consolidaci\u00f3n de Yucat\u00e1n como un destino vers\u00e1til para el Turismo actual.<\/p>\n<p>Adapt\u00e1ndose a las nuevas formas de hacer turismo, buscando posicionar a Yucat\u00e1n como uno de los mejores de M\u00e9xico, de la mano del sector empresarial, el Gobierno del Estado, a trav\u00e9s de la Sefotur ha implementado una serie de acciones con las que se ha visto una recuperaci\u00f3n constante<img decoding=\"async\" class=\"size-medium wp-image-337705 alignright\" src=\"https:\/\/dimensionturistica.com\/es\/wp-content\/uploads\/2022\/06\/218A3765-300x200.jpg\" alt=\"\" width=\"300\" height=\"200\" srcset=\"https:\/\/dimensionturistica.com\/es\/wp-content\/uploads\/2022\/06\/218A3765-300x200.jpg 300w, https:\/\/dimensionturistica.com\/es\/wp-content\/uploads\/2022\/06\/218A3765-1024x683.jpg 1024w, https:\/\/dimensionturistica.com\/es\/wp-content\/uploads\/2022\/06\/218A3765-768x512.jpg 768w, https:\/\/dimensionturistica.com\/es\/wp-content\/uploads\/2022\/06\/218A3765-1536x1024.jpg 1536w, https:\/\/dimensionturistica.com\/es\/wp-content\/uploads\/2022\/06\/218A3765-750x500.jpg 750w, https:\/\/dimensionturistica.com\/es\/wp-content\/uploads\/2022\/06\/218A3765-1140x760.jpg 1140w, https:\/\/dimensionturistica.com\/es\/wp-content\/uploads\/2022\/06\/218A3765.jpg 1920w\" sizes=\"(max-width: 300px) 100vw, 300px\" \/> sobre los indicadores en comparaci\u00f3n con los del 2019, previo a la pandemia, siendo \u00e9ste, un a\u00f1o sin precedentes para el Turismo de Yucat\u00e1n y en los que para el 2022, no s\u00f3lo se han alcanzado ya varios de estos indicadores, en algunos casos, se han rebasado las cifras, coment\u00f3 Fridman Hirsch.<\/p>\n<p>Sobre este tema, Mauricio Vila mencion\u00f3 que en lo que va del 2022 ya han recibido m\u00e1s turistas que en el mismo periodo del 2019, que fue un a\u00f1o hist\u00f3rico, lo que habla de que el Turismo est\u00e1 de regreso \u2013el mes de enero, ha sido el mes que m\u00e1s turistas dom\u00e9sticos ha recibido la entidad en nuestra historia desde que se tiene registro de DATATUR EN 2004, y por citar otro ejemplo, en el mes de marzo de este a\u00f1o, es el mes que m\u00e1s pasajeros ha recibido en toda su historia el Aeropuerto de la Ciudad de M\u00e9rida, lo que habla de las acciones implementadas para la promoci\u00f3n del<img decoding=\"async\" class=\"size-medium wp-image-337706 alignright\" src=\"https:\/\/dimensionturistica.com\/es\/wp-content\/uploads\/2022\/06\/218A3794-300x200.jpg\" alt=\"\" width=\"300\" height=\"200\" srcset=\"https:\/\/dimensionturistica.com\/es\/wp-content\/uploads\/2022\/06\/218A3794-300x200.jpg 300w, https:\/\/dimensionturistica.com\/es\/wp-content\/uploads\/2022\/06\/218A3794-1024x683.jpg 1024w, https:\/\/dimensionturistica.com\/es\/wp-content\/uploads\/2022\/06\/218A3794-768x512.jpg 768w, https:\/\/dimensionturistica.com\/es\/wp-content\/uploads\/2022\/06\/218A3794-1536x1024.jpg 1536w, https:\/\/dimensionturistica.com\/es\/wp-content\/uploads\/2022\/06\/218A3794-750x500.jpg 750w, https:\/\/dimensionturistica.com\/es\/wp-content\/uploads\/2022\/06\/218A3794-1140x760.jpg 1140w, https:\/\/dimensionturistica.com\/es\/wp-content\/uploads\/2022\/06\/218A3794.jpg 1920w\" sizes=\"(max-width: 300px) 100vw, 300px\" \/> Estado, han tenido excelentes resultados -, agreg\u00f3 el mandatario. \u201cEstamos convencidos de que el turismo gastron\u00f3mico es de los segmentos m\u00e1s transversales y que m\u00e1s recuperaci\u00f3n econ\u00f3mica puede traer a m\u00e1s manos, puesto que impacta en todos los otros segmentos tur\u00edsticos y porque Yucat\u00e1n es muy potente en ese segmento\u201d, mencion\u00f3 Michelle Fridman.<\/p>\n<p>\u201cYucat\u00e1n lo tiene todo, una herencia milenaria culinaria que habla de nuestra historia, tenemos experiencias gastron\u00f3micas y tur\u00edsticas sumamente atractivas; tenemos un listado de cocineras y de chefs muy creativos y talentosos, pero adem\u00e1s tenemos ingredientes end\u00e9micos que hacen de nuestra gastronom\u00eda algo \u00fanico, diferente e identitario. Creemos que, con la promoci\u00f3n del A\u00f1o de la Gastronom\u00eda, los eventos, las campa\u00f1as y las<img decoding=\"async\" class=\"size-medium wp-image-337707 alignright\" src=\"https:\/\/dimensionturistica.com\/es\/wp-content\/uploads\/2022\/06\/218A3938-300x200.jpg\" alt=\"\" width=\"300\" height=\"200\" srcset=\"https:\/\/dimensionturistica.com\/es\/wp-content\/uploads\/2022\/06\/218A3938-300x200.jpg 300w, https:\/\/dimensionturistica.com\/es\/wp-content\/uploads\/2022\/06\/218A3938-1024x683.jpg 1024w, https:\/\/dimensionturistica.com\/es\/wp-content\/uploads\/2022\/06\/218A3938-768x512.jpg 768w, https:\/\/dimensionturistica.com\/es\/wp-content\/uploads\/2022\/06\/218A3938-1536x1024.jpg 1536w, https:\/\/dimensionturistica.com\/es\/wp-content\/uploads\/2022\/06\/218A3938-750x500.jpg 750w, https:\/\/dimensionturistica.com\/es\/wp-content\/uploads\/2022\/06\/218A3938-1140x760.jpg 1140w, https:\/\/dimensionturistica.com\/es\/wp-content\/uploads\/2022\/06\/218A3938.jpg 1920w\" sizes=\"(max-width: 300px) 100vw, 300px\" \/> iniciativas que estamos teniendo, vamos a poder posicionar muy bien, esto que es tan atractivo, como son los Sabores de Yucat\u00e1n, pero al mismo tiempo acelerar el proceso de recuperaci\u00f3n tur\u00edstica y econ\u00f3mica post pandemia que queremos alcanzar este a\u00f1o y que estamos incluso rebasando en muchos indicadores\u201d, finaliz\u00f3 la titular de Turismo de Yucat\u00e1n.<\/p>\n<p>Yucat\u00e1n es un destino tur\u00edstico que ha venido posicion\u00e1ndose como uno de los mejores de M\u00e9xico, por su amplia oferta tur\u00edstica natural, arqueol\u00f3gica, cultural e hist\u00f3rica, pero, de manera especial su gastronom\u00eda ha tomado un lugar emblem\u00e1tico, coloc\u00e1ndose como un destino gastron\u00f3mico por naturaleza por su vasta oferta de experiencias culinarias \u00fanicas en el pa\u00eds y de restaurantes desde tradicionales, hasta contempor\u00e1neos y de cocina de autor de la m\u00e1s alta calidad, dirigidos por chefs yucatecos o de otras ciudades y pa\u00edses, con destacadas trayectorias en la industria gastron\u00f3mica, que han encontrado en Yucat\u00e1n, la abundancia de ingredientes, t\u00e9cnicas ancestrales y el ambiente perfecto para hacer de este destino su hogar.<\/p>\n<p>Por lo anterior y tomando como base el \u00e9xito obtenido de la campa\u00f1a \u201c365 d\u00edas en Yucat\u00e1n\u201d, surge desde la Sefotur, una iniciativa como campa\u00f1a complementaria al A\u00f1o de la Gastronom\u00eda: \u201c365 sabores de Yucat\u00e1n\u201d, enfocada en la cultura culinaria de la regi\u00f3n, con la que se busca incrementar el inter\u00e9s de los visitantes por conocer la historia y el origen de las tradiciones yucatecas como una forma de impulsar el consumo regional, lo de temporada y lo que es org\u00e1nico, en la que se destacar\u00e1n las recetas, los ingredientes y las experiencias gastron\u00f3micas, teniendo como fecha de inicio el pasado 18 de junio, D\u00eda Mundial de la Gastronom\u00eda Sostenible.<\/p>\n<p>Fridman Hirsch, dej\u00f3 saber que, cada d\u00eda, durante 365 d\u00edas, se compartir\u00e1 a trav\u00e9s de las redes sociales de Yucat\u00e1n, una experiencia o actividad relacionada con la gastronom\u00eda de la entidad, acompa\u00f1ada de una descripci\u00f3n y los detalles de en qu\u00e9 lugar del Estado pueden realizarla. Es importante recordar que, as\u00ed como en la campa\u00f1a anterior, esta tambi\u00e9n considerar\u00e1 experiencias de las seis regiones tur\u00edsticas del Estado, como parte de la descentralizaci\u00f3n del turismo, iniciativa implementada por el Gobierno Estatal, para que los beneficios de este sector lleguen a m\u00e1s personas y con ello, el beneficio sea m\u00e1s amplio.<\/p>\n<p>Asimismo, destac\u00f3 que el a\u00f1o de la Gastronom\u00eda en Yucat\u00e1n, considera tambi\u00e9n la Aplicaci\u00f3n de la Pol\u00edtica Gastron\u00f3mica de Yucat\u00e1n 2022 que se firm\u00f3 en el marco del TTM 2021, el plan de trabajo sobre este segmento incluye el refrendo del convenio de colaboraci\u00f3n \u201cEmbajadores gastron\u00f3micos de Yucat\u00e1n\u201d, la vinculaci\u00f3n de Municipios y otras dependencias de Gobierno, as\u00ed como con Organismos Internacionales como la OMT, Laboratorio Tur\u00edstico Gastron\u00f3mico (IICA), y Aspen Institute.<\/p>\n<p>&nbsp;<\/p>\n<p>Adem\u00e1s, incluye el impulso a la gastronom\u00eda como eje de desarrollo tur\u00edstico con rutas tur\u00edsticas, mercados, producto tur\u00edstico relacionado a la gastronom\u00eda, clases de cocina, catas, degustaciones y experiencias, entre otros, as\u00ed como, el involucrar un elemento gastron\u00f3mico en cada una de las actividades de promoci\u00f3n que se realicen para el posicionamiento de Yucat\u00e1n, desde la presentaci\u00f3n en Ferias y eventos fuera de Yucat\u00e1n, como fue la presentaci\u00f3n de Yucat\u00e1n en la Feria Nacional de San Marcos en abril pasado y la reciente muestra gastron\u00f3mica realizada en el marco de la \u00faltima edici\u00f3n del Tianguis Tur\u00edstico de M\u00e9xico en Acapulco y en el futuro, la presencia de Yucat\u00e1n como invitado especial en el Festival Morelia en Boca y el concurso mundial de Bruselas, la realizaci\u00f3n de festivales, encuentros y eventos especiales en el Estado, entre los que se encuentra un Festival de Gastronom\u00eda Contempor\u00e1nea, Yucat\u00e1n for peace, un Encuentro de cocina tradicional, el Hokol Vuh, la Feria de Turismo y gastronom\u00eda y el Latin America\u2019s 50 Best Restaurants.<\/p>\n<p>Este \u00faltimo es un evento internacional de gran magnitud en el \u00e1mbito culinario profesional del mundo en el que se premia lo mejor de lo mejor del arte gastron\u00f3mico de Latinoam\u00e9rica, que tendr\u00e1 lugar en la capital del Estado en noviembre pr\u00f3ximo y que tendr\u00e1 como objetivo, alinear a Yucat\u00e1n como una marca gastron\u00f3mica global reconocida como l\u00edder en el \u00e1mbito culinario y de viaje, posicion\u00e1ndolo como un destino tur\u00edstico gastron\u00f3mico a nivel mundial, promoviendo una mayor comprensi\u00f3n de la cultura y patrimonio gastron\u00f3mico Maya, as\u00ed como, atraer a consumidores influyentes y de alto poder adquisitivo entre otros tantos beneficios.<\/p>\n<p>As\u00ed mismo, se apoyar\u00e1 a los eventos nuevos y a los ya existentes, como el Restaurant week, 4 estaciones, Club Sibarita y eventos en restaurantes como catas especiales, aniversarios; el primer Festival del Taco, el Festival de Ceviche, aguachile y mariscos; el Festival de la Miel, el de Semillas y Recados, el del Queso de Bola, el del Coco y las Ferias del helado y congelados, el del Ma\u00edz, chile y cacao; el del Tamal y el Pib y muchos m\u00e1s.<\/p>\n<p>Toda la informaci\u00f3n sobre las experiencias, se puede encontrar en una secci\u00f3n especial dentro de la web https:\/\/yucatan.travel\/ donde el usuario puede consultar y encontrar toda la informaci\u00f3n que necesita.<\/p>\n<p>En este evento, tambi\u00e9n estuvieron presentes, acompa\u00f1ando a las autoridades de Yucat\u00e1n, Valentina Ortiz Monasterio, Presidenta de la Academia 50 Best Restaurants para M\u00e9xico y Pedro Reyes, presidente de la academia de 50 Best Bars, as\u00ed como la cocinera tradicional de la Comunidad de Yaxunah, Rosal\u00eda Chay Chuc y los chefs, Luis Ronz\u00f3n del Hotel Chabl\u00e9 y restaurante I\u2019xi\u2019im; Jorge Ildefonso de Casona de los Cedros en el municipio de Espita; Silvia Campos de Pueblo Pibil en el municipio de Tixkokob y Carlos Jaime de la cerveza Ceiba.<\/p>\n<p>&nbsp;<\/p>\n","protected":false},"excerpt":{"rendered":"<p>Como parte de las actividades del A\u00f1o de la Gastronom\u00eda, la entidad ser\u00e1 sede del Latin America\u2019s 50 Best Restaurants, entre otros eventos dentro y fuera de Yucat\u00e1n que se extender\u00e1n hasta el 2023 La campa\u00f1a complementaria \u201c365 sabores en Yucat\u00e1n\u201d comenz\u00f3 el pasado 18 de junio: D\u00eda Mundial de la Gastronom\u00eda Sostenible, en la [&hellip;]<\/p>\n","protected":false},"author":1,"featured_media":337700,"comment_status":"open","ping_status":"closed","sticky":false,"template":"","format":"standard","meta":{"om_disable_all_campaigns":false,"jnews-multi-image_gallery":[],"jnews_single_post":{"source_name":"","source_url":"","via_name":"","via_url":"","override_template":"0","override":[{"template":"1","single_blog_custom":"","parallax":"1","fullscreen":"1","layout":"right-sidebar","sidebar":"default-sidebar","second_sidebar":"default-sidebar","sticky_sidebar":"1","share_position":"top","share_float_style":"share-monocrhome","show_share_counter":"1","show_view_counter":"1","show_featured":"1","show_post_meta":"1","show_post_author":"1","show_post_author_image":"1","show_post_date":"1","post_date_format":"default","post_date_format_custom":"Y\/m\/d","show_post_category":"1","show_post_reading_time":"0","post_reading_time_wpm":"300","show_zoom_button":"0","zoom_button_out_step":"2","zoom_button_in_step":"3","show_post_tag":"1","show_prev_next_post":"1","show_popup_post":"1","number_popup_post":"1","show_author_box":"0","show_post_related":"0","show_inline_post_related":"0"}],"override_image_size":"0","image_override":[{"single_post_thumbnail_size":"crop-500","single_post_gallery_size":"crop-500"}],"trending_post":"0","trending_post_position":"meta","trending_post_label":"Trending","sponsored_post":"0","sponsored_post_label":"Sponsored by","sponsored_post_name":"","sponsored_post_url":"","sponsored_post_logo_enable":"0","sponsored_post_logo":"","sponsored_post_desc":"","disable_ad":"0"},"jnews_primary_category":{"id":""},"jnews_social_meta":{"fb_title":"","fb_description":"","fb_image":"","twitter_title":"","twitter_description":"","twitter_image":""},"footnotes":""},"categories":[43],"tags":[],"class_list":["post-337693","post","type-post","status-publish","format-standard","has-post-thumbnail","hentry","category-gourmet"],"_links":{"self":[{"href":"https:\/\/dimensionturistica.com\/es\/wp-json\/wp\/v2\/posts\/337693","targetHints":{"allow":["GET"]}}],"collection":[{"href":"https:\/\/dimensionturistica.com\/es\/wp-json\/wp\/v2\/posts"}],"about":[{"href":"https:\/\/dimensionturistica.com\/es\/wp-json\/wp\/v2\/types\/post"}],"author":[{"embeddable":true,"href":"https:\/\/dimensionturistica.com\/es\/wp-json\/wp\/v2\/users\/1"}],"replies":[{"embeddable":true,"href":"https:\/\/dimensionturistica.com\/es\/wp-json\/wp\/v2\/comments?post=337693"}],"version-history":[{"count":0,"href":"https:\/\/dimensionturistica.com\/es\/wp-json\/wp\/v2\/posts\/337693\/revisions"}],"wp:featuredmedia":[{"embeddable":true,"href":"https:\/\/dimensionturistica.com\/es\/wp-json\/wp\/v2\/media\/337700"}],"wp:attachment":[{"href":"https:\/\/dimensionturistica.com\/es\/wp-json\/wp\/v2\/media?parent=337693"}],"wp:term":[{"taxonomy":"category","embeddable":true,"href":"https:\/\/dimensionturistica.com\/es\/wp-json\/wp\/v2\/categories?post=337693"},{"taxonomy":"post_tag","embeddable":true,"href":"https:\/\/dimensionturistica.com\/es\/wp-json\/wp\/v2\/tags?post=337693"}],"curies":[{"name":"wp","href":"https:\/\/api.w.org\/{rel}","templated":true}]}}