{"id":337544,"date":"2022-06-22T16:39:47","date_gmt":"2022-06-22T16:39:47","guid":{"rendered":"https:\/\/dimensionturistica.com\/es\/?p=337544"},"modified":"2022-06-22T16:40:39","modified_gmt":"2022-06-22T16:40:39","slug":"avis-presenta-su-nueva-campana-haz-lo-que-te-mueve","status":"publish","type":"post","link":"https:\/\/dimensionturistica.com\/es\/avis-presenta-su-nueva-campana-haz-lo-que-te-mueve\/","title":{"rendered":"Avis presenta su nueva campa\u00f1a: \u201cHaz lo que te mueve\u201d"},"content":{"rendered":"<p><img decoding=\"async\" class=\"size-medium wp-image-337557 alignright\" src=\"https:\/\/dimensionturistica.com\/es\/wp-content\/uploads\/2022\/06\/AVIOS5-300x200.jpg\" alt=\"\" width=\"300\" height=\"200\" srcset=\"https:\/\/dimensionturistica.com\/es\/wp-content\/uploads\/2022\/06\/AVIOS5-300x200.jpg 300w, https:\/\/dimensionturistica.com\/es\/wp-content\/uploads\/2022\/06\/AVIOS5.jpg 500w\" sizes=\"(max-width: 300px) 100vw, 300px\" \/> Viajar, amar, sentir, bailar, so\u00f1ar, descubrir\u2026 de esto se trata la nueva campa\u00f1a de Avis M\u00e9xico \u201cHaz lo que te mueve\u201d, una alegor\u00eda de conducci\u00f3n de nuestro propio destino, expresada en hacer y disfrutar lo que nos mueve, una campa\u00f1a enfocada en crear v\u00ednculos de movilidad y generar nuevas experiencias para sus clientes, con mensajes que hablan de lo que nos motiva a hacer las cosas, lo que nos gusta y brinda satisfacci\u00f3n a trav\u00e9s de los viajes, lo que nos enriquece o apasiona al descubrir y llegar a nuevos lugares.<br \/>\n\u201cHaz lo que te mueve\u201d es una nueva etapa donde la marca evoluciona para crear innumerables motivadores que conecten con las necesidades de todo tipo de viajeros, y que por supuesto, siempre cuentan con el respaldo del<img decoding=\"async\" class=\"size-medium wp-image-337562 alignright\" src=\"https:\/\/dimensionturistica.com\/es\/wp-content\/uploads\/2022\/06\/AVIS1-300x200.jpg\" alt=\"\" width=\"300\" height=\"200\" srcset=\"https:\/\/dimensionturistica.com\/es\/wp-content\/uploads\/2022\/06\/AVIS1-300x200.jpg 300w, https:\/\/dimensionturistica.com\/es\/wp-content\/uploads\/2022\/06\/AVIS1.jpg 500w\" sizes=\"(max-width: 300px) 100vw, 300px\" \/> servicio premium de Avis, que desde la reserva tendr\u00e1 el auto apartado y disponible a la llegada de cada cliente.<br \/>\nBajo la premisa de que \u201cla vida es movimiento\u201d, Avis nos invita a \u201cno quedarnos quietos\u201d, porque ya sea que salgas de vacaciones, acudas a tus citas de negocios, que te vayas de fin de semana a celebrar tu aniversario, o que necesites un servicio de leasing o de auto con chofer; AVIS cuenta con todo un abanico de movilidad disponible para cada persona, con una flota din\u00e1mica que ofrece desde autos compactos, SUVs y hasta camionetas para m\u00e1s de 15 pasajeros; autos premium y hasta los el\u00e9ctricos y sustentables como el Tesla Model 3, de reciente lanzamiento en Ciudad de M\u00e9xico, M\u00e9rida,<img decoding=\"async\" class=\"size-medium wp-image-337563 alignright\" src=\"https:\/\/dimensionturistica.com\/es\/wp-content\/uploads\/2022\/06\/AVIS2-300x200.jpg\" alt=\"\" width=\"300\" height=\"200\" srcset=\"https:\/\/dimensionturistica.com\/es\/wp-content\/uploads\/2022\/06\/AVIS2-300x200.jpg 300w, https:\/\/dimensionturistica.com\/es\/wp-content\/uploads\/2022\/06\/AVIS2.jpg 500w\" sizes=\"(max-width: 300px) 100vw, 300px\" \/> Canc\u00fan, Monterrey y Guadalajara, que abren un infinito de posibilidades de viaje.<br \/>\nEs importante mencionar que Avis ha puesto su enfoque en hacer la experiencia de renta mucho m\u00e1s r\u00e1pida, sencilla y accesible para todos sus clientes y donde la calidad en el servicio es su principal distintivo ante la competencia; posicion\u00e1ndose como arrendadora que s\u00ed cumple sus promesas, que no tiene cargos ocultos ni letras chiquitas, que ofrece ofertas reales y est\u00e1 enfocada al 100% en la satisfacci\u00f3n del cliente; y que con todo esto, hoy la marca se encuentra en constante movimiento y b\u00fasqueda de mejores soluciones de viaje.<br \/>\n\u201cQueremos que nuestros clientes vean a AVIS como un aliado, como ese veh\u00edculo que no s\u00f3lo te conecta con lugares, sino como ese medio que te acerca y te permite vivir nuevas experiencias o momentos a los que s\u00f3lo<img decoding=\"async\" class=\"size-medium wp-image-337565 alignright\" src=\"https:\/\/dimensionturistica.com\/es\/wp-content\/uploads\/2022\/06\/AVIS4-300x200.jpg\" alt=\"\" width=\"300\" height=\"200\" srcset=\"https:\/\/dimensionturistica.com\/es\/wp-content\/uploads\/2022\/06\/AVIS4-300x200.jpg 300w, https:\/\/dimensionturistica.com\/es\/wp-content\/uploads\/2022\/06\/AVIS4.jpg 500w\" sizes=\"(max-width: 300px) 100vw, 300px\" \/> tienes acceso cuando rentas un auto, cuando disfrutas de tu propia ruta y te mueves a tu propio ritmo\u201d, coment\u00f3 Eddy Breach, Director de Marketing para Avis M\u00e9xico.<br \/>\n\u201cEstamos comprometidos con nuestros clientes y esa es la raz\u00f3n por la que estamos en constante movimiento, para siempre ofrecerles el mejor servicio\u201d, agreg\u00f3 Breach.<br \/>\nCon la nueva campa\u00f1a, AVIS invita a todos sus clientes y a aquellos que a\u00fan no tienen la oportunidad de conocer su servicio a no detenerse y hacer lo que les mueve.<br \/>\n\u201cPorque sea cual sea la raz\u00f3n que te motive, nos gustar\u00eda que AVIS sea parte de esa experiencia\u201d, afirma la arrendadora.<br \/>\n\u201cY si necesitas moverte, \u00a1pues hazlo con Avis!\u201d.- propone tambi\u00e9n el manifiesto de la marca que adem\u00e1s, congruente con promover el turismo y los viajes por M\u00e9xico, suma a su mensaje una promoci\u00f3n para viajar durante el verano con 50% de descuento y hasta 3, 6 y 9 meses sin intereses, y que te muevas a tu propio ritmo.<br \/>\nConsulta todos los detalles en Avis.mx y encu\u00e9ntranos en m\u00e1s de 36 ciudades del pa\u00eds como Canc\u00fan, CDMX, Monterrey, Guadalajara, Los Cabos, M\u00e9rida, Puerto Vallarta y m\u00e1s. Para conocer la flota, tarifas, disponibilidad y requisitos por favor consulta en Avis.mx<br \/>\n\u00a1S\u00edguenos en nuestras redes sociales! Encu\u00e9ntranos en Instagram como @avismexico, Facebook @AvisM\u00e9xico y LinkedIn @AvisMexico.<\/p>\n","protected":false},"excerpt":{"rendered":"<p>Viajar, amar, sentir, bailar, so\u00f1ar, descubrir\u2026 de esto se trata la nueva campa\u00f1a de Avis M\u00e9xico \u201cHaz lo que te mueve\u201d, una alegor\u00eda de conducci\u00f3n de nuestro propio destino, expresada en hacer y disfrutar lo que nos mueve, una campa\u00f1a enfocada en crear v\u00ednculos de movilidad y generar nuevas experiencias para sus clientes, con mensajes [&hellip;]<\/p>\n","protected":false},"author":1,"featured_media":337564,"comment_status":"open","ping_status":"closed","sticky":false,"template":"","format":"standard","meta":{"om_disable_all_campaigns":false,"jnews-multi-image_gallery":[],"jnews_single_post":{"source_name":"","source_url":"","via_name":"","via_url":"","override_template":"0","override":[{"template":"1","single_blog_custom":"","parallax":"1","fullscreen":"1","layout":"right-sidebar","sidebar":"default-sidebar","second_sidebar":"default-sidebar","sticky_sidebar":"1","share_position":"top","share_float_style":"share-monocrhome","show_share_counter":"1","show_view_counter":"1","show_featured":"1","show_post_meta":"1","show_post_author":"1","show_post_author_image":"1","show_post_date":"1","post_date_format":"default","post_date_format_custom":"Y\/m\/d","show_post_category":"1","show_post_reading_time":"0","post_reading_time_wpm":"300","show_zoom_button":"0","zoom_button_out_step":"2","zoom_button_in_step":"3","show_post_tag":"1","show_prev_next_post":"1","show_popup_post":"1","number_popup_post":"1","show_author_box":"0","show_post_related":"0","show_inline_post_related":"0"}],"override_image_size":"0","image_override":[{"single_post_thumbnail_size":"crop-500","single_post_gallery_size":"crop-500"}],"trending_post":"0","trending_post_position":"meta","trending_post_label":"Trending","sponsored_post":"0","sponsored_post_label":"Sponsored by","sponsored_post_name":"","sponsored_post_url":"","sponsored_post_logo_enable":"0","sponsored_post_logo":"","sponsored_post_desc":"","disable_ad":"0"},"jnews_primary_category":{"id":""},"jnews_social_meta":{"fb_title":"","fb_description":"","fb_image":"","twitter_title":"","twitter_description":"","twitter_image":""},"footnotes":""},"categories":[39],"tags":[],"class_list":["post-337544","post","type-post","status-publish","format-standard","has-post-thumbnail","hentry","category-viajes"],"_links":{"self":[{"href":"https:\/\/dimensionturistica.com\/es\/wp-json\/wp\/v2\/posts\/337544","targetHints":{"allow":["GET"]}}],"collection":[{"href":"https:\/\/dimensionturistica.com\/es\/wp-json\/wp\/v2\/posts"}],"about":[{"href":"https:\/\/dimensionturistica.com\/es\/wp-json\/wp\/v2\/types\/post"}],"author":[{"embeddable":true,"href":"https:\/\/dimensionturistica.com\/es\/wp-json\/wp\/v2\/users\/1"}],"replies":[{"embeddable":true,"href":"https:\/\/dimensionturistica.com\/es\/wp-json\/wp\/v2\/comments?post=337544"}],"version-history":[{"count":0,"href":"https:\/\/dimensionturistica.com\/es\/wp-json\/wp\/v2\/posts\/337544\/revisions"}],"wp:featuredmedia":[{"embeddable":true,"href":"https:\/\/dimensionturistica.com\/es\/wp-json\/wp\/v2\/media\/337564"}],"wp:attachment":[{"href":"https:\/\/dimensionturistica.com\/es\/wp-json\/wp\/v2\/media?parent=337544"}],"wp:term":[{"taxonomy":"category","embeddable":true,"href":"https:\/\/dimensionturistica.com\/es\/wp-json\/wp\/v2\/categories?post=337544"},{"taxonomy":"post_tag","embeddable":true,"href":"https:\/\/dimensionturistica.com\/es\/wp-json\/wp\/v2\/tags?post=337544"}],"curies":[{"name":"wp","href":"https:\/\/api.w.org\/{rel}","templated":true}]}}