{"id":337214,"date":"2022-06-22T11:32:59","date_gmt":"2022-06-22T11:32:59","guid":{"rendered":"https:\/\/dimensionturistica.com\/es\/?p=337214"},"modified":"2022-06-22T14:20:21","modified_gmt":"2022-06-22T14:20:21","slug":"cuba-anuncia-eventos-y-presenta-pilares-de-campana-turistica","status":"publish","type":"post","link":"https:\/\/dimensionturistica.com\/es\/cuba-anuncia-eventos-y-presenta-pilares-de-campana-turistica\/","title":{"rendered":"Importantes eventos para este verano en Cuba"},"content":{"rendered":"\n<div>\n<p>La consejera de Turismo para Espa\u00f1a y Portugal, Niurka P\u00e9rez Denis, adelant\u00f3 la celebraci\u00f3n de Biotur en Gibara, en la oriental provincia de Holgu\u00edn, a partir del 18 de julio, una oportunidad directamente relacionada con las bondades de la biodiversidad cubana.<\/p>\n<p>Asimismo, en la cita con turoperadores espa\u00f1oles y periodistas en la Embajada de Cuba en Madrid, P\u00e9rez Denis se refiri\u00f3 a Turnat, otro espacio consagrado a la naturaleza que se desarrollar\u00e1 en septiembre en la zona occidental del pa\u00eds caribe\u00f1o, Pinar del R\u00edo, La Habana, Mayabeque e Isla de la Juventud.<\/p>\n<p>Adem\u00e1s, el resort Meli\u00e1 Varadero acoger\u00e1 la 24 edici\u00f3n de MITM Americas, Conferences &amp; Incentive Journey Market, la feria MICE B2B m\u00e1s antigua de las Am\u00e9ricas y del Caribe, del 4 al 7 de septiembre.<\/p>\n<p>El Meli\u00e1 Varadero, en el m\u00edtico balneario cubano, fue el primer resort MICE en la mayor de las Antillas, acr\u00f3nimo angl\u00f3fono de reuniones, incentivos, congresos y exposiciones.<\/p>\n<p>Por su parte, Javier Tallada, consultor estrat\u00e9gico de la firma DISSET encargada de concebir la nueva campa\u00f1a publicitaria del turismo en Cuba, coment\u00f3 que ser\u00e1 en septiembre cuando se pongan en marcha todos los dispositivos dise\u00f1ados.<\/p>\n<p>Sin embargo, avanz\u00f3 que su empresa de Mallorca, con m\u00e1s de 25 a\u00f1os de experiencia, ha puesto foco en la poblaci\u00f3n cubana como una de las virtudes m\u00e1s genuinas y transparentes que ofrecen sellos de identidad e idiosincrasia probablemente \u00fanicos.<\/p>\n<p>De ah\u00ed el nombre de la estrategia promocional, UNICA, que se afinca en los numerosos perfiles que hacen diferente a Cuba como destino atractivo de la industria sin chimeneas, explic\u00f3 Tallada a Prensa Latina.<\/p>\n<p>Bajo ese concepto, DISSET mostr\u00f3 un abanico de esferas de la vida en la mayor de las Antillas, apoy\u00e1ndose en la thought de UNICA por su cultura; playas y clima; naturaleza; historia y tradiciones; hospitalidad y amabilidad; salud y seguridad; aromas y sabores; diversidad; y su gente.<\/p>\n<p>En a\u00f1adido y no menos importante, Niurka P\u00e9rez Denis enfatiz\u00f3 en la importancia de contar con vacunas propias contra la Covid-19, de probada eficacia en una poblaci\u00f3n ampliamente mayoritaria con las pautas de vacunaci\u00f3n completadas.<\/p>\n<p>mem\/ft<\/p>\n<\/div>\n\n<p><em> &#8221; Fuentes www.prensa-latina.cu &#8221; <\/em><\/p>\n","protected":false},"excerpt":{"rendered":"<p>La consejera de Turismo para Espa\u00f1a y Portugal, Niurka P\u00e9rez Denis, adelant\u00f3 la celebraci\u00f3n de Biotur en Gibara, en la oriental provincia de Holgu\u00edn, a partir del 18 de julio, una oportunidad directamente relacionada con las bondades de la biodiversidad cubana. Asimismo, en la cita con turoperadores espa\u00f1oles y periodistas en la Embajada de Cuba [&hellip;]<\/p>\n","protected":false},"author":4,"featured_media":337314,"comment_status":"open","ping_status":"closed","sticky":false,"template":"","format":"standard","meta":{"om_disable_all_campaigns":false,"jnews-multi-image_gallery":[],"jnews_single_post":{"source_name":"","source_url":"","via_name":"","via_url":"","override_template":"0","override":[{"template":"1","single_blog_custom":"","parallax":"1","fullscreen":"1","layout":"right-sidebar","sidebar":"default-sidebar","second_sidebar":"default-sidebar","sticky_sidebar":"1","share_position":"top","share_float_style":"share-monocrhome","show_share_counter":"1","show_view_counter":"1","show_featured":"1","show_post_meta":"1","show_post_author":"1","show_post_author_image":"1","show_post_date":"1","post_date_format":"default","post_date_format_custom":"Y\/m\/d","show_post_category":"1","show_post_reading_time":"0","post_reading_time_wpm":"300","show_zoom_button":"0","zoom_button_out_step":"2","zoom_button_in_step":"3","show_post_tag":"1","show_prev_next_post":"1","show_popup_post":"1","number_popup_post":"1","show_author_box":"0","show_post_related":"0","show_inline_post_related":"0"}],"override_image_size":"0","image_override":[{"single_post_thumbnail_size":"crop-500","single_post_gallery_size":"crop-500"}],"trending_post":"0","trending_post_position":"meta","trending_post_label":"Trending","sponsored_post":"0","sponsored_post_label":"Sponsored by","sponsored_post_name":"","sponsored_post_url":"","sponsored_post_logo_enable":"0","sponsored_post_logo":"","sponsored_post_desc":"","disable_ad":"0"},"jnews_primary_category":{"id":""},"jnews_social_meta":{"fb_title":"","fb_description":"","fb_image":"","twitter_title":"","twitter_description":"","twitter_image":""},"footnotes":""},"categories":[40],"tags":[956,715,770,35201,544],"class_list":["post-337214","post","type-post","status-publish","format-standard","has-post-thumbnail","hentry","category-industria","tag-cuba","tag-economia","tag-espana","tag-nota-informativa","tag-turismo"],"_links":{"self":[{"href":"https:\/\/dimensionturistica.com\/es\/wp-json\/wp\/v2\/posts\/337214","targetHints":{"allow":["GET"]}}],"collection":[{"href":"https:\/\/dimensionturistica.com\/es\/wp-json\/wp\/v2\/posts"}],"about":[{"href":"https:\/\/dimensionturistica.com\/es\/wp-json\/wp\/v2\/types\/post"}],"author":[{"embeddable":true,"href":"https:\/\/dimensionturistica.com\/es\/wp-json\/wp\/v2\/users\/4"}],"replies":[{"embeddable":true,"href":"https:\/\/dimensionturistica.com\/es\/wp-json\/wp\/v2\/comments?post=337214"}],"version-history":[{"count":0,"href":"https:\/\/dimensionturistica.com\/es\/wp-json\/wp\/v2\/posts\/337214\/revisions"}],"wp:featuredmedia":[{"embeddable":true,"href":"https:\/\/dimensionturistica.com\/es\/wp-json\/wp\/v2\/media\/337314"}],"wp:attachment":[{"href":"https:\/\/dimensionturistica.com\/es\/wp-json\/wp\/v2\/media?parent=337214"}],"wp:term":[{"taxonomy":"category","embeddable":true,"href":"https:\/\/dimensionturistica.com\/es\/wp-json\/wp\/v2\/categories?post=337214"},{"taxonomy":"post_tag","embeddable":true,"href":"https:\/\/dimensionturistica.com\/es\/wp-json\/wp\/v2\/tags?post=337214"}],"curies":[{"name":"wp","href":"https:\/\/api.w.org\/{rel}","templated":true}]}}