{"id":337169,"date":"2022-06-22T09:55:41","date_gmt":"2022-06-22T09:55:41","guid":{"rendered":"https:\/\/dimensionturistica.com\/es\/?p=337169"},"modified":"2022-06-22T09:55:41","modified_gmt":"2022-06-22T09:55:41","slug":"las-dificultades-del-turismo-para-encontrar-trabajadores-se-extienden-a-las-agencias-de-viajes","status":"publish","type":"post","link":"https:\/\/dimensionturistica.com\/es\/las-dificultades-del-turismo-para-encontrar-trabajadores-se-extienden-a-las-agencias-de-viajes\/","title":{"rendered":"Las dificultades del turismo para encontrar trabajadores se extienden a las agencias de viajes"},"content":{"rendered":"<p> <br \/>\n<\/p>\n<div id=\"\"><span class=\"data\"><\/p>\n<footer class=\"autores\"><span class=\"autor\"><img decoding=\"async\" class=\"avatar s\" src=\"https:\/\/static4.abc.es\/comun\/2015\/img\/autor\/default-image.jpg\" width=\"40\" height=\"40\" alt=\"Antonio Ram\u00edrez Cerezo\"\/><a rel=\"nofollow noopener\" target=\"_blank\" class=\"nombre\" href=\"https:\/\/www.abc.es\/autor\/antonio-ramirez-cerezo-4232\/\" title=\"Antonio Ram\u00edrez Cerezo\">Antonio Ram\u00edrez Cerezo<\/a><span class=\"autor\" title=\"Antonio Ram\u00edrez Cerezo\" style=\"display: none;\"\/><span class=\"seguir-autor nibara-element-inview\" data-nibara-module=\"starred\" data-nibara-inview-mode=\"one\" data-btn=\"following\" data-type=\"autor\" data-id=\"4232\" data-voc-vtm-id=\"btn-seguirautor\" data-voc-vtm-info=\"antonio-ramirez-cerezo\"><label for=\"4232\" title=\"Seguir a Antonio Ram\u00edrez Cerezo\"><a rel=\"nofollow noopener\" target=\"_blank\" class=\"seguir\">SEGUIR<\/a><\/label><\/span><\/span><\/footer>\n<p><span class=\"datos-articulo\"><span class=\"datos\"><span class=\"lugar\">Madrid<\/span><span class=\"fecha\"><br \/>\n                  Actualizado:<time class=\"actualizado\" datetime=\"2022-06-22T09:48:05Z\">22\/06\/2022\u00a011:48h<\/time><\/span><\/span><a rel=\"nofollow noopener\" target=\"_blank\" title=\"Guardar el art\u00edculo\" class=\"guardar-articulo nibara-element-inview\" data-nibara-module=\"starred\" data-nibara-inview-mode=\"one\" data-btn=\"starred\" data-type=\"noticia\" data-id=\"71a03e50-f206-11ec-841c-15dd8db4d379\" data-voc-vtm-id=\"leerdespues\" data-voc-vtm-info=\"sticky\"><span class=\"icono leer-despues\"><svg viewbox=\"0 0 24 24\"><path d=\"M17,3H7A2,2 0 0,0 5,5V21L12,18L19,21V5C19,3.89 18.1,3 17,3Z\"\/><\/svg><\/span><br \/>\n   Guardar<br \/>\n <\/a><\/span><\/span><\/p>\n<aside class=\"modulo noticias-relacionadas\">\n<h4 class=\"titulo\">Noticias relacionadas<\/h4>\n<\/aside>\n<p>Las agencias de viajes comienzan a despegar, tras dos a\u00f1os de pandemia en los que los espa\u00f1oles han aparcado los viajes al extranjero por las restricciones sanitarias. Las empresas del sector han sido las m\u00e1s afectadas del sector tur\u00edstico, hasta el punto de haber sido las primeras en acogerse a los nuevos ERTE del Gobierno. Pero por fin empiezan a ver la luz al ultimate del t\u00fanel, al menos, de cara al verano. <strong>La Asociaci\u00f3n Corporativa de Agencias de Viajes Especializadas (Acave)<\/strong>, ha presentado este mi\u00e9rcoles los resultados de una encuesta que ense\u00f1an el camino de la recuperaci\u00f3n: mas del 60% de las agencias preguntadas augura que alcanzar\u00e1 este verano niveles prepandemia. De hecho, el 33% espera superar el a\u00f1o r\u00e9cord que fue 2019.<\/p>\n<aside class=\"roba-intercalado sin-fondo layer_inpage\"><span class=\"creatividad cmv_intext\" data-voc-vam=\"\" data-voc-vam-position=\"layer_inpage\" data-voc-vam-outofpage=\"true\" id=\"layer_inpage-id\"\/><\/aside>\n<p>\u00abEl arranque de Semana Santa fue mucho mejor de lo esperado, pero estos dos \u00faltimos meses el sector ha registrado una recuperaci\u00f3n sin precedentes que est\u00e1 permitiendo que la mayor\u00eda de las agencias de viajes dejen atr\u00e1s definitivamente la situaci\u00f3n de riesgo\u00bb, explica Jordi Mart\u00ed, presidente de Acave.<\/p>\n<p>Un avance esperanzador, como lo es tambi\u00e9n el hecho de que el 80% de las firmas encuestadas hayan sacado ya a la totalidad de sus trabajadores del <strong>ERTE<\/strong>. Sin embargo, otras amenazas han llegado al sector. Porque las dificultades para encontrar trabajadores que est\u00e1 sufriendo el turismo, tambi\u00e9n se contagian a las agencias de viajes. As\u00ed lo manifiesta el 38% de las empresas de las 450 que forman parte de esta patronal. \u00abHa habido fuga de private a otros sectores, y tampoco ayuda la pir\u00e1mide demogr\u00e1fica\u00bb, ha explicado Mart\u00ed, a la vez    <a rel=\"nofollow noopener\" target=\"_blank\" href=\"https:\/\/www.abc.es\/economia\/abci-verano-caliente-sindicatos-preparan-huelgas-aeropuertos-y-carreteras-202206220202_noticia.html\" data-voc-vtm-id=\"in-text-traffic\"><br \/>\n         que ha remarcado que las huelgas que se esperan para distintos servicios este verano tambi\u00e9n puedan complicar el trabajo de las agencias<\/a>.<\/p>\n<p>No son la \u00fanicas amenazas que acechan a estas empresas. Tras un mes de mayo donde el<strong> &#8216;increase&#8217; de reserva<\/strong>s para el verano se extendi\u00f3 tambi\u00e9n a las agencias de viajes, ahora, sin embargo, comienzan a percibir una ralentizaci\u00f3n de las reservas para la temporada estival por los incrementos de precios de los hoteles, adem\u00e1s de por la guerra de Ucrania. El 34,5% de las agencias est\u00e1 notando una bajada de las reservas por la inflaci\u00f3n y un 47% asegura que ha notado que las reservas se han frenado a la espera de ver c\u00f3mo evoluciona el conflicto antes de contratar el viaje. En este sentido, las peor paradas son las que ten\u00edan un importante nicho con Rusia y los pa\u00edses del Este de Europa. La fuerte ca\u00edda de actividad que est\u00e1n teniendo por la invasi\u00f3n rusa hace que sus previsiones para ultimate de a\u00f1o sean las de estar todav\u00eda entre un 5 y un 15% por debajo de los ingresos de 2019.<\/p>\n<h3 class=\"ladillo\">Reservas de \u00faltima hora<\/h3>\n<p>Con todo, las agencias esperan que esa demanda que todav\u00eda se resiste a la espera de ver c\u00f3mo evolucionan los precios y la guerra se desembalse en reservas de \u00faltima hora. De hecho, as\u00ed lo espera una parte de las agencias receptivas. Estas esperan que la mayor\u00eda de las reservas se realicen poco antes de la fecha de viaje, como mucho entre 2 y 3 semanas antes.  Para este segmento, la encuesta identifica una proporci\u00f3n de reservas de 90% internacional y 10% nacional, destacando por orden los mercados de<strong> Francia, Alemania, Reino Unido y Benelux,<\/strong> adem\u00e1s, aunque en menor medida, de Estados Unidos, ya que los viajes de larga distancia contin\u00faan sin recuperarse.<\/p>\n<p>Sin embargo, Espa\u00f1a como mercado emisor se comporta de forma distinta. En este caso, el largo radio es el preferido con <strong>Estados Unidos como el destino m\u00e1s elegido<\/strong>, seguido de los pa\u00edses de Oriente pr\u00f3ximo. Fuera de nuestras fronteras, los espa\u00f1oles tambi\u00e9n eligen costas e islas europeas, capitales europeas, los cruceros, pa\u00edses africanos y safaris. A m\u00e1s distancia y con menor demanda que a\u00f1os anteriores, se encuentran pa\u00edses de Latinoam\u00e9rica y del continente asi\u00e1tico, donde todav\u00eda pesan muchas restricciones de viajes. <\/p>\n<p><strong>En cuanto a los destinos nacionales<\/strong>, los espa\u00f1oles que contratan sus viajes a trav\u00e9s de agencias est\u00e1n apostando esta temporada en primer lugar por<strong> Baleares, seguido de Canarias y destinos de costa mediterr\u00e1nea<\/strong>, destacando especialmente Catalu\u00f1a y Andaluc\u00eda. A continuaci\u00f3n, se sit\u00faan las costas atl\u00e1nticas y los destinos de turismo rural. <\/p>\n<p>Con todo, en el sector existen dudas de si esta recuperaci\u00f3n de la demanda para el verano sea solo un espejismo y no tenga continuidad durante la temporada de invierno. Los avisos sobre la posibilidad de que ocurra este hecho est\u00e1n siendo reiterados entre los principales agentes del sector tur\u00edstico. Temen que la inflaci\u00f3n pueda repercutir en    <a rel=\"nofollow noopener\" target=\"_blank\" href=\"https:\/\/www.abc.es\/economia\/abci-inflacion-come-bolsillo-turista-extranjero-puertas-verano-202206150238_noticia.html\" data-voc-vtm-id=\"in-text-traffic\"><br \/>\n         la decisi\u00f3n de las familias de acometer segundos viajes m\u00e1s all\u00e1 de septiembre, como ya adelant\u00f3 este per\u00edodico<\/a>.<\/p>\n<p><a rel=\"nofollow noopener\" target=\"_blank\" class=\"boton-comentarios\" href=\"#ancla_comentarios\" title=\"Ver los comentarios\" data-voc-comments-count=\"71a03e50-f206-11ec-841c-15dd8db4d379\" data-voc-comments-count-zero-text=\"\" data-voc-comments-count-show-zero=\"false\" data-voc-comments-count-action=\"abc:comments:countForButton\">Ver los<br \/>\n    <strong\/> comentarios<\/a><\/p>\n<aside id=\"widget_outbrain_515\" class=\"nibara-element\" data-nibara-module=\"outbrain\" data-template-outbrain=\"vocentoes\"\/><\/div>\n\n<p><em> &#8221; Fuentes www.abc.es &#8221; <\/em><\/p>\n","protected":false},"excerpt":{"rendered":"<p>Antonio Ram\u00edrez CerezoSEGUIR Madrid Actualizado:22\/06\/2022\u00a011:48h Guardar Noticias relacionadas Las agencias de viajes comienzan a despegar, tras dos a\u00f1os de pandemia en los que los espa\u00f1oles han aparcado los viajes al extranjero por las restricciones sanitarias. Las empresas del sector han sido las m\u00e1s afectadas del sector tur\u00edstico, hasta el punto de haber sido las primeras [&hellip;]<\/p>\n","protected":false},"author":4,"featured_media":337170,"comment_status":"open","ping_status":"closed","sticky":false,"template":"","format":"standard","meta":{"om_disable_all_campaigns":false,"jnews-multi-image_gallery":[],"jnews_single_post":[],"jnews_primary_category":[],"jnews_social_meta":[],"footnotes":""},"categories":[40],"tags":[1161,545],"class_list":["post-337169","post","type-post","status-publish","format-standard","has-post-thumbnail","hentry","category-industria","tag-agencias","tag-viajes"],"_links":{"self":[{"href":"https:\/\/dimensionturistica.com\/es\/wp-json\/wp\/v2\/posts\/337169","targetHints":{"allow":["GET"]}}],"collection":[{"href":"https:\/\/dimensionturistica.com\/es\/wp-json\/wp\/v2\/posts"}],"about":[{"href":"https:\/\/dimensionturistica.com\/es\/wp-json\/wp\/v2\/types\/post"}],"author":[{"embeddable":true,"href":"https:\/\/dimensionturistica.com\/es\/wp-json\/wp\/v2\/users\/4"}],"replies":[{"embeddable":true,"href":"https:\/\/dimensionturistica.com\/es\/wp-json\/wp\/v2\/comments?post=337169"}],"version-history":[{"count":0,"href":"https:\/\/dimensionturistica.com\/es\/wp-json\/wp\/v2\/posts\/337169\/revisions"}],"wp:featuredmedia":[{"embeddable":true,"href":"https:\/\/dimensionturistica.com\/es\/wp-json\/wp\/v2\/media\/337170"}],"wp:attachment":[{"href":"https:\/\/dimensionturistica.com\/es\/wp-json\/wp\/v2\/media?parent=337169"}],"wp:term":[{"taxonomy":"category","embeddable":true,"href":"https:\/\/dimensionturistica.com\/es\/wp-json\/wp\/v2\/categories?post=337169"},{"taxonomy":"post_tag","embeddable":true,"href":"https:\/\/dimensionturistica.com\/es\/wp-json\/wp\/v2\/tags?post=337169"}],"curies":[{"name":"wp","href":"https:\/\/api.w.org\/{rel}","templated":true}]}}