{"id":336603,"date":"2022-06-21T16:44:07","date_gmt":"2022-06-21T16:44:07","guid":{"rendered":"https:\/\/dimensionturistica.com\/es\/?p=336603"},"modified":"2022-06-21T16:44:07","modified_gmt":"2022-06-21T16:44:07","slug":"un-jet-impulsado-por-hidrogeno-siembra-la-esperanza-de-viajes-mas-ecologicos","status":"publish","type":"post","link":"https:\/\/dimensionturistica.com\/es\/un-jet-impulsado-por-hidrogeno-siembra-la-esperanza-de-viajes-mas-ecologicos\/","title":{"rendered":"Un jet impulsado por hidr\u00f3geno siembra la esperanza de viajes m\u00e1s ecol\u00f3gicos"},"content":{"rendered":"<p> <br \/>\n<\/p>\n<div>\n<div class=\"sp-authorbox\">\n<div class=\"authors\">\n<div class=\"author\">\n<figure class=\"thumb hidden md-visible\">\n\t\t<img decoding=\"async\" loading=\"lazy\" alt=\"SPORT.es\" title=\"SPORT.es\" width=\"60\" height=\"60\" src=\"https:\/\/estaticos-cdn.sport.es\/clip\/e525a79e-f6a2-48a8-9df0-3917794250dd_source-aspect-ratio_default_0.jpg\"\/><br \/>\n\t<\/figure>\n<\/p><\/div><\/div>\n<div class=\"dates\">\n<div class=\"txt\">\n<p>\t<time class=\"date\" datetime=\"2022-06-21T18:34:59+02:00\"><br \/>\n\t    <span><\/p>\n<p>\t  \t\t<span class=\"updated\"><br \/>\n\t\t    \t21\/06\/2022 a las 18:34 \t    \t<\/p>\n<p>\t\t    \t<abbr title=\"Hora de verano de Europa Central\">CEST<\/abbr><br \/>\n\t\t    <\/span><br \/>\n\t    <\/span><br \/>\n\t<\/time><\/p><\/div><\/div><\/div>\n<p><h2 class=\"item\">Los jets de los viajeros multimillonarios son uno de los principales motivos por los que el vuelo en avi\u00f3n es muy poco respetuoso con el medio ambiente<\/h2>\n<h2 class=\"item\">Este nuevo jet promete una grand\u00edsima eficiencia con muy poco impacto<\/h2>\n<\/p>\n<p>Recientemente se ha presentado un avi\u00f3n comparable a un jet conocido como <strong>Celera 500 L<\/strong>, un avi\u00f3n que podr\u00eda ser incre\u00edblemente amigable con el medio ambiente haciendo que los <strong>vuelos de corta distancia <\/strong>vuelvan a ser posibles sin emitir toneladas de CO2.<\/p>\n<p>Otto Aviation es la empresa detr\u00e1s del Celera 500 L, una peque\u00f1a aeronave que es capaz de <strong>reducir su resistencia aerodin\u00e1mica en un 60% gracias a sus formas redondeadas<\/strong>. Los ingenieros han conseguido optimizar el flujo de aire a lo largo del fuselaje para que este no interrumpa el vuelo y exista menos resistencia a la hora de volar.<\/p>\n<p>El avi\u00f3n se convierte as\u00ed en <strong>un veh\u00edculo mucho m\u00e1s eficiente en su consumo<\/strong>. Cuenta con un peque\u00f1o motor de 500 caballos que eat un 80% menos de flamable que los aviones similares a su tama\u00f1o de acuerdo con Journal Du Geek. El veh\u00edculo se ha probado en 55 vuelos y parece que la cosa marcha pero&#8230; \u00bfY si se sustituye el motor de 500 caballos por una pila de hidr\u00f3geno?<\/p>\n<h3>EL PRIMER AVI\u00d3N DE HIDR\u00d3GENO<\/h3>\n<p>Otto Aviation ha anunciado un gran cambio para su prototipo. La marca acaba de asociarse con <strong>ZeroAvia<\/strong> para sustituir el precise motor de combusti\u00f3n por una pila de flamable de hidr\u00f3geno. Con esto \u00faltimo, las dos empresas <strong>esperan que el avi\u00f3n pueda volar m\u00e1s de 1.500 kil\u00f3metros.<\/strong><\/p>\n<\/p><\/div>\n\n<p><em> &#8221; Fuentes www.sport.es &#8221; <\/em><\/p>\n","protected":false},"excerpt":{"rendered":"<p>21\/06\/2022 a las 18:34 CEST Los jets de los viajeros multimillonarios son uno de los principales motivos por los que el vuelo en avi\u00f3n es muy poco respetuoso con el medio ambiente Este nuevo jet promete una grand\u00edsima eficiencia con muy poco impacto Recientemente se ha presentado un avi\u00f3n comparable a un jet conocido como [&hellip;]<\/p>\n","protected":false},"author":4,"featured_media":336604,"comment_status":"open","ping_status":"closed","sticky":false,"template":"","format":"standard","meta":{"om_disable_all_campaigns":false,"jnews-multi-image_gallery":[],"jnews_single_post":[],"jnews_primary_category":[],"jnews_social_meta":[],"footnotes":""},"categories":[39],"tags":[725],"class_list":["post-336603","post","type-post","status-publish","format-standard","has-post-thumbnail","hentry","category-viajes","tag-tecnologia"],"_links":{"self":[{"href":"https:\/\/dimensionturistica.com\/es\/wp-json\/wp\/v2\/posts\/336603","targetHints":{"allow":["GET"]}}],"collection":[{"href":"https:\/\/dimensionturistica.com\/es\/wp-json\/wp\/v2\/posts"}],"about":[{"href":"https:\/\/dimensionturistica.com\/es\/wp-json\/wp\/v2\/types\/post"}],"author":[{"embeddable":true,"href":"https:\/\/dimensionturistica.com\/es\/wp-json\/wp\/v2\/users\/4"}],"replies":[{"embeddable":true,"href":"https:\/\/dimensionturistica.com\/es\/wp-json\/wp\/v2\/comments?post=336603"}],"version-history":[{"count":0,"href":"https:\/\/dimensionturistica.com\/es\/wp-json\/wp\/v2\/posts\/336603\/revisions"}],"wp:featuredmedia":[{"embeddable":true,"href":"https:\/\/dimensionturistica.com\/es\/wp-json\/wp\/v2\/media\/336604"}],"wp:attachment":[{"href":"https:\/\/dimensionturistica.com\/es\/wp-json\/wp\/v2\/media?parent=336603"}],"wp:term":[{"taxonomy":"category","embeddable":true,"href":"https:\/\/dimensionturistica.com\/es\/wp-json\/wp\/v2\/categories?post=336603"},{"taxonomy":"post_tag","embeddable":true,"href":"https:\/\/dimensionturistica.com\/es\/wp-json\/wp\/v2\/tags?post=336603"}],"curies":[{"name":"wp","href":"https:\/\/api.w.org\/{rel}","templated":true}]}}