{"id":336411,"date":"2022-06-21T17:02:27","date_gmt":"2022-06-21T17:02:27","guid":{"rendered":"https:\/\/dimensionturistica.com\/es\/?p=336411"},"modified":"2022-06-21T17:02:27","modified_gmt":"2022-06-21T17:02:27","slug":"el-chef-californiano-representara-a-mexico-en-bocuse-dor-americas","status":"publish","type":"post","link":"https:\/\/dimensionturistica.com\/es\/el-chef-californiano-representara-a-mexico-en-bocuse-dor-americas\/","title":{"rendered":"El Chef Californiano representara a M\u00e9xico en Bocuse D\u00b4OR Am\u00e9ricas"},"content":{"rendered":"<p>Por primera vez en su historia, la gastronom\u00eda de Baja California representar\u00e1 a M\u00e9xico en una de las contiendas culinarias m\u00e1s relevantes del mundo, en Bocuse d\u00b4Or Am\u00e9ricas, cuya semifinal intercontinental se llevar\u00e1 a cabo el pr\u00f3ximo 14 y 15 de julio, en Santiago de Chile.<img decoding=\"async\" class=\"size-medium wp-image-336633 alignright\" src=\"https:\/\/dimensionturistica.com\/es\/wp-content\/uploads\/2022\/06\/DOSCHEFS-300x200.jpg\" alt=\"\" width=\"300\" height=\"200\" srcset=\"https:\/\/dimensionturistica.com\/es\/wp-content\/uploads\/2022\/06\/DOSCHEFS-300x200.jpg 300w, https:\/\/dimensionturistica.com\/es\/wp-content\/uploads\/2022\/06\/DOSCHEFS.jpg 567w\" sizes=\"(max-width: 300px) 100vw, 300px\" \/><br \/>\nBocuse d\u00b4Or Am\u00e9ricas es una competencia gastron\u00f3mica considerada como las olimpiadas de la gastronom\u00eda; re\u00fane a 9 de los mejores cocineros provenientes del continente americano. Dichos especialistas de la cocina se enfrentan en una contienda oficial con semifinal en Chile, para asegurar 5 lugares, que tendr\u00e1n la oportunidad de competir en la gran final en Sirha Lyon, a oficiarse en enero de 2023.<br \/>\nEl proceso de esta contienda pas\u00f3 por diferentes etapas, que iniciaron con la eliminatoria nacional en 2019 donde el equipo encabezado por Chef Marcelo Hisaki, propietario del restaurante Amores, de Tecate, fue coronado como el representante de M\u00e9xico.<br \/>\nTras un aplazamiento debido a la pandemia, la semifinal ser\u00e1 celebrada en la capital de Chile, y se llevar\u00e1 a cabo con dos pruebas (nombradas Plated y Platter), ambas deben rendir homenaje a producto caracter\u00edstico de la gastronom\u00eda chilena, un alto nivel t\u00e9cnico y reflejar la cultura gastron\u00f3mica de cada pa\u00eds. As\u00ed para la primera prueba tendr\u00e1n cinco horas para crear un platillo vegetariano y en la segunda tendr\u00e1n cinco horas 35 minutos para hacer un plato candidato con base en salm\u00f3n, una prote\u00edna muy<img decoding=\"async\" class=\"size-medium wp-image-336634 alignright\" src=\"https:\/\/dimensionturistica.com\/es\/wp-content\/uploads\/2022\/06\/Marcelo-300x200.jpg\" alt=\"\" width=\"300\" height=\"200\" srcset=\"https:\/\/dimensionturistica.com\/es\/wp-content\/uploads\/2022\/06\/Marcelo-300x200.jpg 300w, https:\/\/dimensionturistica.com\/es\/wp-content\/uploads\/2022\/06\/Marcelo.jpg 583w\" sizes=\"(max-width: 300px) 100vw, 300px\" \/> importante de Chile.<br \/>\nDe esta forma el equipo nacional est\u00e1 conformado por el Chef Hisaki como titular; Alexis Collazo, como ayudante de cocina; Chef Pepe Salinas y Chef Fernando Mart\u00ednez como coaches y Chef Ruffo Ibarra, de restaurante Oryx Capital, como presidente y jurado de cata \u2013 chefs designados por cada equipo para juzgar las pruebas y brindar coaching al equipo\u2013 no obstante, el titular del equipo se\u00f1al\u00f3, \u201cSomos m\u00e1s de 10 personas que estamos detr\u00e1s, es un trabajo fuerte de mucha responsabilidad\u201d.<br \/>\n\u201cEsperamos que M\u00e9xico llegue lo m\u00e1s lejos posible, porque para nosotros es un orgullo que la gastronom\u00eda de Baja California tenga su lugar en esta plataforma global, ya que enaltece a una de las gastronom\u00edas m\u00e1s j\u00f3venes del pa\u00eds\u201d, expres\u00f3.<br \/>\nLa preparaci\u00f3n para este gran evento inici\u00f3 hace meses, y el equipo mexicano se prepara con sesiones de desarrollo del platillo ensayos de 5 d\u00edas de pr\u00e1ctica cada semana y entrenamiento f\u00edsico y mental para tener resistencia, ya que en el evento requiere muchas horas de trabajo con invenciones de recetas, nuevos utensilios y nuevas tendencias de cocina, por ello el Chef Hisaki indic\u00f3 \u201cqueremos lograr que la identidad culinaria del pa\u00eds tenga un muy buen papel, sabemos que tenemos una responsabilidad muy importante \u201c.<br \/>\nCabe destacar que, para estar presentes en esta competencia, el equipo nacional ofrecer\u00e1 una serie de cenas de gala para la recaudaci\u00f3n de fondos necesarios que se requieren para todo el proceso, por ello este pr\u00f3ximo 27 de junio a las 7:00 pm se vivir\u00e1 SIRH\/+ Bocuse d\u00b4Or team M\u00e9xico, que se vivir\u00e1 en Balc\u00f3n Z\u00f3calo, restaurante-terraza de la Ciudad de M\u00e9xico y una el 26 de junio en Deckman\u00b4s en el Mogor, en Valle de Guadalupe, Ensenada.<\/p>\n<p>&nbsp;<\/p>\n","protected":false},"excerpt":{"rendered":"<p>Por primera vez en su historia, la gastronom\u00eda de Baja California representar\u00e1 a M\u00e9xico en una de las contiendas culinarias m\u00e1s relevantes del mundo, en Bocuse d\u00b4Or Am\u00e9ricas, cuya semifinal intercontinental se llevar\u00e1 a cabo el pr\u00f3ximo 14 y 15 de julio, en Santiago de Chile. Bocuse d\u00b4Or Am\u00e9ricas es una competencia gastron\u00f3mica considerada como [&hellip;]<\/p>\n","protected":false},"author":1,"featured_media":336631,"comment_status":"open","ping_status":"closed","sticky":false,"template":"","format":"standard","meta":{"om_disable_all_campaigns":false,"jnews-multi-image_gallery":[],"jnews_single_post":{"source_name":"","source_url":"","via_name":"","via_url":"","override_template":"0","override":[{"template":"1","single_blog_custom":"","parallax":"1","fullscreen":"1","layout":"right-sidebar","sidebar":"default-sidebar","second_sidebar":"default-sidebar","sticky_sidebar":"1","share_position":"top","share_float_style":"share-monocrhome","show_share_counter":"1","show_view_counter":"1","show_featured":"1","show_post_meta":"1","show_post_author":"1","show_post_author_image":"1","show_post_date":"1","post_date_format":"default","post_date_format_custom":"Y\/m\/d","show_post_category":"1","show_post_reading_time":"0","post_reading_time_wpm":"300","show_zoom_button":"0","zoom_button_out_step":"2","zoom_button_in_step":"3","show_post_tag":"1","show_prev_next_post":"1","show_popup_post":"1","number_popup_post":"1","show_author_box":"0","show_post_related":"0","show_inline_post_related":"0"}],"override_image_size":"0","image_override":[{"single_post_thumbnail_size":"crop-500","single_post_gallery_size":"crop-500"}],"trending_post":"0","trending_post_position":"meta","trending_post_label":"Trending","sponsored_post":"0","sponsored_post_label":"Sponsored by","sponsored_post_name":"","sponsored_post_url":"","sponsored_post_logo_enable":"0","sponsored_post_logo":"","sponsored_post_desc":"","disable_ad":"0"},"jnews_primary_category":{"id":""},"jnews_social_meta":{"fb_title":"","fb_description":"","fb_image":"","twitter_title":"","twitter_description":"","twitter_image":""},"footnotes":""},"categories":[43],"tags":[],"class_list":["post-336411","post","type-post","status-publish","format-standard","has-post-thumbnail","hentry","category-gourmet"],"_links":{"self":[{"href":"https:\/\/dimensionturistica.com\/es\/wp-json\/wp\/v2\/posts\/336411","targetHints":{"allow":["GET"]}}],"collection":[{"href":"https:\/\/dimensionturistica.com\/es\/wp-json\/wp\/v2\/posts"}],"about":[{"href":"https:\/\/dimensionturistica.com\/es\/wp-json\/wp\/v2\/types\/post"}],"author":[{"embeddable":true,"href":"https:\/\/dimensionturistica.com\/es\/wp-json\/wp\/v2\/users\/1"}],"replies":[{"embeddable":true,"href":"https:\/\/dimensionturistica.com\/es\/wp-json\/wp\/v2\/comments?post=336411"}],"version-history":[{"count":0,"href":"https:\/\/dimensionturistica.com\/es\/wp-json\/wp\/v2\/posts\/336411\/revisions"}],"wp:featuredmedia":[{"embeddable":true,"href":"https:\/\/dimensionturistica.com\/es\/wp-json\/wp\/v2\/media\/336631"}],"wp:attachment":[{"href":"https:\/\/dimensionturistica.com\/es\/wp-json\/wp\/v2\/media?parent=336411"}],"wp:term":[{"taxonomy":"category","embeddable":true,"href":"https:\/\/dimensionturistica.com\/es\/wp-json\/wp\/v2\/categories?post=336411"},{"taxonomy":"post_tag","embeddable":true,"href":"https:\/\/dimensionturistica.com\/es\/wp-json\/wp\/v2\/tags?post=336411"}],"curies":[{"name":"wp","href":"https:\/\/api.w.org\/{rel}","templated":true}]}}