{"id":336216,"date":"2022-06-21T08:26:36","date_gmt":"2022-06-21T08:26:36","guid":{"rendered":"https:\/\/dimensionturistica.com\/es\/?p=336216"},"modified":"2022-06-21T08:26:36","modified_gmt":"2022-06-21T08:26:36","slug":"las-agencias-argelinas-no-romperan-relaciones-con-espana","status":"publish","type":"post","link":"https:\/\/dimensionturistica.com\/es\/las-agencias-argelinas-no-romperan-relaciones-con-espana\/","title":{"rendered":"Las agencias argelinas no romper\u00e1n relaciones con Espa\u00f1a"},"content":{"rendered":"<p> <br \/>\n<\/p>\n<div id=\"textoNoticia\">\n<p class=\"titulo\">En este sentido, <strong>ha asegurado que &#8220;en ning\u00fan caso&#8221; se va a aplicar una medida de este tipo a Espa\u00f1a<\/strong>. Igualmente, la Uni\u00f3n Nacional Argelina de Agencias Tur\u00edsticas y de Viaje tambi\u00e9n lo ha desmentido, se\u00f1alando que han confirmado con el Ministerio que la noticia carece de fundamento y que contin\u00faan las operaciones normales<\/p>\n<blockquote><p>&#13;<\/p>\n<p>La Uni\u00f3n Nacional Argelina de Agencias Tur\u00edsticas y de Viaje tambi\u00e9n lo ha desmentido<\/p>\n<p>&#13;\n<\/p><\/blockquote>\n<p class=\"titulo\">Seg\u00fan han publicado varios medios estos d\u00edas, el Gobierno <a rel=\"nofollow noopener\" target=\"_blank\" href=\"https:\/\/www.nexotur.com\/noticia\/114945\/conexo\/la-fmz-pone-su-mirada-en-el-mercado-internacional.html\">argelino<\/a> habr\u00eda ordenado a las <a rel=\"nofollow noopener\" target=\"_blank\" href=\"https:\/\/www.nexotur.com\/noticia\/116033\/nexotur\/el-68-de-los-mayores-de-45-se-decantan-por-el-canal-presencial-para-sus-reservas.html\">agencias<\/a> de viaje del pa\u00eds que corten las relaciones con Espa\u00f1a, tras la decisi\u00f3n de suspender el Tratado de Amistad suscrito con nuestro pa\u00eds.<\/p>\n<p class=\"titulo\">La ruptura de este acuerdo, firmado hace dos d\u00e9cadas, se ha realizado como represalia por el apoyo de Espa\u00f1a al plan de autonom\u00eda de Marruecos sobre el S\u00e1hara Occidental.<\/p>\n<\/div>\n\n<p><em> &#8221; Fuentes www.nexotur.com &#8221; <\/em><\/p>\n","protected":false},"excerpt":{"rendered":"<p>En este sentido, ha asegurado que &#8220;en ning\u00fan caso&#8221; se va a aplicar una medida de este tipo a Espa\u00f1a. Igualmente, la Uni\u00f3n Nacional Argelina de Agencias Tur\u00edsticas y de Viaje tambi\u00e9n lo ha desmentido, se\u00f1alando que han confirmado con el Ministerio que la noticia carece de fundamento y que contin\u00faan las operaciones normales &#13; [&hellip;]<\/p>\n","protected":false},"author":4,"featured_media":336217,"comment_status":"open","ping_status":"closed","sticky":false,"template":"","format":"standard","meta":{"om_disable_all_campaigns":false,"jnews-multi-image_gallery":[],"jnews_single_post":[],"jnews_primary_category":[],"jnews_social_meta":[],"footnotes":""},"categories":[40],"tags":[1161,47690,770,28550,47691],"class_list":["post-336216","post","type-post","status-publish","format-standard","has-post-thumbnail","hentry","category-industria","tag-agencias","tag-argelinas","tag-espana","tag-relaciones","tag-romperan"],"_links":{"self":[{"href":"https:\/\/dimensionturistica.com\/es\/wp-json\/wp\/v2\/posts\/336216","targetHints":{"allow":["GET"]}}],"collection":[{"href":"https:\/\/dimensionturistica.com\/es\/wp-json\/wp\/v2\/posts"}],"about":[{"href":"https:\/\/dimensionturistica.com\/es\/wp-json\/wp\/v2\/types\/post"}],"author":[{"embeddable":true,"href":"https:\/\/dimensionturistica.com\/es\/wp-json\/wp\/v2\/users\/4"}],"replies":[{"embeddable":true,"href":"https:\/\/dimensionturistica.com\/es\/wp-json\/wp\/v2\/comments?post=336216"}],"version-history":[{"count":0,"href":"https:\/\/dimensionturistica.com\/es\/wp-json\/wp\/v2\/posts\/336216\/revisions"}],"wp:featuredmedia":[{"embeddable":true,"href":"https:\/\/dimensionturistica.com\/es\/wp-json\/wp\/v2\/media\/336217"}],"wp:attachment":[{"href":"https:\/\/dimensionturistica.com\/es\/wp-json\/wp\/v2\/media?parent=336216"}],"wp:term":[{"taxonomy":"category","embeddable":true,"href":"https:\/\/dimensionturistica.com\/es\/wp-json\/wp\/v2\/categories?post=336216"},{"taxonomy":"post_tag","embeddable":true,"href":"https:\/\/dimensionturistica.com\/es\/wp-json\/wp\/v2\/tags?post=336216"}],"curies":[{"name":"wp","href":"https:\/\/api.w.org\/{rel}","templated":true}]}}