{"id":335722,"date":"2022-06-20T13:51:18","date_gmt":"2022-06-20T13:51:18","guid":{"rendered":"https:\/\/dimensionturistica.com\/es\/?p=335722"},"modified":"2022-06-20T13:51:18","modified_gmt":"2022-06-20T13:51:18","slug":"las-agencias-de-viajes-de-cordoba-esperan-recuperar-el-80-de-su-facturacion-en-agosto","status":"publish","type":"post","link":"https:\/\/dimensionturistica.com\/es\/las-agencias-de-viajes-de-cordoba-esperan-recuperar-el-80-de-su-facturacion-en-agosto\/","title":{"rendered":"Las agencias de viajes de C\u00f3rdoba esperan recuperar el 80% de su facturaci\u00f3n en agosto"},"content":{"rendered":"<p> <br \/>\n<\/p>\n<div id=\"\"><span class=\"data\"><\/p>\n<footer class=\"autores\"><span class=\"autor\"><a rel=\"nofollow noopener\" target=\"_blank\" class=\"nombre\" title=\"R. Verd\u00fa\">R. Verd\u00fa<\/a><span class=\"autor\" title=\"R. Verd\u00fa\" style=\"display: none;\"\/><\/span><\/footer>\n<p><span class=\"datos-articulo\"><span class=\"datos\"><span class=\"lugar\">C\u00f3rdoba<\/span><span class=\"fecha\"><br \/>\n                  Actualizado:<time class=\"actualizado\" datetime=\"2022-05-28T06:21:35Z\">28\/05\/2022\u00a008:21h<\/time><\/span><\/span><a rel=\"nofollow noopener\" target=\"_blank\" title=\"Guardar el art\u00edculo\" class=\"guardar-articulo nibara-element-inview\" data-nibara-module=\"starred\" data-nibara-inview-mode=\"one\" data-btn=\"starred\" data-type=\"noticia\" data-id=\"c37de36e-dda0-11ec-a746-eef78fde5f3d\" data-voc-vtm-id=\"leerdespues\" data-voc-vtm-info=\"sticky\"><span class=\"icono leer-despues\"><svg viewbox=\"0 0 24 24\"><path d=\"M17,3H7A2,2 0 0,0 5,5V21L12,18L19,21V5C19,3.89 18.1,3 17,3Z\"\/><\/svg><\/span><br \/>\n   Guardar<br \/>\n <\/a><\/span><\/span><\/p>\n<aside class=\"modulo noticias-relacionadas\">\n<h4 class=\"titulo\">Noticias relacionadas<\/h4>\n<\/aside>\n<p>Las <strong>agencias de viajes de C\u00f3rdoba <\/strong>comienzan a mejorar poco a poco su situaci\u00f3n de cara al pr\u00f3ximo verano, ya sin restricciones, tras m\u00e1s de dos a\u00f1os de pandemia que llevaron a algunos de estos negocios a la ruina.<\/p>\n<p>El presidente de la <strong>Asociaci\u00f3n de Agencias de Viajes de C\u00f3rdoba<\/strong>,     <a rel=\"nofollow noopener\" target=\"_blank\" href=\"https:\/\/sevilla.abc.es\/andalucia\/cordoba\/sevi-agencias-viajes-cordoba-crecer-30-por-ciento-reservas-para-vacaciones-202107102311_noticia.html\" data-voc-vtm-id=\"in-text-traffic\"><br \/>\n        Antonio Ca\u00f1o<\/a>, ha asegurado a a ABC que este a\u00f1o las empresas est\u00e1n trabajando con un volumen que en el mejor de los casos llega al 60 por ciento de la facturaci\u00f3n routine en estas fechas en el a\u00f1o 2019, antes de la pandemia. Los a\u00f1os 2020 y 2021 \u00abno cuentan porque no han existido\u00bb para estos servicios, declara. <\/p>\n<p>De cara al <strong>verano<\/strong>, en la \u00e9poca de m\u00e1s ventas en agosto, Ca\u00f1o espera que las agencias cordobeses lleguen <strong>al 75 u 80 por ciento<\/strong> de su facturaci\u00f3n previa al Covid-19, pero se trata, afirma, de una recuperaci\u00f3n puntual.<\/p>\n<aside class=\"roba-intercalado sin-fondo layer_inpage\"><span class=\"creatividad cmv_intext\" data-voc-vam=\"\" data-voc-vam-position=\"layer_inpage\" data-voc-vam-outofpage=\"true\" id=\"layer_inpage-id\"\/><\/aside>\n<p>La Semana Santa ha sido \u00abmagn\u00edfica\u00bb, apunta el portavoz del colectivo, y se espera que el verano sea bueno tambi\u00e9n, a pesar de que el turismo internacional a\u00fan sigue parado. \u00abEse aspecto est\u00e1 <strong>ahora mismo parado<\/strong>, tanto    <a rel=\"nofollow noopener\" target=\"_blank\" href=\"https:\/\/sevilla.abc.es\/andalucia\/cordoba\/sevi-eeuu-italia-protagonizan-bajada-turismo-extranjero-cordoba-desplomes-mas-36-por-ciento-202205252141_noticia.html\" data-voc-vtm-id=\"in-text-traffic\"><br \/>\n         el visitante que viene aqu\u00ed <\/a>como las     <a rel=\"nofollow noopener\" target=\"_blank\" href=\"https:\/\/sevilla.abc.es\/andalucia\/cordoba\/sevi-imtur-marcha-frankfurt-madrid-y-gijon-para-vender-cordoba-mundo-turismo-congresos-202205241857_noticia.html\" data-voc-vtm-id=\"in-text-traffic\"><br \/>\n        salidas al extranjero <\/a>por parte de nuestros clientes\u00bb, declara Ca\u00f1o. <\/p>\n<p>Las pocas ventas de productos en el extranjero se est\u00e1n realizando para conocer Portugal o Italia, y tambi\u00e9n \u00abse est\u00e1 vendiendo mucho curcero\u00bb. Pero sobre todo, lo que el turista cordob\u00e9s est\u00e1 pidiendo este a\u00f1o son las vacaciones en las islas espa\u00f1olas, <strong>Canarias o Baleares<\/strong>. <\/p>\n<p>Si el a\u00f1o pasado el turista nacional salv\u00f3 la campa\u00f1a veraniega, en este 2022 los operadores conf\u00edan en que hagan lo mismo los destinos insulares, \u00abporque<strong> el tema internacional<\/strong>, digan lo que digan, est\u00e1 en niveles desgraciadamente muy bajos\u00bb, asegura Ca\u00f1o. <\/p>\n<p>No s\u00f3lo han cambiado los <strong>gustos y preferencias <\/strong>de los cordobeses tras la pandemia; tambi\u00e9n lo ha hecho el modo de hacer las <strong>reservas<\/strong>. Antes, los turistas sol\u00edan ser previsores y a estas alturas ya estaban gran parte de los viajes contratados. <\/p>\n<p>En la actualidad los viajeros p<strong>refieren esperar hasta \u00faltima hora<\/strong> para realizar sus compras en las agencias de viajes, quiz\u00e1s esperando alguna oferta. Para Antonio Ca\u00f1o, antes de la pandemia ese tipo de operaciones s\u00f3lo supon\u00edan entre un 10 o un 15 por ciento del whole, y ahora son muchas m\u00e1s. <\/p>\n<p>Y eso que \u00abno va a haber muchas <strong>ofertas de \u00faltima hora<\/strong>, pero la gente estar\u00e1 pendiente\u00bb, afirma el presidente de la asociaci\u00f3n. Influye en esta situaci\u00f3n \u00abla inseguridad y la falta de confianza de los viajeros\u00bb. <\/p>\n<h3 class=\"ladillo\">Nuevas agencias<\/h3>\n<p>Un \u00faltimo aspecto que ha cambiado -para mejor- en este a\u00f1o 2022 es la recuperaci\u00f3n de algunos de los despachos que se perdieron en la pandemia. Desde enero hasta mayo, s\u00f3lo en C\u00f3rdoba <strong>se han abierto media docena de agencias de viajes<\/strong>, aunque son m\u00e1s peque\u00f1as que las habituales y est\u00e1n regidas por una sola persona, normalmente un aut\u00f3noma. En Sevilla han sido 15 las reaperturas. <\/p>\n<p>Esa recuperaci\u00f3n la da confianza al sector, ya que demuestra que<strong> los intermediarios siguen siendo necesarios<\/strong> y los clientes buscan sus servicios, en lugar de contratarlo todo a trav\u00e9s de Web o de forma directa. <\/p>\n<p>Como colof\u00f3n, Antonio Ca\u00f1o asegura que a\u00fan falta un tiempo hasta que el sector de las agencias de viaje se recupere por completo. Probablemente eso ocurra, asegura el presidente de la asociaci\u00f3n, <strong>para el a\u00f1o 2024<\/strong>, aunque el a\u00f1o que viene tambi\u00e9n podr\u00eda ser bueno. <\/p>\n<p><a rel=\"nofollow noopener\" target=\"_blank\" class=\"boton-comentarios\" href=\"#ancla_comentarios\" title=\"Ver los comentarios\" data-voc-comments-count=\"c37de36e-dda0-11ec-a746-eef78fde5f3d\" data-voc-comments-count-zero-text=\"\" data-voc-comments-count-show-zero=\"false\" data-voc-comments-count-action=\"abc:comments:countForButton\">Ver los<br \/>\n    <strong\/> comentarios<\/a><\/p>\n<aside class=\"modulo temas\">\n<h4 class=\"titulo\">Temas<\/h4>\n<\/aside>\n<aside id=\"widget_outbrain_376\" class=\"nibara-element\" data-nibara-module=\"outbrain\" data-template-outbrain=\"vocentoes\"\/><\/div>\n\n<p><em> &#8221; Fuentes sevilla.abc.es &#8221; <\/em><\/p>\n","protected":false},"excerpt":{"rendered":"<p>R. Verd\u00fa C\u00f3rdoba Actualizado:28\/05\/2022\u00a008:21h Guardar Noticias relacionadas Las agencias de viajes de C\u00f3rdoba comienzan a mejorar poco a poco su situaci\u00f3n de cara al pr\u00f3ximo verano, ya sin restricciones, tras m\u00e1s de dos a\u00f1os de pandemia que llevaron a algunos de estos negocios a la ruina. El presidente de la Asociaci\u00f3n de Agencias de Viajes [&hellip;]<\/p>\n","protected":false},"author":4,"featured_media":335723,"comment_status":"open","ping_status":"closed","sticky":false,"template":"","format":"standard","meta":{"om_disable_all_campaigns":false,"jnews-multi-image_gallery":[],"jnews_single_post":[],"jnews_primary_category":[],"jnews_social_meta":[],"footnotes":""},"categories":[40],"tags":[1161,558,545],"class_list":["post-335722","post","type-post","status-publish","format-standard","has-post-thumbnail","hentry","category-industria","tag-agencias","tag-cordoba","tag-viajes"],"_links":{"self":[{"href":"https:\/\/dimensionturistica.com\/es\/wp-json\/wp\/v2\/posts\/335722","targetHints":{"allow":["GET"]}}],"collection":[{"href":"https:\/\/dimensionturistica.com\/es\/wp-json\/wp\/v2\/posts"}],"about":[{"href":"https:\/\/dimensionturistica.com\/es\/wp-json\/wp\/v2\/types\/post"}],"author":[{"embeddable":true,"href":"https:\/\/dimensionturistica.com\/es\/wp-json\/wp\/v2\/users\/4"}],"replies":[{"embeddable":true,"href":"https:\/\/dimensionturistica.com\/es\/wp-json\/wp\/v2\/comments?post=335722"}],"version-history":[{"count":0,"href":"https:\/\/dimensionturistica.com\/es\/wp-json\/wp\/v2\/posts\/335722\/revisions"}],"wp:featuredmedia":[{"embeddable":true,"href":"https:\/\/dimensionturistica.com\/es\/wp-json\/wp\/v2\/media\/335723"}],"wp:attachment":[{"href":"https:\/\/dimensionturistica.com\/es\/wp-json\/wp\/v2\/media?parent=335722"}],"wp:term":[{"taxonomy":"category","embeddable":true,"href":"https:\/\/dimensionturistica.com\/es\/wp-json\/wp\/v2\/categories?post=335722"},{"taxonomy":"post_tag","embeddable":true,"href":"https:\/\/dimensionturistica.com\/es\/wp-json\/wp\/v2\/tags?post=335722"}],"curies":[{"name":"wp","href":"https:\/\/api.w.org\/{rel}","templated":true}]}}