{"id":335681,"date":"2022-06-20T13:20:35","date_gmt":"2022-06-20T13:20:35","guid":{"rendered":"https:\/\/dimensionturistica.com\/es\/?p=335681"},"modified":"2022-06-20T13:20:35","modified_gmt":"2022-06-20T13:20:35","slug":"la-ciudad-espanola-con-mas-patrimonio-de-la-humanidad","status":"publish","type":"post","link":"https:\/\/dimensionturistica.com\/es\/la-ciudad-espanola-con-mas-patrimonio-de-la-humanidad\/","title":{"rendered":"La ciudad espa\u00f1ola con m\u00e1s Patrimonio de la Humanidad"},"content":{"rendered":"<p> <br \/>\n<\/p>\n<div>\n<div id=\"involveds\" class=\"involveds wrap\">\n<div class=\"involved-authors only-author\">\n<div class=\"first-author\">\n<figure class=\"thumb col-xs-3\">&#13;<img loading=\"lazy\" decoding=\"async\" src=\"https:\/\/viajes.nationalgeographic.com.es\/medio\/2021\/12\/09\/foto-alex-newsletter_0d47dd82_600x600.jpg\" alt=\"Foto Alex Newsletter\" class=\"lazyload\" width=\"600\" height=\"600\" data-aspectratio=\"600\/600\"\/><noscript><img decoding=\"async\" src=\"https:\/\/viajes.nationalgeographic.com.es\/medio\/2021\/12\/09\/foto-alex-newsletter_0d47dd82_600x600.jpg\" alt=\"Foto Alex Newsletter\"\/><\/noscript>&#13;<\/figure>\n<\/div>\n<\/div>\n<\/div>\n<p class=\"date\"> <time itemprop=\"dateModified\" datetime=\"2022-06-20T07:00:00+02:00\" data-timestamp=\"1655708400\">&#13;20 de junio de 2022 \u00b7 07:00<\/time>&#13;<\/p>\n<\/div>\n<div id=\"article-text\">\n<div class=\"txt\">\n<aside class=\"subscription-highlighted\">\n<div class=\"subscription-container\">\n<div class=\"non-subscribed\">\n<p class=\"description\">Somos de rutas, no de rutinas. Descubre Viajes Nationwide Geographic<\/p>\n<p><a rel=\"nofollow noopener\" target=\"_blank\" href=\"https:\/\/tienda.rbarevistas.com\/por-que-viajes-national-geographic.html?rba_source=viajes.nationalgeographic.com.es&amp;rba_medium=referral&amp;rba_campaign=NGMV&amp;rba_content=frase-articulo\" class=\"more-link\">SABER M\u00c1S<\/a><\/div>\n<\/div>\n<\/aside>\n<p style=\"display: none;\"><img decoding=\"async\" id=\"ctl01_ctl00_phMain_phMain_ctl00_ctl02_ctl17_ctl01_imgContent\" src=\"https:\/\/viajes.nationalgeographic.com.es\/medio\/2022\/06\/17\/istock-503324540_1c3ac3e5_800x800.jpg\" alt=\"iStock-503324540\" style=\"border-width:0px;\"\/><\/p>\n<aside class=\"add300x250 publi-interior-top ad-container-r1 ad-inline\"\/>\n<p><span id=\"docs-internal-guid-8e2caaeb-7fff-6729-88ae-c2fc7481b092\">Cuando la UNESCO declar\u00f3 en 2018 a la <a rel=\"nofollow noopener\" target=\"_blank\" href=\"https:\/\/viajes.nationalgeographic.com.es\/a\/medina-azahara-nuevo-patrimonio-mundial-humanidad_12916\">Ciudad Califal de Medina Azahara<\/a> como lugar Patrimonio de la Humanidad encumbr\u00f3 a C\u00f3rdoba por encima de Roma o Par\u00eds. Hab\u00edan pasado 34 a\u00f1os desde que se hab\u00eda incorporado a su Mezquita-catedral dentro de la lista de bienes Patrimonio de la Humanidad. Entre medias, dos reconocimientos m\u00e1s: en 1984 (y 1994), el Centro hist\u00f3rico de C\u00f3rdoba y en 2012, La fiesta de los patios de C\u00f3rdoba. Suma pues C\u00f3rdoba cuatro Patrimonio de la Humanidad. En ellos se encuentra toda la esencia y toda la ciudad de la capital cordobesa. Desde el prodigioso collage arquitect\u00f3nico que es la Catedral de la Asunci\u00f3n de Nuestra Se\u00f1ora al colour \u00edntimo de los patios cordobeses o desde el s\u00f3lido centro hist\u00f3rico por donde pasaron romanos y G\u00f3ngora a la ef\u00edmera belleza de la Medina Azahara de Abderram\u00e1n III. Probablemente no haya lugar en el mundo donde sus Patrimono de la Humanidad sean capaces de sintetizar tan larga historia.<\/span><\/p>\n<section class=\"related-article-content relacionado\">\n<p class=\"relatedTitle\">Art\u00edculo relacionado<\/p>\n<p><a rel=\"nofollow noopener\" target=\"_blank\" href=\"https:\/\/viajes.nationalgeographic.com.es\/a\/sitios-patrimonio-humanidad-espana_13602\" class=\"rel\"><\/p>\n<article class=\"article\">&#13;<\/p>\n<figure class=\"thumb\">&#13;<img decoding=\"async\" src=\"https:\/\/viajes.nationalgeographic.com.es\/medio\/2018\/12\/03\/alhambra_63f79194_1280x720.jpg\" alt=\"alhambra\" class=\"imagenRelacionado lazyload\"\/><noscript><img decoding=\"async\" src=\"https:\/\/viajes.nationalgeographic.com.es\/medio\/2018\/12\/03\/alhambra_63f79194_1280x720.jpg\" alt=\"alhambra\"\/><\/noscript>&#13;<\/figure>\n<p>&#13;<\/p>\n<div class=\"relacionadoTxt\">\n<p>&#13;<\/p>\n<h4 class=\"supertitle\">&#13;Lo mejor de lo mejor<\/h4>\n<h4 class=\"title\">&#13;Los sitios Patrimonio de la Humanidad de Espa\u00f1a<\/h4>\n<p>&#13;<\/p>\n<\/div>\n<\/article>\n<p><\/a><\/section>\n<aside class=\"add300x600 publi-interior-bot ad-inline ad-container-r2\"\/><\/div>\n<p><!-- START: tags-rel  --><!-- END: tags-rel   --><br \/>\n<!-- START:toolbar --><!-- END:toolbar --><\/div>\n\n<p><em> &#8221; Fuentes viajes.nationalgeographic.com.es &#8221; <\/em><\/p>\n","protected":false},"excerpt":{"rendered":"<p>&#13;&#13; &#13;20 de junio de 2022 \u00b7 07:00&#13; Somos de rutas, no de rutinas. Descubre Viajes Nationwide Geographic SABER M\u00c1S Cuando la UNESCO declar\u00f3 en 2018 a la Ciudad Califal de Medina Azahara como lugar Patrimonio de la Humanidad encumbr\u00f3 a C\u00f3rdoba por encima de Roma o Par\u00eds. Hab\u00edan pasado 34 a\u00f1os desde que se [&hellip;]<\/p>\n","protected":false},"author":4,"featured_media":334727,"comment_status":"open","ping_status":"closed","sticky":false,"template":"","format":"standard","meta":{"om_disable_all_campaigns":false,"jnews-multi-image_gallery":[],"jnews_single_post":[],"jnews_primary_category":[],"jnews_social_meta":[],"footnotes":""},"categories":[39],"tags":[47258,47257],"class_list":["post-335681","post","type-post","status-publish","format-standard","has-post-thumbnail","hentry","category-viajes","tag-cargado-desde-el-fichero-de-recursos","tag-keywords-por-defecto"],"_links":{"self":[{"href":"https:\/\/dimensionturistica.com\/es\/wp-json\/wp\/v2\/posts\/335681","targetHints":{"allow":["GET"]}}],"collection":[{"href":"https:\/\/dimensionturistica.com\/es\/wp-json\/wp\/v2\/posts"}],"about":[{"href":"https:\/\/dimensionturistica.com\/es\/wp-json\/wp\/v2\/types\/post"}],"author":[{"embeddable":true,"href":"https:\/\/dimensionturistica.com\/es\/wp-json\/wp\/v2\/users\/4"}],"replies":[{"embeddable":true,"href":"https:\/\/dimensionturistica.com\/es\/wp-json\/wp\/v2\/comments?post=335681"}],"version-history":[{"count":0,"href":"https:\/\/dimensionturistica.com\/es\/wp-json\/wp\/v2\/posts\/335681\/revisions"}],"wp:featuredmedia":[{"embeddable":true,"href":"https:\/\/dimensionturistica.com\/es\/wp-json\/wp\/v2\/media\/334727"}],"wp:attachment":[{"href":"https:\/\/dimensionturistica.com\/es\/wp-json\/wp\/v2\/media?parent=335681"}],"wp:term":[{"taxonomy":"category","embeddable":true,"href":"https:\/\/dimensionturistica.com\/es\/wp-json\/wp\/v2\/categories?post=335681"},{"taxonomy":"post_tag","embeddable":true,"href":"https:\/\/dimensionturistica.com\/es\/wp-json\/wp\/v2\/tags?post=335681"}],"curies":[{"name":"wp","href":"https:\/\/api.w.org\/{rel}","templated":true}]}}