{"id":335287,"date":"2022-06-19T22:30:30","date_gmt":"2022-06-19T22:30:30","guid":{"rendered":"https:\/\/dimensionturistica.com\/es\/?p=335287"},"modified":"2022-06-19T22:30:31","modified_gmt":"2022-06-19T22:30:31","slug":"nomadas-por-naturaleza-el-libro-que-nacio-de-la-newsletter-de-viajes-national-geographic","status":"publish","type":"post","link":"https:\/\/dimensionturistica.com\/es\/nomadas-por-naturaleza-el-libro-que-nacio-de-la-newsletter-de-viajes-national-geographic\/","title":{"rendered":"&#8216;N\u00f3madas por naturaleza&#8217;, el libro que naci\u00f3 de la newsletter de Viajes National Geographic"},"content":{"rendered":"<p> <br \/>\n<\/p>\n<div id=\"article-sumary\">\n<div class=\"article-txt ad-mobile-top\">\n<p>Desde hoy est\u00e1 en las librer\u00edas, y tambi\u00e9n en venta on-line y versi\u00f3n digital, <a rel=\"nofollow noopener\" target=\"_blank\" href=\"https:\/\/www.rbalibros.com\/national-geographic\/nomadas-por-naturaleza_5819\"><em><strong>N\u00f3madas por naturaleza<\/strong><\/em><\/a>. Este libro inspirador alimenta la llama viajera combinando con maestr\u00eda la visi\u00f3n geogr\u00e1fica, las vivencias que alienta un territorio y las referencias literarias. La prosa de <strong><a rel=\"nofollow noopener\" target=\"_blank\" href=\"https:\/\/viajes.nationalgeographic.com.es\/autores\/josan-ruiz_1270\">Josan Ruiz,<\/a> director de <em>Viajes Nationwide Geographic<\/em><\/strong><em>,<\/em> atrapa al lector desde la primera l\u00ednea y le lleva por el mundo sin salir de casa. <em><strong>N\u00f3madas por naturaleza<\/strong><\/em> re\u00fane 28 temas escritos entre abril de 2020 y febrero de 2022, cuando la COVID redujo considerablemente el turismo. Los textos abarcan sin embargo d\u00e9cadas de experiencias viajeras para tejer un fascinante periplo a trav\u00e9s del espacio y el tiempo.<\/p>\n<p>\u00a0<\/p>\n<p><a rel=\"nofollow noopener\" target=\"_blank\" class=\"btn-comprar\" href=\"https:\/\/es.bookshop.org\/a\/8937\/9788482988092\"><em>N\u00f3madas por naturaleza<\/em>, disponible en Bookshop<\/a><\/p>\n<p>\u00a0<\/p>\n<p>\u00a0<\/p>\n<\/div>\n<\/div>\n<div id=\"article-text\">\n<div class=\"txt\">\n<aside class=\"subscription-highlighted\">\n<div class=\"subscription-container\">\n<div class=\"non-subscribed\">\n<p class=\"description\">Somos de rutas, no de rutinas. Descubre Viajes Nationwide Geographic<\/p>\n<p><a rel=\"nofollow noopener\" target=\"_blank\" href=\"https:\/\/tienda.rbarevistas.com\/por-que-viajes-national-geographic.html?rba_source=viajes.nationalgeographic.com.es&amp;rba_medium=referral&amp;rba_campaign=NGMV&amp;rba_content=frase-articulo\" class=\"more-link\">SABER M\u00c1S<\/a><\/div>\n<\/div>\n<\/aside>\n<p style=\"display: none;\"><img decoding=\"async\" id=\"ctl01_ctl00_phMain_phMain_ctl00_ctl02_ctl17_ctl01_imgContent\" src=\"https:\/\/viajes.nationalgeographic.com.es\/medio\/2022\/06\/01\/nomadas-por-naturaleza_5711acd1_800x800.jpg\" alt=\"N\u00f3madas por naturaleza\" style=\"border-width:0px;\"\/><\/p>\n<aside class=\"add300x250 publi-interior-top ad-container-r1 ad-inline\"\/>\n<p>En cada cap\u00edtulo de la obra, que los suscriptores de la <em>e-newsletter<\/em> de <em>Viajes Nationwide Geographic<\/em> recibieron en su d\u00eda por mail y que se han revisado o ampliado para la edici\u00f3n de este libro, la realidad de los acontecimientos impregna unas agudas reflexiones sobre el sentido del viaje. La llegada del<a rel=\"nofollow noopener\" target=\"_blank\" href=\"https:\/\/viajes.nationalgeographic.com.es\/a\/esperando-monzon-india_15602\"> <strong>monz\u00f3n a la India<\/strong> <\/a>y lo que implica se revive con detalle en un relato que comienza con la muerte del fot\u00f3grafo Roland Michaux, que tan magistralmente capt\u00f3 el alma de ese pa\u00eds. La exuberante historia <strong>\u00abPasi<\/strong><strong>\u00f3<\/strong><strong>n por los volcanes\u00bb<\/strong> es la respuesta a un viaje descartado a la isla italiana de <strong>Stromboli<\/strong>. La aparici\u00f3n de un n\u00famero especial de <em>Viajes Nationwide Geographic<\/em> dedicado al turismo sostenible da pie para narrar la expedici\u00f3n por Sudam\u00e9rica de <a rel=\"nofollow noopener\" target=\"_blank\" href=\"https:\/\/viajes.nationalgeographic.com.es\/a\/humboldt-explorador-que-cambio-forma-ver-mundo_16492\"><strong>Alexander von Humboldt<\/strong><\/a>, el primer viajero y cient\u00edfico realmente adelantado a su \u00e9poca que recorri\u00f3 <strong>Espa<\/strong><strong>\u00f1<\/strong><strong>a en 1799<\/strong>. \u00abEl Audi en el ca\u00f1averal\u00bb ofrece una <strong>ins\u00f3lita visi\u00f3n de<\/strong> <strong>la isla de Gran Canaria <\/strong>a trav\u00e9s de las visitas a familiares o amigos que residen en ella. <strong>\u00abLos tesoros de Haw<\/strong><strong>\u00e1<\/strong><strong>i\u00bb<\/strong> es un tributo al pueblo polinesio, capaz de navegar y poblar la inmensidad del Pac\u00edfico sin emplear la br\u00fajula ni instrumentos de metallic. Los viajes que realiz\u00f3 el autor en los dos veranos previos a la pandemia son el germen de <strong>\u00abCautivados por Jap<\/strong><strong>\u00f3<\/strong><strong>n\u00bb<\/strong>. Tres monta\u00f1as fant\u00e1sticas, el <strong>Cervino<\/strong>, el <strong>Monte Kailas<\/strong> y <strong>Montserrat<\/strong>, protagonizan otros extraordinarios cap\u00edtulos. <strong>\u201cUn arte que supo c\u00f3mo morir\u201d<\/strong> describe el universo y la cosmolog\u00eda de las <strong>tribus de la costa oeste de Canad\u00e1<\/strong>, habitantes de un entorno tan pr\u00f3digo que les permit\u00eda ser sedentarias pese a vivir de la caza y la pesca. <strong>\u201cLa isla en que naci\u00f3 Zeus\u201d<\/strong> se adentra en el laberinto de <strong>Creta<\/strong> a trav\u00e9s de la arqueolog\u00eda minoica y los mitos griegos. <strong>\u201cN\u00f3madas en \u00c1frica\u201d<\/strong> destila el esp\u00edritu del libro, pues sugiere que viajar no es algo nuevo para nosotros sino cierta forma de retorno a los or\u00edgenes.<\/p>\n<p>Habr\u00eda m\u00e1s cap\u00edtulos dignos de menci\u00f3n. Pero como explica en el pr\u00f3logo <a rel=\"nofollow noopener\" target=\"_blank\" href=\"https:\/\/viajes.nationalgeographic.com.es\/autores\/javier-zori-del-amo_1269\"><strong>Javier Zori del Amo<\/strong>,<\/a> director de la net de <em>Viajes Nationwide Geographic<\/em>, este gran libro de viajes experimental, que ahora se encarna en el papel tras su gestaci\u00f3n en el universo digital, ejemplifica lo mucho que los viajes han aportado a nuestras vidas desde que empezamos a explorar este asombroso planeta. Y tambi\u00e9n demuestra que el ser humano no solo es n\u00f3mada por naturaleza: tambi\u00e9n tiene una voluntad irrefrenable de contar sus experiencias y sus viajes, ya sea en las paredes de una cueva o en una <em>e-newsletter<\/em>. Algo que Josan Ruiz logra de forma magistral.<\/p>\n<p><iframe loading=\"lazy\" class=\"qualifio_iframe_tag\" frameborder=\"0\" height=\"1200\" hspace=\"0\" id=\"qualifio767025\" scrolling=\"auto\" src=\"https:\/\/participa.nationalgeographic.com.es\/20\/A682334E-DA7E-494D-81E6-2F595C02AC3A\/v1.cfm?id=A682334E-DA7E-494D-81E6-2F595C02AC3A\" style=\"overflow-x: hidden;max-width:1000px\" vspace=\"0\" width=\"100%\"><\/iframe><\/p>\n<aside class=\"add300x600 publi-interior-bot ad-inline ad-container-r2\"\/><\/div>\n<p><!-- START: tags-rel  --><!-- END: tags-rel   --><br \/>\n<!-- START:toolbar --><!-- END:toolbar --><\/div>\n\n<p><em> &#8221; Fuentes viajes.nationalgeographic.com.es &#8221; <\/em><\/p>\n","protected":false},"excerpt":{"rendered":"<p>Desde hoy est\u00e1 en las librer\u00edas, y tambi\u00e9n en venta on-line y versi\u00f3n digital, N\u00f3madas por naturaleza. Este libro inspirador alimenta la llama viajera combinando con maestr\u00eda la visi\u00f3n geogr\u00e1fica, las vivencias que alienta un territorio y las referencias literarias. La prosa de Josan Ruiz, director de Viajes Nationwide Geographic, atrapa al lector desde la [&hellip;]<\/p>\n","protected":false},"author":4,"featured_media":335288,"comment_status":"open","ping_status":"closed","sticky":false,"template":"","format":"standard","meta":{"om_disable_all_campaigns":false,"jnews-multi-image_gallery":[],"jnews_single_post":[],"jnews_primary_category":[],"jnews_social_meta":[],"footnotes":""},"categories":[39],"tags":[47258,47257],"class_list":["post-335287","post","type-post","status-publish","format-standard","has-post-thumbnail","hentry","category-viajes","tag-cargado-desde-el-fichero-de-recursos","tag-keywords-por-defecto"],"_links":{"self":[{"href":"https:\/\/dimensionturistica.com\/es\/wp-json\/wp\/v2\/posts\/335287","targetHints":{"allow":["GET"]}}],"collection":[{"href":"https:\/\/dimensionturistica.com\/es\/wp-json\/wp\/v2\/posts"}],"about":[{"href":"https:\/\/dimensionturistica.com\/es\/wp-json\/wp\/v2\/types\/post"}],"author":[{"embeddable":true,"href":"https:\/\/dimensionturistica.com\/es\/wp-json\/wp\/v2\/users\/4"}],"replies":[{"embeddable":true,"href":"https:\/\/dimensionturistica.com\/es\/wp-json\/wp\/v2\/comments?post=335287"}],"version-history":[{"count":0,"href":"https:\/\/dimensionturistica.com\/es\/wp-json\/wp\/v2\/posts\/335287\/revisions"}],"wp:featuredmedia":[{"embeddable":true,"href":"https:\/\/dimensionturistica.com\/es\/wp-json\/wp\/v2\/media\/335288"}],"wp:attachment":[{"href":"https:\/\/dimensionturistica.com\/es\/wp-json\/wp\/v2\/media?parent=335287"}],"wp:term":[{"taxonomy":"category","embeddable":true,"href":"https:\/\/dimensionturistica.com\/es\/wp-json\/wp\/v2\/categories?post=335287"},{"taxonomy":"post_tag","embeddable":true,"href":"https:\/\/dimensionturistica.com\/es\/wp-json\/wp\/v2\/tags?post=335287"}],"curies":[{"name":"wp","href":"https:\/\/api.w.org\/{rel}","templated":true}]}}