{"id":335093,"date":"2022-06-19T13:22:34","date_gmt":"2022-06-19T13:22:34","guid":{"rendered":"https:\/\/dimensionturistica.com\/es\/?p=335093"},"modified":"2022-06-19T13:22:34","modified_gmt":"2022-06-19T13:22:34","slug":"anuncia-tlahuapan-primer-festival-de-la-luciernaga","status":"publish","type":"post","link":"https:\/\/dimensionturistica.com\/es\/anuncia-tlahuapan-primer-festival-de-la-luciernaga\/","title":{"rendered":"Anuncia Tlahuapan &#8220;Primer Festival de la Luci\u00e9rnaga&#8221;"},"content":{"rendered":"<p>Con la participaci\u00f3n de 10 centros ecotur\u00edsticos, el municipio de Santa Rita Tlahuapan realizar\u00e1 el &#8220;Primer Festival de la Luci\u00e9rnaga&#8221; del 18 de junio a la segunda semana de agosto, anunci\u00f3 Alexis Aguilar Garc\u00eda, coordinador del Santuario de la Luci\u00e9rnaga.<br \/>\nEn rueda de prensa, mencion\u00f3 que esta primera edici\u00f3n tiene el objetivo de dar a conocer toda la oferta tur\u00edstica de la zona, los diferentes senderos que los<img decoding=\"async\" class=\"size-medium wp-image-335095 alignright\" src=\"https:\/\/dimensionturistica.com\/es\/wp-content\/uploads\/2022\/06\/unnamed-1-21-300x200.jpg\" alt=\"\" width=\"300\" height=\"200\" srcset=\"https:\/\/dimensionturistica.com\/es\/wp-content\/uploads\/2022\/06\/unnamed-1-21-300x200.jpg 300w, https:\/\/dimensionturistica.com\/es\/wp-content\/uploads\/2022\/06\/unnamed-1-21-1024x683.jpg 1024w, https:\/\/dimensionturistica.com\/es\/wp-content\/uploads\/2022\/06\/unnamed-1-21-768x512.jpg 768w, https:\/\/dimensionturistica.com\/es\/wp-content\/uploads\/2022\/06\/unnamed-1-21-1536x1024.jpg 1536w, https:\/\/dimensionturistica.com\/es\/wp-content\/uploads\/2022\/06\/unnamed-1-21-2048x1365.jpg 2048w, https:\/\/dimensionturistica.com\/es\/wp-content\/uploads\/2022\/06\/unnamed-1-21-750x500.jpg 750w, https:\/\/dimensionturistica.com\/es\/wp-content\/uploads\/2022\/06\/unnamed-1-21-1140x760.jpg 1140w\" sizes=\"(max-width: 300px) 100vw, 300px\" \/> visitantes pueden seguir para ver esta iluminaci\u00f3n natural y la variedad de servicios con los que cuentan cada uno de los centros ecotur\u00edsticos involucrados. Subray\u00f3 que esta actividad es de gran inter\u00e9s para los amantes de la naturaleza.<br \/>\nEn este sentido, Lauro S\u00e1nchez Orth, representante de truchas &#8220;Arco\u00edris&#8221;, inform\u00f3 que en Tlahuapan se localiza la granja m\u00e1s antigua del estado. Mencion\u00f3 que la producci\u00f3n en la zona es de 140 toneladas al a\u00f1o, misma que se distribuye de manera local para comercializar en restaurantes y centros ecotur\u00edsticos.<br \/>\nEl director de Planeaci\u00f3n y proyectos de la Secretar\u00eda de Turismo, Francisco Ju\u00e1rez Camacho asegur\u00f3 que para la dependencia es de suma importancia promover actividades como la temporada de luci\u00e9rnagas, que benefician, con la llegada de visitantes, a un gran n\u00famero de poblanas y poblanos involucrados en la prestaci\u00f3n de servicios tur\u00edsticos.<br \/>\nLa presidenta municipal de Santa Rita Tlahuapan, Rosiceli D\u00edaz Hern\u00e1ndez estim\u00f3 que la temporada de luci\u00e9rnagas generar\u00e1 una derrama econ\u00f3mica de m\u00e1s de 2 millones de pesos en el municipio para beneficio de ejidatarios, artesanos y prestadores de servicios, por lo que reiter\u00f3 la invitaci\u00f3n para conocer y disfrutar de los atractivos que ofrece la localidad.<br \/>\nSanta Rita Tlahuapan est\u00e1 ubicado a 65 kil\u00f3metros de la capital poblana, el recorrido en autom\u00f3vil es de una hora con 15 minutos por la autopista M\u00e9xico-Puebla en direcci\u00f3n a San Mart\u00edn Texmelucan, despu\u00e9s de la caseta de cobro, cuyo costo es de 140 pesos, tomar la salida hacia Santa Rita y seguir los se\u00f1alamientos:(https:\/\/tinyurl.com\/yau583hw).<\/p>\n","protected":false},"excerpt":{"rendered":"<p>Con la participaci\u00f3n de 10 centros ecotur\u00edsticos, el municipio de Santa Rita Tlahuapan realizar\u00e1 el &#8220;Primer Festival de la Luci\u00e9rnaga&#8221; del 18 de junio a la segunda semana de agosto, anunci\u00f3 Alexis Aguilar Garc\u00eda, coordinador del Santuario de la Luci\u00e9rnaga. En rueda de prensa, mencion\u00f3 que esta primera edici\u00f3n tiene el objetivo de dar a [&hellip;]<\/p>\n","protected":false},"author":1,"featured_media":335094,"comment_status":"open","ping_status":"closed","sticky":false,"template":"","format":"standard","meta":{"om_disable_all_campaigns":false,"jnews-multi-image_gallery":[],"jnews_single_post":{"source_name":"","source_url":"","via_name":"","via_url":"","override_template":"0","override":[{"template":"1","single_blog_custom":"","parallax":"1","fullscreen":"1","layout":"right-sidebar","sidebar":"default-sidebar","second_sidebar":"default-sidebar","sticky_sidebar":"1","share_position":"top","share_float_style":"share-monocrhome","show_share_counter":"1","show_view_counter":"1","show_featured":"1","show_post_meta":"1","show_post_author":"1","show_post_author_image":"1","show_post_date":"1","post_date_format":"default","post_date_format_custom":"Y\/m\/d","show_post_category":"1","show_post_reading_time":"0","post_reading_time_wpm":"300","show_zoom_button":"0","zoom_button_out_step":"2","zoom_button_in_step":"3","show_post_tag":"1","show_prev_next_post":"1","show_popup_post":"1","number_popup_post":"1","show_author_box":"0","show_post_related":"0","show_inline_post_related":"0"}],"override_image_size":"0","image_override":[{"single_post_thumbnail_size":"crop-500","single_post_gallery_size":"crop-500"}],"trending_post":"0","trending_post_position":"meta","trending_post_label":"Trending","sponsored_post":"0","sponsored_post_label":"Sponsored by","sponsored_post_name":"","sponsored_post_url":"","sponsored_post_logo_enable":"0","sponsored_post_logo":"","sponsored_post_desc":"","disable_ad":"0"},"jnews_primary_category":{"id":""},"jnews_social_meta":{"fb_title":"","fb_description":"","fb_image":"","twitter_title":"","twitter_description":"","twitter_image":""},"footnotes":""},"categories":[39],"tags":[],"class_list":["post-335093","post","type-post","status-publish","format-standard","has-post-thumbnail","hentry","category-viajes"],"_links":{"self":[{"href":"https:\/\/dimensionturistica.com\/es\/wp-json\/wp\/v2\/posts\/335093","targetHints":{"allow":["GET"]}}],"collection":[{"href":"https:\/\/dimensionturistica.com\/es\/wp-json\/wp\/v2\/posts"}],"about":[{"href":"https:\/\/dimensionturistica.com\/es\/wp-json\/wp\/v2\/types\/post"}],"author":[{"embeddable":true,"href":"https:\/\/dimensionturistica.com\/es\/wp-json\/wp\/v2\/users\/1"}],"replies":[{"embeddable":true,"href":"https:\/\/dimensionturistica.com\/es\/wp-json\/wp\/v2\/comments?post=335093"}],"version-history":[{"count":0,"href":"https:\/\/dimensionturistica.com\/es\/wp-json\/wp\/v2\/posts\/335093\/revisions"}],"wp:featuredmedia":[{"embeddable":true,"href":"https:\/\/dimensionturistica.com\/es\/wp-json\/wp\/v2\/media\/335094"}],"wp:attachment":[{"href":"https:\/\/dimensionturistica.com\/es\/wp-json\/wp\/v2\/media?parent=335093"}],"wp:term":[{"taxonomy":"category","embeddable":true,"href":"https:\/\/dimensionturistica.com\/es\/wp-json\/wp\/v2\/categories?post=335093"},{"taxonomy":"post_tag","embeddable":true,"href":"https:\/\/dimensionturistica.com\/es\/wp-json\/wp\/v2\/tags?post=335093"}],"curies":[{"name":"wp","href":"https:\/\/api.w.org\/{rel}","templated":true}]}}