{"id":334965,"date":"2022-06-19T05:21:59","date_gmt":"2022-06-19T05:21:59","guid":{"rendered":"https:\/\/dimensionturistica.com\/es\/?p=334965"},"modified":"2022-06-19T05:21:59","modified_gmt":"2022-06-19T05:21:59","slug":"ebro-foods-engorda-la-cartera-con-un-dividendo-del-12-el-30-de-junio","status":"publish","type":"post","link":"https:\/\/dimensionturistica.com\/es\/ebro-foods-engorda-la-cartera-con-un-dividendo-del-12-el-30-de-junio\/","title":{"rendered":"Ebro Foods engorda la cartera con un dividendo del 1,2% el 30 de junio"},"content":{"rendered":"<p> <br \/>\n<\/p>\n<div>\n<p>Aunque capea el a\u00f1o 2022 un poco mejor que su \u00edndice de referencia, <b><a target=\"_blank\" href=\"https:\/\/www.eleconomista.es\/empresa\/EBRO-FOODS\" rel=\"noopener\">Ebro Foods<\/a> no escapa a los descensos burs\u00e1tiles:<\/b> en lo que llevamos de ejercicio cede en torno a un 3,3% (el \u00cdndice Basic de la Bolsa de Madrid se deja cerca de un 5,5%). Y desde que arranc\u00f3 el mes de mayo sus t\u00edtulos sufren una ca\u00edda del 4%, que eleva ligeramente la rentabilidad de su dividendo. <i><a target=\"_blank\" href=\"https:\/\/www.eleconomista.es\/mercados-cotizaciones\/ecodividendo\/calendario.php\" rel=\"noopener\">Consulte aqu\u00ed el calendario de los pr\u00f3ximos pagos.\u00a0\u00a0<\/a><\/i><\/p>\n<p>Ebro Meals es uno de los valores m\u00e1s s\u00f3lidos y claros en lo que respecta a la retribuci\u00f3n al accionista en Espa\u00f1a. <b>Suele repartir dividendo cuatro veces el a\u00f1o<\/b>, generalmente en abril, junio y octubre, que en los dos \u00faltimos a\u00f1os <a target=\"_blank\" href=\"https:\/\/www.eleconomista.es\/mercados-cotizaciones\/noticias\/11507635\/12\/21\/El-Gordo-de-Navidad-de-Ebro-Foods-alcanza-una-rentabilidad-del-34.html\" rel=\"noopener\">han venido seguidos de un extraordinario en diciembre.\u00a0<\/a><\/p>\n<p>El pr\u00f3ximo 30 de junio el fabricante de pasta <b>repartir\u00e1 entre sus accionistas 0,19 euros<\/b>, que ofrecen una rentabilidad del 1,2%. El \u00faltimo d\u00eda para meter el valor en cartera es el lunes 27 de junio. El grupo recibe una recomendaci\u00f3n de mantener por parte del consenso de mercado que recoge FactSet.\u00a0<\/p>\n<h2>Una cuant\u00eda estable <\/h2>\n<p>Ese importe, 19 c\u00e9ntimos, se han mantenido est\u00e1ticos en los pagos trimestrales de la compa\u00f1\u00eda a lo largo de los \u00faltimos a\u00f1os, incluso en los peores momentos del Covid-19. <a target=\"_blank\" href=\"https:\/\/www.eleconomista.es\/mercados-cotizaciones\/noticias\/10408519\/03\/20\/Ebro-Foods-es-una-de-las-grandes-beneficiadas-por-el-panico-a-la-extension-del-Covid19.html\" rel=\"noopener\">El estallido de la pandemia en marzo de 2020 precisamente impuls\u00f3 sus ventas<\/a>, al lanzarse la poblaci\u00f3n a provisionar alimentos b\u00e1sicos, que son precisamente los que Ebro fabrica. Y, posteriormente, su beneficio ha seguido creciendo. En 2021, el grupo propietario de los arroces Sos y Brillante alcanz\u00f3 unas ganancias netas de 156 millones euros, y el consenso de analistas que recoge FactSet prev\u00e9 que siga creciendo hasta los 168 millones en el presente a\u00f1o (un 7,7% m\u00e1s), y hasta los 174 millones de euros en 2023. Por otro lado, a favor del valor juega tambi\u00e9n su potencial alcista, que supera el 24%, de acuerdo con las estimaciones del mismo consenso de expertos.<\/p>\n<p>Con estas credenciales se incorpora <a target=\"_blank\" href=\"https:\/\/www.eleconomista.es\/empresa\/EBRO-FOODS\" rel=\"noopener\">Ebro Foods<\/a> al EcoDividendo, la estrategia de <i>elEconomista <\/i>que re\u00fane los pagos pr\u00f3ximos m\u00e1s atractivos de la bolsa espa\u00f1ola. Lo hace en sustituci\u00f3n de Telef\u00f3nica, que abandona la cartera tras retribuir a sus accionistas este jueves (ver informaci\u00f3n en la parte inferior de la p\u00e1gina).<\/p>\n<p>Con la llegada del calor, tambi\u00e9n sube la temperatura en el calendario de dividendos, que se anima en estas fechas. Todav\u00eda antes de que acabe el mes de junio es posible atrapar, adem\u00e1s del de Ebro, otros dos dividendos: el de Endesa (que paga el 1 de julio, y cuya fecha de corte es el 29 de junio) y el de Redeia -antes Crimson El\u00e9ctrica, con id\u00e9nticas fechas (ver calendarios a la derecha). En la fecha de corte, los t\u00edtulos cotizan ya sin derecho a percibir el dividendo. Endesa permite embolsarse un 4,9%, y Redeia un 3,9%.<\/p>\n<p>En la primera semana de julio retribuye a los inversores un buen n\u00famero de cotizadas espa\u00f1olas. Llama especialmente la atenci\u00f3n la rentabilidad que ofrece Acerinox con su pago, pr\u00f3xima al 5%, mientras que tanto Applus como Acciona se sit\u00faan en el entorno del 2,3%.<\/p>\n<div class=\"Article__socialShareContent text-center d-flex justify-content-center align-items-center\">\n<span class=\"d-none\">comentarios<\/span><a target=\"_blank\" href=\"#1648118541665_forum\" onclick=\"jQuery('#not_11825154 .articleZone_Footer').show();window.dataLayer.push({'event': 'event', 'eventoCategoria': 'noticia','eventoAccion': 'boton-flotante-comentarios','eventoEtiqueta': 'Ir a comentar'});\" rel=\"noopener\"><svg xmlns=\"http:\/\/www.w3.org\/2000\/svg\" height=\"34px\" viewbox=\"0 0 24 24\" width=\"34px\" fill=\"currentColor\" style=\"vertical-align: middle;\"><path d=\"M0 0h24v24H0z\" fill=\"none\"\/><path d=\"M21 6h-2v9H6v2c0 .55.45 1 1 1h11l4 4V7c0-.55-.45-1-1-1zm-4 6V3c0-.55-.45-1-1-1H3c-.55 0-1 .45-1 1v14l4-4h10c.55 0 1-.45 1-1z\"\/><\/svg><span class=\"badge badge-danger\">0<\/span><\/a><span class=\"d-none\">WhatsApp<\/span><a target=\"_blank\" href=\"https:\/\/api.whatsapp.com\/send?text=https:\/\/www.eleconomista.es\/mercados-cotizaciones\/noticias\/11825154\/06\/22\/Ebro-Foods-engorda-la-cartera-con-un-dividendo-del-12-el-30-de-junio.html?utm_source%3Dwhatsapp%26utm_medium%3Dshare_button&amp;id=1648118629957_whatsapp\" data-action=\"share\/whatsapp\/share\" rel=\"noopener\"><img decoding=\"async\" style=\"vertical-align:middle;\" onclick=\"window.dataLayer.push({'event': 'event', 'eventoCategoria': 'noticia','eventoAccion': 'boton-flotante-whatsapp','eventoEtiqueta': 'Compartir en Whatsapp'});\" src=\"https:\/\/s03.s3c.es\/imag3\/iconos\/svg\/whatsAppGreen.svg\" width=\"33px\" height=\"33px\" alt=\"WhatsApp\"\/><\/a><span class=\"d-none\">Fb<\/span><a target=\"_blank\" onclick=\"return abrirFacebook();\" href=\"#1648118806784_facebook\" rel=\"noopener\"><img decoding=\"async\" style=\"vertical-align:middle;\" onclick=\"window.dataLayer.push({'event': 'event', 'eventoCategoria': 'noticia','eventoAccion': 'boton-flotante-facebook','eventoEtiqueta': 'Compartir en Facebook'});\" src=\"https:\/\/s03.s3c.es\/imag3\/iconos\/svg\/facebookBlue.svg\" width=\"22px\" height=\"34.05px\" alt=\"Facebook\"\/><\/a><span class=\"d-none\">Twitter<\/span><a target=\"_blank\" href=\"https:\/\/twitter.com\/share?text=Ebro+Foods+engorda+la+cartera+con+un+dividendo+del+1%2C2%25+el+30+de+junio&amp;url=https:\/\/www.eleconomista.es\/mercados-cotizaciones\/noticias\/11825154\/06\/22\/Ebro-Foods-engorda-la-cartera-con-un-dividendo-del-12-el-30-de-junio.html&amp;via=elEconomistaes&amp;id=1648118839245_twitter\" rel=\"noopener\"><img decoding=\"async\" style=\"vertical-align:middle;\" onclick=\"window.dataLayer.push({'event': 'event', 'eventoCategoria': 'noticia','eventoAccion': 'boton-flotante-twitter','eventoEtiqueta': 'Compartir en Twitter'});\" src=\"https:\/\/s03.s3c.es\/imag3\/iconos\/svg\/twitterBlue.svg\" width=\"33px\" height=\"33px\" alt=\"Twitter\"\/><\/a><span class=\"d-none\">Linkedin<\/span><a target=\"_blank\" onclick=\"return abrirLinkedin();\" href=\"#1648118858235_linkedin\" rel=\"noopener\"><img decoding=\"async\" style=\"vertical-align:middle;\" onclick=\"window.dataLayer.push({'event': 'event', 'eventoCategoria': 'noticia','eventoAccion': 'boton-flotante-linkedin','eventoEtiqueta': 'Compartir en Linkedin'});\" src=\"https:\/\/s03.s3c.es\/imag3\/iconos\/svg\/linkedinBlue.svg\" width=\"33px\" height=\"33px\" alt=\"linkedin\"\/><\/a>\n<\/div>\n<\/div>\n<p><script async src=\"\/\/platform.twitter.com\/widgets.js\" charset=\"utf-8\"><\/script><script>\n  !function(f,b,e,v,n,t,s)\n  {if(f.fbq)return;n=f.fbq=function(){n.callMethod?\n  n.callMethod.apply(n,arguments):n.queue.push(arguments)};\n  if(!f._fbq)f._fbq=n;n.push=n;n.loaded=!0;n.version='2.0';\n  n.queue=[];t=b.createElement(e);t.async=!0;\n  t.src=v;s=b.getElementsByTagName(e)[0];\n  s.parentNode.insertBefore(t,s)}(window, document,'script',\n  'https:\/\/connect.facebook.net\/en_US\/fbevents.js');\n  fbq('init', '113015305983050');\n  fbq('track', 'PageView');\n<\/script><br \/>\n<br \/><\/p>\n<p><em> \u2018 The preceding article may include information circulated by third parties \u2019 <\/em><\/p>\n<p><em> \u2018 Some details of this article were extracted from the following source www.eleconomista.es \u2019 <\/em><\/p>\n","protected":false},"excerpt":{"rendered":"<p>Aunque capea el a\u00f1o 2022 un poco mejor que su \u00edndice de referencia, Ebro Foods no escapa a los descensos burs\u00e1tiles: en lo que llevamos de ejercicio cede en torno a un 3,3% (el \u00cdndice Basic de la Bolsa de Madrid se deja cerca de un 5,5%). Y desde que arranc\u00f3 el mes de mayo [&hellip;]<\/p>\n","protected":false},"author":2,"featured_media":334966,"comment_status":"open","ping_status":"closed","sticky":false,"template":"","format":"standard","meta":{"om_disable_all_campaigns":false,"jnews-multi-image_gallery":[],"jnews_single_post":[],"jnews_primary_category":[],"jnews_social_meta":[],"footnotes":""},"categories":[43],"tags":[],"class_list":["post-334965","post","type-post","status-publish","format-standard","has-post-thumbnail","hentry","category-gourmet"],"_links":{"self":[{"href":"https:\/\/dimensionturistica.com\/es\/wp-json\/wp\/v2\/posts\/334965","targetHints":{"allow":["GET"]}}],"collection":[{"href":"https:\/\/dimensionturistica.com\/es\/wp-json\/wp\/v2\/posts"}],"about":[{"href":"https:\/\/dimensionturistica.com\/es\/wp-json\/wp\/v2\/types\/post"}],"author":[{"embeddable":true,"href":"https:\/\/dimensionturistica.com\/es\/wp-json\/wp\/v2\/users\/2"}],"replies":[{"embeddable":true,"href":"https:\/\/dimensionturistica.com\/es\/wp-json\/wp\/v2\/comments?post=334965"}],"version-history":[{"count":0,"href":"https:\/\/dimensionturistica.com\/es\/wp-json\/wp\/v2\/posts\/334965\/revisions"}],"wp:featuredmedia":[{"embeddable":true,"href":"https:\/\/dimensionturistica.com\/es\/wp-json\/wp\/v2\/media\/334966"}],"wp:attachment":[{"href":"https:\/\/dimensionturistica.com\/es\/wp-json\/wp\/v2\/media?parent=334965"}],"wp:term":[{"taxonomy":"category","embeddable":true,"href":"https:\/\/dimensionturistica.com\/es\/wp-json\/wp\/v2\/categories?post=334965"},{"taxonomy":"post_tag","embeddable":true,"href":"https:\/\/dimensionturistica.com\/es\/wp-json\/wp\/v2\/tags?post=334965"}],"curies":[{"name":"wp","href":"https:\/\/api.w.org\/{rel}","templated":true}]}}