{"id":334911,"date":"2022-06-19T02:35:38","date_gmt":"2022-06-19T02:35:38","guid":{"rendered":"https:\/\/dimensionturistica.com\/es\/?p=334911"},"modified":"2022-06-19T02:35:38","modified_gmt":"2022-06-19T02:35:38","slug":"fin-del-viaje-del-imserso-tras-36-anos-el-34-de-las-plazas-quedaron-desiertas","status":"publish","type":"post","link":"https:\/\/dimensionturistica.com\/es\/fin-del-viaje-del-imserso-tras-36-anos-el-34-de-las-plazas-quedaron-desiertas\/","title":{"rendered":"Fin del viaje del Imserso tras 36 a\u00f1os&#8230; el 34% de las plazas quedaron desiertas"},"content":{"rendered":"<p> <br \/>\n<\/p>\n<div>\n<p class=\"paragraph \" id=\"m147-146-148\">Tras dos a\u00f1os de suspensi\u00f3n por la <strong>pandemia del coronavirus<\/strong>, los viajes del Imserso recuperaron su oferta para la temporada 2021-2022 tras una dura pugna entre hoteleros, agencias y Administraci\u00f3n estatal, que incluso acab\u00f3 en los tribunales, y que provoc\u00f3 un retraso de meses en la comercializaci\u00f3n de los destinos. No fue hasta el pasado diciembre cuando se pusieron a disposici\u00f3n de los pensionistas 816.029 plazas de vacaciones, muchas menos que otras temporadas,\u00a0y todo hac\u00eda prever que las solicitudes llegar\u00edan en aluvi\u00f3n, tras dos a\u00f1os de encierro por la Covid. Sin embargo, no ha sido ni mucho menos as\u00ed y a pocas semanas de que se inicie una nueva temporada, solo se ha dado salida\u00a0a 537.557 plazas de la anterior, el 66% del whole, seg\u00fan los datos facilitados por el Gobierno.<\/p>\n<p class=\"paragraph \" id=\"m152-151-153\">El programa de vacaciones del Imserso naci\u00f3 hace ya 37 a\u00f1os y en su primera temporada, la de 1985-1986, se ofertaron apenas 16.000 plazas y dos destinos: Palma de Mallorca y Benidorm. El modelo, que se ha mantenido casi intacto, y con el que se pretend\u00eda que el sector tur\u00edstico pudiese rentabilizar las temporadas bajas, crear puestos de trabajo durante algunos meses y, al tiempo, que los mayores pudiesen disfrutar de unas vacaciones a un precio asequible, ha fracasado a la vista de los datos de los \u00faltimos a\u00f1os y, especialmente, de 2022. La recurring guerra de los operadores tur\u00edsticos y la pugna por un megacontrato del Estado, valorado en 734 millones para tres temporadas, son ingredientes habituales de los retrasos y un riesgo constante que pende sobre los viajes, pero este a\u00f1o los problemas han sido m\u00e1s y muchos llegaron para quedarse.<\/p>\n<blockquote class=\"content-title-phrase \" id=\"m157-156-158\"><p>Las opiniones de los involucrados son casi un\u00e1nimes y se\u00f1alan que el precise modelo, que Maroto quiere modernizar, es insostenible<\/p><\/blockquote>\n<p class=\"paragraph \" id=\"m162-161-163\">Los pensionistas se han encontrado con la oferta de vacaciones en diciembre del pasado a\u00f1o, cuando lo recurring -y l\u00f3gico- son los meses de septiembre y octubre. Para muchos fue demasiado tarde, pero otros ni siquiera llegaron a enterarse de que los viajes del Imserso segu\u00edan, aunque heridos de muerte. Las disputas del Gobierno tampoco ayudaron. La ministra de Derechos Sociales, <strong>Ione Belarra<\/strong>, se muestra opuesta a hacer concesiones al sector hotelero, y otra ministra, <strong>Reyes Maroto<\/strong>, est\u00e1 comprometida con el sector que representa desde su departamento. Las opiniones de los involucrados son casi un\u00e1nimes y se\u00f1alan que el precise modelo, que Maroto quiere modernizar, es insostenible. As\u00ed se manifiesta el presidente de la Asociaci\u00f3n Empresarial Hotelera y Tur\u00edstica de la Comunidad Valenciana, Antonio Mayor, que apunta que con la subida de precios generalizada, mantener la rentabilidad con un precio a <strong>22 euros la noche es imposible&#8221;<\/strong>.\u00a0<\/p>\n<p class=\"paragraph \" id=\"m167-166-168\">Los hoteleros valencianos creen que el Ejecutivo ha convertido un gran instrumento para la tercera edad en un programa abocado al fin. Para Antonio Mayor, el Imserso ya no conserva su sentido original y ahora es una intromisi\u00f3n en la econom\u00eda de mercado. Mientras, Belarra mantiene una f\u00e9rrea postura pese al fracaso constatado con cifras del actual sistema y ha anunciado para la inminente pr\u00f3xima temporada un <a rel=\"nofollow noopener\" target=\"_blank\" href=\"https:\/\/www.lainformacion.com\/economia-negocios-y-finanzas\/plazas-viajes-imserso-precio-congelado\/2868112\/\" title=\"Viajes del Imserso 2022-2023: Belarra congela el precio y saca 820.000 plazas\">aumento de plazas, pero no del precio<\/a> que pagan los mayores. Por su parte, el retraso de las vacaciones de mayores hizo que numerosas empresas tur\u00edsticas crearan sus propios viajes del Imserso, algo m\u00e1s caros, porque no tienen subvenci\u00f3n, pero con otras ventajas, como mayor n\u00famero de destinos. Mundosenior, Nautalia, Viajes El Corte Ingl\u00e9s o Carrefour ofrecieron numerosas alternativas, pero tambi\u00e9n distintas asociaciones de mayores, que ajustaron al m\u00e1ximo los precios para sus asociados.<\/p>\n<p class=\"paragraph \" id=\"m172-171-173\">Los hoteleros explican que los viajes de los pensionistas eran rentables en la medida que alargaban los meses de vacaciones entre Semana Santa y verano. Sin embargo, la lentitud del Ejecutivo central este a\u00f1o ha puesto en riesgo el \u00e9xito del proyecto. De los 673.929 viajes disponibles para realizar entre principios del 2022 y finales de junio con destinos a la costa y las islas, todav\u00eda en mayo hab\u00eda <strong>disponibles 255.911<\/strong>. Mientras los destinos de turismo interior, cultural y de naturaleza, que sumaban 279.578 plazas ofertadas, solo fueron solicitadas 119.542, el 42%.<\/p>\n<blockquote class=\"content-title-phrase \" id=\"m177-176-178\"><p>La soluci\u00f3n est\u00e1 en adaptar el coste del viaje a los ingresos. Es un problema para la viabilidad que los pensionistas puedan viajar hasta cinco veces<\/p><\/blockquote>\n<p class=\"paragraph \" id=\"m182-181-183\">Belarra recort\u00f3 la oferta del Imserso 2021-2022 un 10% respecto a las cifras previas a la crisis del coronavirus. Si se compara con la temporada de 2007-2008, las 1.200.000 plazas son un 32% m\u00e1s que las de este a\u00f1o. En 2016 se super\u00f3 el <strong>mill\u00f3n de viajes<\/strong> por \u00faltima vez, desde entonces el programa ha sufrido una ca\u00edda continua. Menos acuerdos con los hoteles no son los \u00fanicos cambios que ha aplicado el nuevo Ejecutivo desde 2019, adem\u00e1s han desaparecido del programa las estancias de 15 d\u00edas y los viajes combinados.<\/p>\n<p class=\"paragraph \" id=\"m187-186-188\">La soluci\u00f3n est\u00e1 en <strong>adaptar el coste del viaje a los ingresos de cada pensionista<\/strong>, seg\u00fan la Asociaci\u00f3n Empresarial Valenciana de Agencias de Viajes. Es un problema para la viabilidad del sistema que los pensionistas puedan viajar <strong>hasta cinco veces en una misma temporada.<\/strong> <strong>Miguel Jim\u00e9nez<\/strong> aboga por un incremento en el precio para aquellos pensionistas que repitan, de tal forma que un segundo viaje resulte m\u00e1s costoso que el primero. El precio se adapta al destino y al tiempo del viaje, en vez de a las retribuciones de los jubilados, una subida moderada de los precios adaptada a los ingresos de cada candidato es una de las propuestas de la Asociaci\u00f3n Empresarial Valenciana.<\/p>\n<blockquote class=\"content-title-phrase \" id=\"m192-191-193\"><p>Seg\u00fan un estudio elaborado por la Universidad de Alicante, por cada euro invertido en el programa, el Estado recauda 1,65 euros<\/p><\/blockquote>\n<p class=\"paragraph \" id=\"m197-196-198\">El Imserso es un programa obsoleto para la <strong>Confederaci\u00f3n Espa\u00f1ola de Hoteles y Alojamientos Tur\u00edsticos<\/strong>. Los hoteleros creen que es necesario un ajuste a las demandas actuales, especialmente adaptarse a la <strong>inflaci\u00f3n<\/strong> que estiman que alcanza ya el 20%. La patronal se une a la petici\u00f3n que la ministra Reyes Maroto ha lanzado al Ministerio de Asuntos Sociales para negociar las condiciones de licitaci\u00f3n p\u00fablica del programa. Seg\u00fan estudios hoteleros, los costes operativos que soportan las empresas proveedoras del programa no se adaptan al incremento de precios energ\u00e9ticos y de alimentos.<\/p>\n<p class=\"paragraph \" id=\"m202-201-203\">La Confederaci\u00f3n denuncia que, seg\u00fan un estudio de la Universidad de Alicante, por cada euro invertido en el programa, el Estado recauda 1,65 euros. Con estas condiciones, para los hoteles espa\u00f1oles existe un <strong>riesgo claro de que desaparezca la oferta<\/strong> e incluso llegar a la extinci\u00f3n del programa. La patronal conf\u00eda en alcanzar a un acuerdo con el Ministerio de Asuntos Sociales que, denuncian, no ha accedido a reunirse con ellos y plantear la modernizaci\u00f3n de un plan que durante 34 a\u00f1os ha permitido viajar a millones de espa\u00f1oles.\u00a0El responsable de la gesti\u00f3n del turismo interior, Avoris Travel, achaca la ca\u00edda de la demanda al miedo a la Covid. Juan Manuel Molina, director de Mundosenior, confirma que pese a ser un lote con gran demanda y que hist\u00f3ricamente se vend\u00eda en su totalidad, ahora los viajes del Imserso <strong>pasan por su peor momento.<\/strong><\/p>\n<blockquote class=\"content-title-phrase \" id=\"m207-206-208\"><p>El retraso del inicio del programa, al programar los viajes a partir de enero de 2022, de octubre a diciembre se perdieron 50.000 plazas<\/p><\/blockquote>\n<p class=\"paragraph \" id=\"m212-211-213\">Se\u00f1alan tambi\u00e9n como culpables al retraso del inicio del programa, al programar los viajes a partir de enero de 2022, de octubre a diciembre se perdieron lo que habr\u00eda supuesto en condiciones normales 50.000 plazas. Los delegados de los viajes peninsulares se unen a la petici\u00f3n de <strong>redise\u00f1ar las condiciones econ\u00f3micas<\/strong> del contrato. Para Avoris, la crisis y la inflaci\u00f3n actual han convertido los precios en inasumibles. Si se quiere mantener la calidad de los servicios de un programa que es admirado por todos los sectores e incluso por otros pa\u00edses, se debe garantizar su viabilidad econ\u00f3mica.<\/p>\n<p class=\"paragraph \" id=\"m217-216-218\">Los jubilados tambi\u00e9n muestran su descontento con el caos derivado del cambio de fechas para la solicitud de los viajes. Los pensionistas estaban acostumbrados a la b\u00fasqueda de viajes en septiembre y el <strong>aplazamiento a diciembre confundi\u00f3<\/strong> a los usuarios de la tercera edad. Muchos confirman que la Covid, gracias a la vacunaci\u00f3n, no es un issue de riesgo y conf\u00edan en las medidas de seguridad de hoteles y restaurantes. El coste tampoco es un problema, los beneficiarios del Imserso no consideran excesivo la media de precios que oscilan entre 115 euros para viajes a provincia de 4 d\u00edas y 405 euros la estancia de 10 noches en la costa canaria.<\/p>\n<\/div>\n\n<p><em> &#8221; Fuentes www.lainformacion.com &#8221; <\/em><\/p>\n","protected":false},"excerpt":{"rendered":"<p>Tras dos a\u00f1os de suspensi\u00f3n por la pandemia del coronavirus, los viajes del Imserso recuperaron su oferta para la temporada 2021-2022 tras una dura pugna entre hoteleros, agencias y Administraci\u00f3n estatal, que incluso acab\u00f3 en los tribunales, y que provoc\u00f3 un retraso de meses en la comercializaci\u00f3n de los destinos. No fue hasta el pasado [&hellip;]<\/p>\n","protected":false},"author":4,"featured_media":334912,"comment_status":"open","ping_status":"closed","sticky":false,"template":"","format":"standard","meta":{"om_disable_all_campaigns":false,"jnews-multi-image_gallery":[],"jnews_single_post":[],"jnews_primary_category":[],"jnews_social_meta":[],"footnotes":""},"categories":[40],"tags":[17833,10939,6060,47555,1260,813,3828,10453,3903,2639,681],"class_list":["post-334911","post","type-post","status-publish","format-standard","has-post-thumbnail","hentry","category-industria","tag-17833","tag-10939","tag-anos","tag-desiertas","tag-fin","tag-imserso","tag-las","tag-plazas","tag-quedaron","tag-tras","tag-viaje"],"_links":{"self":[{"href":"https:\/\/dimensionturistica.com\/es\/wp-json\/wp\/v2\/posts\/334911","targetHints":{"allow":["GET"]}}],"collection":[{"href":"https:\/\/dimensionturistica.com\/es\/wp-json\/wp\/v2\/posts"}],"about":[{"href":"https:\/\/dimensionturistica.com\/es\/wp-json\/wp\/v2\/types\/post"}],"author":[{"embeddable":true,"href":"https:\/\/dimensionturistica.com\/es\/wp-json\/wp\/v2\/users\/4"}],"replies":[{"embeddable":true,"href":"https:\/\/dimensionturistica.com\/es\/wp-json\/wp\/v2\/comments?post=334911"}],"version-history":[{"count":0,"href":"https:\/\/dimensionturistica.com\/es\/wp-json\/wp\/v2\/posts\/334911\/revisions"}],"wp:featuredmedia":[{"embeddable":true,"href":"https:\/\/dimensionturistica.com\/es\/wp-json\/wp\/v2\/media\/334912"}],"wp:attachment":[{"href":"https:\/\/dimensionturistica.com\/es\/wp-json\/wp\/v2\/media?parent=334911"}],"wp:term":[{"taxonomy":"category","embeddable":true,"href":"https:\/\/dimensionturistica.com\/es\/wp-json\/wp\/v2\/categories?post=334911"},{"taxonomy":"post_tag","embeddable":true,"href":"https:\/\/dimensionturistica.com\/es\/wp-json\/wp\/v2\/tags?post=334911"}],"curies":[{"name":"wp","href":"https:\/\/api.w.org\/{rel}","templated":true}]}}