{"id":334847,"date":"2022-06-18T22:22:27","date_gmt":"2022-06-18T22:22:27","guid":{"rendered":"https:\/\/dimensionturistica.com\/es\/?p=334847"},"modified":"2022-06-18T22:22:27","modified_gmt":"2022-06-18T22:22:27","slug":"la-demanda-de-viajes-de-verano-recupera-el-pulso-precovid-en-cordoba","status":"publish","type":"post","link":"https:\/\/dimensionturistica.com\/es\/la-demanda-de-viajes-de-verano-recupera-el-pulso-precovid-en-cordoba\/","title":{"rendered":"La demanda de viajes de verano recupera el pulso preCovid en C\u00f3rdoba"},"content":{"rendered":"<p> <br \/>\n<\/p>\n<div id=\"\"><span class=\"data\"><\/p>\n<footer class=\"autores\"><span class=\"autor\"><a rel=\"nofollow noopener\" target=\"_blank\" class=\"nombre\" title=\"Davinia Delgado\">Davinia Delgado<\/a><span class=\"autor\" title=\"Davinia Delgado\" style=\"display: none;\"\/><\/span><\/footer>\n<p><span class=\"datos-articulo\"><span class=\"datos\"><span class=\"lugar\">C\u00f3rdoba<\/span><span class=\"fecha\"><br \/>\n                  Actualizado:<time class=\"actualizado\" datetime=\"2022-06-18T22:18:47Z\">19\/06\/2022\u00a000:18h<\/time><\/span><\/span><a rel=\"nofollow noopener\" target=\"_blank\" title=\"Guardar el art\u00edculo\" class=\"guardar-articulo nibara-element-inview\" data-nibara-module=\"starred\" data-nibara-inview-mode=\"one\" data-btn=\"starred\" data-type=\"noticia\" data-id=\"f31c609e-eef5-11ec-b83a-9a13d9bee87c\" data-voc-vtm-id=\"leerdespues\" data-voc-vtm-info=\"sticky\"><span class=\"icono leer-despues\"><svg viewbox=\"0 0 24 24\"><path d=\"M17,3H7A2,2 0 0,0 5,5V21L12,18L19,21V5C19,3.89 18.1,3 17,3Z\"\/><\/svg><\/span><br \/>\n   Guardar<br \/>\n <\/a><\/span><\/span><\/p>\n<aside class=\"modulo noticias-relacionadas\">\n<h4 class=\"titulo\">NOTICIAS RELACIONADAS<\/h4>\n<\/aside>\n<p>Las<strong> reservas de viajes<\/strong> para las vacaciones de verano est\u00e1n ya en niveles prepandemia en C\u00f3rdoba. La &#8216;nueva normalidad&#8217; se asemeja mucho a la anterior y del coronavirus \u00abcasi nadie se acuerda\u00bb,                         <a rel=\"nofollow noopener\" target=\"_blank\" href=\"https:\/\/sevilla.abc.es\/andalucia\/cordoba\/sevi-agencias-viajes-cordoba-esperan-recuperar-80-por-ciento-facturacion-agosto-202205271313_noticia.html\" data-voc-vtm-id=\"in-text-traffic\"><br \/>\n        explican desde las agencias<\/a>, que <strong>estos d\u00edas est\u00e1n a pleno rendimiento<\/strong>.                         <a rel=\"nofollow noopener\" target=\"_blank\" href=\"https:\/\/sevilla.abc.es\/andalucia\/cordoba\/sevi-bandera-azul-playa-cordoba-y-plena-sequia-brena-tiene-202205311956_noticia.html\" data-voc-vtm-id=\"in-text-traffic\"><br \/>\n        Destinos<\/a> de corta, media y larga distancia: las preferencias acaparan todas las opciones en un periodo estival que, seg\u00fan el sector tur\u00edstico, ser\u00e1 \u00abel de la <strong>recuperaci\u00f3n<\/strong>\u00bb.<\/p>\n<p>Las oficinas de viajes est\u00e1n recibiendo<strong> desde mayo un aluvi\u00f3n de clientes<\/strong>. \u00ab                        <a rel=\"nofollow noopener\" target=\"_blank\" href=\"https:\/\/sevilla.abc.es\/andalucia\/cordoba\/sevi-viajeros-alojados-apartamentos-cordoba-abril-disparan-56-por-ciento-respecto-epoca-precovid-202205310939_noticia.html\" data-voc-vtm-id=\"in-text-traffic\"><br \/>\n        La gente tiene muchas ganas de salir<\/a>, de conocer otros lugares. Este a\u00f1o est\u00e1 suponiendo un aut\u00e9ntico &#8216;growth&#8217;\u00bb, explica <strong>Fernando S\u00e1nchez<\/strong>, de Mezquita Viajes. Las islas, los cruceros por el Mediterr\u00e1neo y, como no, la costa andaluza, se llevan la palma, \u00abaunque tambi\u00e9n estamos vendiendo circuitos por Estados Unidos y Costa Rica, adem\u00e1s de los cl\u00e1sicos destinos europeos (Roma, Par\u00eds, Londres&#8230;)\u00bb, apunta este agente.<\/p>\n<aside class=\"roba-intercalado sin-fondo layer_inpage\"><span class=\"creatividad cmv_intext\" data-voc-vam=\"\" data-voc-vam-position=\"layer_inpage\" data-voc-vam-outofpage=\"true\" id=\"layer_inpage-id\"\/><\/aside>\n<p>Los clientes buscan \u00abla mejor relaci\u00f3n calidad-precio, pero <strong>se est\u00e1 contratando &#8216;con alegr\u00eda&#8217;<\/strong>, sin reparar demasiado en el coste, a pesar de la inflaci\u00f3n. Ahora, lo que va quedando es m\u00e1s caro debido a las denominadas tarifas din\u00e1micas\u00bb, indica S\u00e1nchez.<\/p>\n<p>Esta pol\u00edtica, tambi\u00e9n denominada &#8216;dynacmic pricing&#8217;, es una estrategia en la que <strong>el valor de la venta cambia<\/strong> en funci\u00f3n de la oferta y la demanda en tiempo actual, con lo que, por ejemplo, un viaje a Roma para el mes de agosto que costaba en febrero 1.500 euros vale ya 700 u 800 euros m\u00e1s.<\/p>\n<h3 class=\"ladillo\">Viajes El Corte Ingl\u00e9s<\/h3>\n<p>En la misma l\u00ednea se pronuncia <strong>Jos\u00e9 Cruz<\/strong>, agente de Viajes El Corte Ingl\u00e9s: \u00abEste a\u00f1o, desde hace un mes, estamos en pleno auge. Nos piden un poco de todo, aunque despuntan los <strong>cruceros<\/strong> y tambi\u00e9n estamos vendiendo mucho Caribe. Adem\u00e1s, en nuestro caso, las reservas para Disney est\u00e1n registrando un impulso destacable, como regalos de comuni\u00f3n, sobre todo\u00bb.<\/p>\n<p>La duraci\u00f3n media en los alojamientos en los destinos nacionales, asciende<strong> hasta los 10 d\u00edas<\/strong>. La estancia m\u00e1s larga corresponde a Canarias con una duraci\u00f3n de 15 d\u00edas, mientras que en destinos internacionales la duraci\u00f3n se sit\u00faa en los 12 d\u00edas.<\/p>\n<p>\u00abLos circuitos se venden como pasaba antes con Fuengirola: <strong>Egipto, Turqu\u00eda y Grecia<\/strong> est\u00e1n entre los destinos m\u00e1s demandados y, sobre todo, los cruceros, que est\u00e1n en el prime\u00bb, se\u00f1ala Mar\u00eda Jos\u00e9 Calleja, de Halcon Viajes. <\/p>\n<p>Esta responsable de ventas destaca tambi\u00e9n <strong>Andaluc\u00eda<\/strong> como otra de las opciones preferidas por los cordobeses que se acercan a la agencia. \u00abAntes demandaban m\u00e1s Almer\u00eda por el precio, pero ahora, como est\u00e1 casi todo igual, <strong>se vende de todo<\/strong>; y por destacar algunos destinos, Huelva, C\u00e1diz y M\u00e1laga\u00bb, apunta.<\/p>\n<p><strong>David Chamorro<\/strong>, trabajador de Viajes Palmasur, est\u00e1 registrando un mayor n\u00famero de ventas de destinos en <strong>la costa andaluza<\/strong> \u00abcon mucha diferencia: sobre todo, Huelva y C\u00e1diz; Granada, por su parte, no est\u00e1 entre las preferencias veraniegas\u00bb. Las islas, como Canarias o Tenerife, tambi\u00e9n tienen una gran demanda. Desde esta agencia \u00abofertamos muchos cuatro estrellas a muy buen precio y los clienets vienen pidiendo eso\u00bb. <\/p>\n<p>Los cl\u00e1sicos<strong> viajes de sol y playa<\/strong> ganan enteros de nuevo y est\u00e1n desplazando al turismo rural, a los destinos de inside y de monta\u00f1a, que durante los a\u00f1os de la pandemia se convirtieron en los predilectos, llegando a registrar cifras document de ocupaci\u00f3n. <\/p>\n<p>\u00abAhora estamos vendiendo <strong>poquito de inside<\/strong>; algo en Galicia y Cantabria, circuitos culturales, pero poco m\u00e1s\u00bb, confirma Chamorro. <\/p>\n<figure class=\"foto-intercalada\"><span class=\"imagen\"><img decoding=\"async\" class=\"lzld\" loading=\"lazy\" src=\"https:\/\/dimensionturistica.com\/es\/wp-content\/uploads\/2022\/06\/La-demanda-de-viajes-de-verano-recupera-el-pulso-preCovid.JPG\" alt=\"Una egencia de viajes de C\u00f3rdoba\"\/><\/span><figcaption class=\"pie-foto\">Una egencia de viajes de C\u00f3rdoba &#8211; <span class=\"firma\">Valerio Merino<\/span><\/figcaption><\/figure>\n<p>En cuanto a clientela, los cordobeses que est\u00e1n buscando su viaje veraniego en las agencias van desde familias con hijos, parejas de novios que quieren preparar su viaje de bodas, grupo de amigos,personas mayores&#8230; \u00abHay de todo y cada perfil suele tener las <strong>concepts claras<\/strong> con respecto a lo que quiere, aunque algunos se dejan aconsejar y est\u00e1n abiertos a otras opciones que, a priori, no hab\u00edan barajado\u00bb, explican los responsables de las viajes.<\/p>\n<p>No solo las agencias f\u00edsicas constatan que este verano ser\u00e1 el de la <strong>recuperaci\u00f3n complete<\/strong>: portales de reservas, como                         <a rel=\"nofollow noopener\" target=\"_blank\" href=\"https:\/\/www.atrapalo.com\/?utm_source=google&amp;utm_medium=cpc-brand&amp;utm_campaign=Brand&amp;atr_trk=G12-1-0-121216780_5685978820&amp;gclid=CjwKCAjw77WVBhBuEiwAJ-YoJGOzg6tDbpqepUTc9IUgDTtSDzg5rP9D28KToCWLW56gW4VGeFYWQxoCG_UQAvD_BwE\" data-voc-vtm-id=\"in-text-traffic\"><br \/>\n        Atr\u00e1palo<\/a> confirman la mejora en el sector, que ha provocado que la demanda de viajes vacacionales supere ya las cifras del 2019. <\/p>\n<p>Un <strong>80%<\/strong> de las b\u00fasquedas de los usuarios se realiza en destinos de <strong>costas e islas<\/strong>, de las que un 75% corresponde a destinos que se encuentran a lo largo en la costa espa\u00f1ola y un 25% a las islas, lideradas por Canarias, que acumulan un 15% de las b\u00fasquedas.<\/p>\n<p><a rel=\"nofollow noopener\" target=\"_blank\" class=\"boton-comentarios\" href=\"#ancla_comentarios\" title=\"Ver los comentarios\" data-voc-comments-count=\"f31c609e-eef5-11ec-b83a-9a13d9bee87c\" data-voc-comments-count-zero-text=\"\" data-voc-comments-count-show-zero=\"false\" data-voc-comments-count-action=\"abc:comments:countForButton\">Ver los<br \/>\n    <strong\/> comentarios<\/a><\/p>\n<aside class=\"modulo temas\">\n<h4 class=\"titulo\">Temas<\/h4>\n<\/aside>\n<aside id=\"widget_outbrain_569\" class=\"nibara-element\" data-nibara-module=\"outbrain\" data-template-outbrain=\"vocentoes\"\/><\/div>\n\n<p><em> &#8221; Fuentes sevilla.abc.es &#8221; <\/em><\/p>\n","protected":false},"excerpt":{"rendered":"<p>Davinia Delgado C\u00f3rdoba Actualizado:19\/06\/2022\u00a000:18h Guardar NOTICIAS RELACIONADAS Las reservas de viajes para las vacaciones de verano est\u00e1n ya en niveles prepandemia en C\u00f3rdoba. La &#8216;nueva normalidad&#8217; se asemeja mucho a la anterior y del coronavirus \u00abcasi nadie se acuerda\u00bb, explican desde las agencias, que estos d\u00edas est\u00e1n a pleno rendimiento. Destinos de corta, media y [&hellip;]<\/p>\n","protected":false},"author":4,"featured_media":334848,"comment_status":"open","ping_status":"closed","sticky":false,"template":"","format":"standard","meta":{"om_disable_all_campaigns":false,"jnews-multi-image_gallery":[],"jnews_single_post":[],"jnews_primary_category":[],"jnews_social_meta":[],"footnotes":""},"categories":[41],"tags":[1161,558,545],"class_list":["post-334847","post","type-post","status-publish","format-standard","has-post-thumbnail","hentry","category-cruceros","tag-agencias","tag-cordoba","tag-viajes"],"_links":{"self":[{"href":"https:\/\/dimensionturistica.com\/es\/wp-json\/wp\/v2\/posts\/334847","targetHints":{"allow":["GET"]}}],"collection":[{"href":"https:\/\/dimensionturistica.com\/es\/wp-json\/wp\/v2\/posts"}],"about":[{"href":"https:\/\/dimensionturistica.com\/es\/wp-json\/wp\/v2\/types\/post"}],"author":[{"embeddable":true,"href":"https:\/\/dimensionturistica.com\/es\/wp-json\/wp\/v2\/users\/4"}],"replies":[{"embeddable":true,"href":"https:\/\/dimensionturistica.com\/es\/wp-json\/wp\/v2\/comments?post=334847"}],"version-history":[{"count":0,"href":"https:\/\/dimensionturistica.com\/es\/wp-json\/wp\/v2\/posts\/334847\/revisions"}],"wp:featuredmedia":[{"embeddable":true,"href":"https:\/\/dimensionturistica.com\/es\/wp-json\/wp\/v2\/media\/334848"}],"wp:attachment":[{"href":"https:\/\/dimensionturistica.com\/es\/wp-json\/wp\/v2\/media?parent=334847"}],"wp:term":[{"taxonomy":"category","embeddable":true,"href":"https:\/\/dimensionturistica.com\/es\/wp-json\/wp\/v2\/categories?post=334847"},{"taxonomy":"post_tag","embeddable":true,"href":"https:\/\/dimensionturistica.com\/es\/wp-json\/wp\/v2\/tags?post=334847"}],"curies":[{"name":"wp","href":"https:\/\/api.w.org\/{rel}","templated":true}]}}