{"id":334815,"date":"2022-06-18T21:27:04","date_gmt":"2022-06-18T21:27:04","guid":{"rendered":"https:\/\/dimensionturistica.com\/es\/?p=334815"},"modified":"2022-06-18T21:27:04","modified_gmt":"2022-06-18T21:27:04","slug":"cinco-datos-curiosos-de-futbol-en-monterrey-sede-del-mundial-de-futbol-en-2026","status":"publish","type":"post","link":"https:\/\/dimensionturistica.com\/es\/cinco-datos-curiosos-de-futbol-en-monterrey-sede-del-mundial-de-futbol-en-2026\/","title":{"rendered":"Cinco datos curiosos de futbol en Monterrey, sede del Mundial de futbol en 2026"},"content":{"rendered":"<p>Monterrey, Nuevo Le\u00f3n.- Tras una ceremonia realizada en la ciudad de Nueva York, Estados Unidos, la Federaci\u00f3n Internacional de F\u00fatbol Asociaci\u00f3n (FIFA), anunci\u00f3 que el Estadio BBVA, la casa de Rayados, ser\u00e1 una de las tres sedes mexicanas de la Copa Mundial de Futbol en 2026.<br \/>\nEn compa\u00f1\u00eda del Estadio Azteca, en Ciudad de M\u00e9xico, y el Estadio Akron, en<img decoding=\"async\" class=\"size-medium wp-image-334816 alignright\" src=\"https:\/\/dimensionturistica.com\/es\/wp-content\/uploads\/2022\/06\/unnamed-31-300x208.jpg\" alt=\"\" width=\"300\" height=\"208\" srcset=\"https:\/\/dimensionturistica.com\/es\/wp-content\/uploads\/2022\/06\/unnamed-31-300x208.jpg 300w, https:\/\/dimensionturistica.com\/es\/wp-content\/uploads\/2022\/06\/unnamed-31-768x533.jpg 768w, https:\/\/dimensionturistica.com\/es\/wp-content\/uploads\/2022\/06\/unnamed-31-750x521.jpg 750w, https:\/\/dimensionturistica.com\/es\/wp-content\/uploads\/2022\/06\/unnamed-31.jpg 989w\" sizes=\"(max-width: 300px) 100vw, 300px\" \/> Guadalajara, el Estadio BBVA recibir\u00e1 tres de los partidos oficiales de la fase de grupos de eliminaci\u00f3n. La Copa Mundial de F\u00fatbol se realizar\u00e1 de forma tripartita entre Canad\u00e1, Estados Unidos y M\u00e9xico, siendo esta edici\u00f3n la m\u00e1s grande de la historia, adem\u00e1s porque ahora ser\u00e1n 48 selecciones participantes.<br \/>\nPor la historia, la pasi\u00f3n y por lo que representa recibir un evento de esta naturaleza en el norte del pa\u00eds, a continuaci\u00f3n te presentamos cinco datos que quiz\u00e1 no sab\u00edas del f\u00fatbol regiomontano:<br \/>\nEl \u201cYa merito\u201d<br \/>\nEste pr\u00f3ximo martes 21 de junio se cumplen 36 a\u00f1os de uno de los momentos m\u00e1s incre\u00edbles para la Selecci\u00f3n Mexicana en mundiales, cuando se disputaba el pase a la semifinal de la Copa del Mundo de M\u00e9xico 86. Faltaban 20 minutos para el t\u00e9rmino del encuentro, la selecci\u00f3n alemana jugaba con uno menos tras la expulsi\u00f3n de Thomas Berthold al minuto 65, cuando en un tiro de esquina, Francisco Javier, \u201cEl Abuelo\u201d Cruz, un \u00edcono del Club Monterrey anot\u00f3 un gol que fue anulado por el \u00e1rbitro colombiano Jes\u00fas D\u00edaz, este hito marc\u00f3 el rumbo del<img decoding=\"async\" class=\"size-medium wp-image-334818 alignright\" src=\"https:\/\/dimensionturistica.com\/es\/wp-content\/uploads\/2022\/06\/th-300x117.jpg\" alt=\"\" width=\"300\" height=\"117\" srcset=\"https:\/\/dimensionturistica.com\/es\/wp-content\/uploads\/2022\/06\/th-300x117.jpg 300w, https:\/\/dimensionturistica.com\/es\/wp-content\/uploads\/2022\/06\/th.jpg 463w\" sizes=\"(max-width: 300px) 100vw, 300px\" \/> partido, ya que el encuentro termin\u00f3 empatado sin goles, y posteriormente en penales, Fernando Quirarte y Ra\u00fal Serv\u00edn fallar\u00edan dos penales y la Selecci\u00f3n Mexicana quedar\u00eda eliminada, naciendo en este partido uno de los dichos del f\u00fatbol mexicano m\u00e1s dolorosos y populares de la actualidad, como el \u201cya merito\u201d.<br \/>\nNacida en San Nicol\u00e1s de los Garza<br \/>\nY siguiendo con este partido hist\u00f3rico entre M\u00e9xico y Alemania, en el Estadio Universitario de San Nicol\u00e1s de los Garza, tambi\u00e9n aqu\u00ed naci\u00f3 \u201cla ola\u201d, una de las manifestaciones m\u00e1s populares en el mundo en torno al mundo futbolero. Este movimiento masivo y coordinado del p\u00fablico que asemeja a una ola de mar, se realiza en las gradas alrededor del campo de Juego. Esta manifestaci\u00f3n masiva ha sido replicada en todo el mundo y en algunos pa\u00edses como Inglaterra o Australia, es conocida como \u201cla ola mexicana\u201d, y se representa como una se\u00f1al o saludo del p\u00fablico hacia los jugadores, con el \u00e1nimo de se\u00f1alar que en la grada hay m\u00e1s ambiente que en el terreno de juego.<br \/>\nEl Gigante de Acero<br \/>\nEl Estadio BBVA ser\u00e1 una de las sedes oficiales de la Copa del Mundo de 2026, e incluso se busca que sea sede de la Selecci\u00f3n Mexicana durante esta justa deportiva. Este moderno estadio mide 269 metros de largo, 227 metros de largo y tiene una altura m\u00e1xima de 59 metros y tiene una capacidad para 53 mil 300 personas. Cuenta con capilla, sala de conferencias, restaurantes, zonas de esparcimiento, y recientemente la FIFA ha solicitado ajustes en temas como la ventilaci\u00f3n, zona de prensa y zona VIP.<br \/>\nReferencia nacional<br \/>\nDesde hace algunos a\u00f1os, el f\u00fatbol del Norte de M\u00e9xico ha sido el parteaguas dentro del balompi\u00e9 mexicano, equipos como Monterrey y Tigres tienen ya m\u00e1s de una d\u00e9cada dando de qu\u00e9 hablar y siendo protagonistas dentro de la liga mexicana de f\u00fatbol.Con base en la edici\u00f3n 2022 de la Encuesta Nacional de Afici\u00f3n al F\u00fatbol Mexicano, realizada por Mitofsky, los equipos locales de Monterrey y Tigres se encuentran dentro de los 10 equipos de f\u00fatbol profesional favoritos dentro de los 18 equipos profesionales de la Liga Mx, coloc\u00e1ndose Tigres en el quinto lugar y Monterrey en el octavo; tambi\u00e9n es importante destacar que en esta misma encuesta el Club Monterrey se encuentra en quinto lugar que la gente pronostica para campe\u00f3n en este 2022, mientras que los Tigres se encuentran en sexto lugar.<br \/>\nLas que mandan en el balompi\u00e9 mexicano<br \/>\nSin lugar a dudas el estado de Nuevo Le\u00f3n es el lugar donde m\u00e1s ha crecido y se ha apoyado el futbol femenil. En este sentido, Tigres y Rayadas son prueba de ello, ya que desde el nacimiento de la Liga femenil de f\u00fatbol en 2016, estas dos agrupaciones han sido las principales protagonistas del balompi\u00e9 femenino nacional, siendo Tigres el principal ganador en la historia con cuatro torneos en 2018, 2019,2020 y 2021, mientras que las Rayadas han sido campeonas en 2019 y 2021. Cabe destacar que Tigres y Rayadas protagonizan la rivalidad m\u00e1s ac\u00e9rrima en finales de Liga femenil, protagonizando un total de cinco finales, tres de ellas llevadas hasta los ag\u00f3nicos penales; la balanza se inclina a favor de Tigres con tres campeonatos ganados, mientras que Rayadas le ha arrebatado dos torneos a Tigres; ambos equipos tienen tres subcampeonatos en su palmar\u00e9s.<\/p>\n<p>&nbsp;<\/p>\n","protected":false},"excerpt":{"rendered":"<p>Monterrey, Nuevo Le\u00f3n.- Tras una ceremonia realizada en la ciudad de Nueva York, Estados Unidos, la Federaci\u00f3n Internacional de F\u00fatbol Asociaci\u00f3n (FIFA), anunci\u00f3 que el Estadio BBVA, la casa de Rayados, ser\u00e1 una de las tres sedes mexicanas de la Copa Mundial de Futbol en 2026. En compa\u00f1\u00eda del Estadio Azteca, en Ciudad de M\u00e9xico, [&hellip;]<\/p>\n","protected":false},"author":1,"featured_media":334817,"comment_status":"open","ping_status":"closed","sticky":false,"template":"","format":"standard","meta":{"om_disable_all_campaigns":false,"jnews-multi-image_gallery":[],"jnews_single_post":{"source_name":"","source_url":"","via_name":"","via_url":"","override_template":"0","override":[{"template":"1","single_blog_custom":"","parallax":"1","fullscreen":"1","layout":"right-sidebar","sidebar":"default-sidebar","second_sidebar":"default-sidebar","sticky_sidebar":"1","share_position":"top","share_float_style":"share-monocrhome","show_share_counter":"1","show_view_counter":"1","show_featured":"1","show_post_meta":"1","show_post_author":"1","show_post_author_image":"1","show_post_date":"1","post_date_format":"default","post_date_format_custom":"Y\/m\/d","show_post_category":"1","show_post_reading_time":"0","post_reading_time_wpm":"300","show_zoom_button":"0","zoom_button_out_step":"2","zoom_button_in_step":"3","show_post_tag":"1","show_prev_next_post":"1","show_popup_post":"1","number_popup_post":"1","show_author_box":"0","show_post_related":"0","show_inline_post_related":"0"}],"override_image_size":"0","image_override":[{"single_post_thumbnail_size":"crop-500","single_post_gallery_size":"crop-500"}],"trending_post":"0","trending_post_position":"meta","trending_post_label":"Trending","sponsored_post":"0","sponsored_post_label":"Sponsored by","sponsored_post_name":"","sponsored_post_url":"","sponsored_post_logo_enable":"0","sponsored_post_logo":"","sponsored_post_desc":"","disable_ad":"0"},"jnews_primary_category":{"id":""},"jnews_social_meta":{"fb_title":"","fb_description":"","fb_image":"","twitter_title":"","twitter_description":"","twitter_image":""},"footnotes":""},"categories":[40],"tags":[],"class_list":["post-334815","post","type-post","status-publish","format-standard","has-post-thumbnail","hentry","category-industria"],"_links":{"self":[{"href":"https:\/\/dimensionturistica.com\/es\/wp-json\/wp\/v2\/posts\/334815","targetHints":{"allow":["GET"]}}],"collection":[{"href":"https:\/\/dimensionturistica.com\/es\/wp-json\/wp\/v2\/posts"}],"about":[{"href":"https:\/\/dimensionturistica.com\/es\/wp-json\/wp\/v2\/types\/post"}],"author":[{"embeddable":true,"href":"https:\/\/dimensionturistica.com\/es\/wp-json\/wp\/v2\/users\/1"}],"replies":[{"embeddable":true,"href":"https:\/\/dimensionturistica.com\/es\/wp-json\/wp\/v2\/comments?post=334815"}],"version-history":[{"count":0,"href":"https:\/\/dimensionturistica.com\/es\/wp-json\/wp\/v2\/posts\/334815\/revisions"}],"wp:featuredmedia":[{"embeddable":true,"href":"https:\/\/dimensionturistica.com\/es\/wp-json\/wp\/v2\/media\/334817"}],"wp:attachment":[{"href":"https:\/\/dimensionturistica.com\/es\/wp-json\/wp\/v2\/media?parent=334815"}],"wp:term":[{"taxonomy":"category","embeddable":true,"href":"https:\/\/dimensionturistica.com\/es\/wp-json\/wp\/v2\/categories?post=334815"},{"taxonomy":"post_tag","embeddable":true,"href":"https:\/\/dimensionturistica.com\/es\/wp-json\/wp\/v2\/tags?post=334815"}],"curies":[{"name":"wp","href":"https:\/\/api.w.org\/{rel}","templated":true}]}}