{"id":334787,"date":"2022-06-18T20:40:30","date_gmt":"2022-06-18T20:40:30","guid":{"rendered":"https:\/\/dimensionturistica.com\/es\/?p=334787"},"modified":"2022-06-18T20:49:07","modified_gmt":"2022-06-18T20:49:07","slug":"sectur-y-sre-avanzan-para-lograr-conectividad-aerea-de-la-india-al-aifa","status":"publish","type":"post","link":"https:\/\/dimensionturistica.com\/es\/sectur-y-sre-avanzan-para-lograr-conectividad-aerea-de-la-india-al-aifa\/","title":{"rendered":"Sectur y SRE avanzan para lograr conectividad a\u00e9rea de la India al AIFA"},"content":{"rendered":"<p><img decoding=\"async\" class=\"size-medium wp-image-334779 alignright\" src=\"https:\/\/dimensionturistica.com\/es\/wp-content\/uploads\/2022\/06\/Reunion-con-el-embajador-de-la-India-en-Mexico-Excmo.-Sr.-Pankaj-Sharma-12-300x145.jpeg\" alt=\"\" width=\"300\" height=\"145\" srcset=\"https:\/\/dimensionturistica.com\/es\/wp-content\/uploads\/2022\/06\/Reunion-con-el-embajador-de-la-India-en-Mexico-Excmo.-Sr.-Pankaj-Sharma-12-300x145.jpeg 300w, https:\/\/dimensionturistica.com\/es\/wp-content\/uploads\/2022\/06\/Reunion-con-el-embajador-de-la-India-en-Mexico-Excmo.-Sr.-Pankaj-Sharma-12-1024x494.jpeg 1024w, https:\/\/dimensionturistica.com\/es\/wp-content\/uploads\/2022\/06\/Reunion-con-el-embajador-de-la-India-en-Mexico-Excmo.-Sr.-Pankaj-Sharma-12-768x371.jpeg 768w, https:\/\/dimensionturistica.com\/es\/wp-content\/uploads\/2022\/06\/Reunion-con-el-embajador-de-la-India-en-Mexico-Excmo.-Sr.-Pankaj-Sharma-12-1536x741.jpeg 1536w, https:\/\/dimensionturistica.com\/es\/wp-content\/uploads\/2022\/06\/Reunion-con-el-embajador-de-la-India-en-Mexico-Excmo.-Sr.-Pankaj-Sharma-12-750x362.jpeg 750w, https:\/\/dimensionturistica.com\/es\/wp-content\/uploads\/2022\/06\/Reunion-con-el-embajador-de-la-India-en-Mexico-Excmo.-Sr.-Pankaj-Sharma-12-1140x550.jpeg 1140w, https:\/\/dimensionturistica.com\/es\/wp-content\/uploads\/2022\/06\/Reunion-con-el-embajador-de-la-India-en-Mexico-Excmo.-Sr.-Pankaj-Sharma-12.jpeg 1600w\" sizes=\"(max-width: 300px) 100vw, 300px\" \/>El secretario de Turismo del Gobierno de M\u00e9xico, Miguel Torruco Marqu\u00e9s, sostuvo una reuni\u00f3n con el embajador de la India en M\u00e9xico, Excmo. Sr. Pankaj Sharma, en la que estrecharon lazos de colaboraci\u00f3n para incentivar la conectividad y el turismo entre ambos pa\u00edses.<br \/>\nAcompa\u00f1ado del director ejecutivo de Estrategia y Diplomacia P\u00fablica de la Secretar\u00eda de Relaciones Exteriores (SRE), Jos\u00e9 Alfonso Zegbe Camarena, quien destac\u00f3 el compromiso de la SRE para apoyar en aquellas gestiones que correspondan en el \u00e1mbito de su competencia, el titular de la Secretar\u00eda de<img decoding=\"async\" class=\"size-medium wp-image-334788 alignright\" src=\"https:\/\/dimensionturistica.com\/es\/wp-content\/uploads\/2022\/06\/Reunion-con-el-embajador-de-la-India-en-Mexico-Excmo.-Sr.-Pankaj-Sharma-11-1-300x193.jpeg\" alt=\"\" width=\"300\" height=\"193\" srcset=\"https:\/\/dimensionturistica.com\/es\/wp-content\/uploads\/2022\/06\/Reunion-con-el-embajador-de-la-India-en-Mexico-Excmo.-Sr.-Pankaj-Sharma-11-1-300x193.jpeg 300w, https:\/\/dimensionturistica.com\/es\/wp-content\/uploads\/2022\/06\/Reunion-con-el-embajador-de-la-India-en-Mexico-Excmo.-Sr.-Pankaj-Sharma-11-1-1024x659.jpeg 1024w, https:\/\/dimensionturistica.com\/es\/wp-content\/uploads\/2022\/06\/Reunion-con-el-embajador-de-la-India-en-Mexico-Excmo.-Sr.-Pankaj-Sharma-11-1-768x494.jpeg 768w, https:\/\/dimensionturistica.com\/es\/wp-content\/uploads\/2022\/06\/Reunion-con-el-embajador-de-la-India-en-Mexico-Excmo.-Sr.-Pankaj-Sharma-11-1-1536x989.jpeg 1536w, https:\/\/dimensionturistica.com\/es\/wp-content\/uploads\/2022\/06\/Reunion-con-el-embajador-de-la-India-en-Mexico-Excmo.-Sr.-Pankaj-Sharma-11-1-750x483.jpeg 750w, https:\/\/dimensionturistica.com\/es\/wp-content\/uploads\/2022\/06\/Reunion-con-el-embajador-de-la-India-en-Mexico-Excmo.-Sr.-Pankaj-Sharma-11-1-1140x734.jpeg 1140w, https:\/\/dimensionturistica.com\/es\/wp-content\/uploads\/2022\/06\/Reunion-con-el-embajador-de-la-India-en-Mexico-Excmo.-Sr.-Pankaj-Sharma-11-1.jpeg 1600w\" sizes=\"(max-width: 300px) 100vw, 300px\" \/> Turismo (Sectur) destac\u00f3 la importancia de fortalecer la conectividad a\u00e9rea a trav\u00e9s del nuevo Aeropuerto Internacional General Felipe \u00c1ngeles (AIFA).<br \/>\nAsegur\u00f3 que entre la India y M\u00e9xico hay fuertes v\u00ednculos culturales, y que con la conectividad se lograr\u00e1 una reactivaci\u00f3n importante para el turismo de ambos pa\u00edses.<br \/>\nTorruco Marqu\u00e9s invit\u00f3 al embajador a asistir a la pr\u00f3xima edici\u00f3n del Tianguis Tur\u00edstico, que se realizar\u00e1, por primera vez, en la Ciudad de M\u00e9xico del 26 al 29 de marzo de 2023.<br \/>\nPor su parte, el embajador de la India en M\u00e9xico, Excmo. Sr. Pankaj Sharma, mostr\u00f3 toda la disposici\u00f3n para estrechar los lazos con nuestro pa\u00eds a trav\u00e9s de lo que llam\u00f3 las tres T\u2019s: turismo, tecnolog\u00eda y \u201ctrade\u201d (negocios).<br \/>\nHabl\u00f3 de diferentes eventos culturales que se realizar\u00e1n de manera simult\u00e1nea, en la Ciudad de M\u00e9xico, Guadalajara, Monterrey, San Luis Potos\u00ed y Quer\u00e9taro, de<img decoding=\"async\" class=\"size-medium wp-image-334781 alignright\" src=\"https:\/\/dimensionturistica.com\/es\/wp-content\/uploads\/2022\/06\/Reunion-con-el-embajador-de-la-India-en-Mexico-Excmo.-Sr.-Pankaj-Sharma-8-300x200.jpeg\" alt=\"\" width=\"300\" height=\"200\" srcset=\"https:\/\/dimensionturistica.com\/es\/wp-content\/uploads\/2022\/06\/Reunion-con-el-embajador-de-la-India-en-Mexico-Excmo.-Sr.-Pankaj-Sharma-8-300x200.jpeg 300w, https:\/\/dimensionturistica.com\/es\/wp-content\/uploads\/2022\/06\/Reunion-con-el-embajador-de-la-India-en-Mexico-Excmo.-Sr.-Pankaj-Sharma-8-1024x682.jpeg 1024w, https:\/\/dimensionturistica.com\/es\/wp-content\/uploads\/2022\/06\/Reunion-con-el-embajador-de-la-India-en-Mexico-Excmo.-Sr.-Pankaj-Sharma-8-768x512.jpeg 768w, https:\/\/dimensionturistica.com\/es\/wp-content\/uploads\/2022\/06\/Reunion-con-el-embajador-de-la-India-en-Mexico-Excmo.-Sr.-Pankaj-Sharma-8-1536x1023.jpeg 1536w, https:\/\/dimensionturistica.com\/es\/wp-content\/uploads\/2022\/06\/Reunion-con-el-embajador-de-la-India-en-Mexico-Excmo.-Sr.-Pankaj-Sharma-8-750x500.jpeg 750w, https:\/\/dimensionturistica.com\/es\/wp-content\/uploads\/2022\/06\/Reunion-con-el-embajador-de-la-India-en-Mexico-Excmo.-Sr.-Pankaj-Sharma-8-1140x760.jpeg 1140w, https:\/\/dimensionturistica.com\/es\/wp-content\/uploads\/2022\/06\/Reunion-con-el-embajador-de-la-India-en-Mexico-Excmo.-Sr.-Pankaj-Sharma-8.jpeg 1600w\" sizes=\"(max-width: 300px) 100vw, 300px\" \/> los cuales el principal ser\u00e1 en el Monumento a la Revoluci\u00f3n en la capital del pa\u00eds, y contar\u00e1 con la asistencia de la comunidad de la India en M\u00e9xico, como parte del impulso a la realizaci\u00f3n de diferentes eventos culturales y gastron\u00f3micos.<br \/>\nEl embajador enfatiz\u00f3 la gran cercan\u00eda que tiene con el Gobierno de M\u00e9xico y con instituciones como la Universidad Nacional Aut\u00f3noma de M\u00e9xico (UNAM), en quienes ha encontrado apoyo para inversiones, temas de tecnolog\u00eda y, por supuesto, detonar el turismo<br \/>\nRespecto al tema de conectividad a\u00e9rea, el secretario de Turismo tambi\u00e9n envi\u00f3 un afectuoso mensaje a Copa Airlines por el anuncio de su nueva ruta de Panam\u00e1 al AIFA, que iniciar\u00e1 operaciones el 26 de septiembre de 2022 con tres<img decoding=\"async\" class=\"size-medium wp-image-334789 alignright\" src=\"https:\/\/dimensionturistica.com\/es\/wp-content\/uploads\/2022\/06\/Reunion-con-el-embajador-de-la-India-en-Mexico-Excmo.-Sr.-Pankaj-Sharma-10-300x203.jpeg\" alt=\"\" width=\"300\" height=\"203\" srcset=\"https:\/\/dimensionturistica.com\/es\/wp-content\/uploads\/2022\/06\/Reunion-con-el-embajador-de-la-India-en-Mexico-Excmo.-Sr.-Pankaj-Sharma-10-300x203.jpeg 300w, https:\/\/dimensionturistica.com\/es\/wp-content\/uploads\/2022\/06\/Reunion-con-el-embajador-de-la-India-en-Mexico-Excmo.-Sr.-Pankaj-Sharma-10-1024x692.jpeg 1024w, https:\/\/dimensionturistica.com\/es\/wp-content\/uploads\/2022\/06\/Reunion-con-el-embajador-de-la-India-en-Mexico-Excmo.-Sr.-Pankaj-Sharma-10-768x519.jpeg 768w, https:\/\/dimensionturistica.com\/es\/wp-content\/uploads\/2022\/06\/Reunion-con-el-embajador-de-la-India-en-Mexico-Excmo.-Sr.-Pankaj-Sharma-10-1536x1039.jpeg 1536w, https:\/\/dimensionturistica.com\/es\/wp-content\/uploads\/2022\/06\/Reunion-con-el-embajador-de-la-India-en-Mexico-Excmo.-Sr.-Pankaj-Sharma-10-750x507.jpeg 750w, https:\/\/dimensionturistica.com\/es\/wp-content\/uploads\/2022\/06\/Reunion-con-el-embajador-de-la-India-en-Mexico-Excmo.-Sr.-Pankaj-Sharma-10-1140x771.jpeg 1140w, https:\/\/dimensionturistica.com\/es\/wp-content\/uploads\/2022\/06\/Reunion-con-el-embajador-de-la-India-en-Mexico-Excmo.-Sr.-Pankaj-Sharma-10.jpeg 1600w\" sizes=\"(max-width: 300px) 100vw, 300px\" \/> frecuencias semanales.<br \/>\nSe\u00f1al\u00f3 que este vuelo contribuir\u00e1 al fortalecimiento de la conectividad a\u00e9rea hacia M\u00e9xico, a trav\u00e9s del nuevo aeropuerto que forma parte del Sistema Aeroportuario Metropolitano (SAM); e impulsa la llegada de m\u00e1s turistas desde importantes mercados emisores, como lo son Panam\u00e1, Centro y Sudam\u00e9rica.<br \/>\n\u201cBienvenido Copa Airlines al AIFA; sigamos sumando, sector p\u00fablico y sector privado, acciones que incentiven la actividad tur\u00edstica para que sus beneficios permeen en la poblaci\u00f3n\u201d, declar\u00f3 Torruco Marqu\u00e9s.<\/p>\n","protected":false},"excerpt":{"rendered":"<p>El secretario de Turismo del Gobierno de M\u00e9xico, Miguel Torruco Marqu\u00e9s, sostuvo una reuni\u00f3n con el embajador de la India en M\u00e9xico, Excmo. Sr. Pankaj Sharma, en la que estrecharon lazos de colaboraci\u00f3n para incentivar la conectividad y el turismo entre ambos pa\u00edses. Acompa\u00f1ado del director ejecutivo de Estrategia y Diplomacia P\u00fablica de la Secretar\u00eda [&hellip;]<\/p>\n","protected":false},"author":1,"featured_media":334783,"comment_status":"open","ping_status":"closed","sticky":false,"template":"","format":"standard","meta":{"om_disable_all_campaigns":false,"jnews-multi-image_gallery":[],"jnews_single_post":{"source_name":"","source_url":"","via_name":"","via_url":"","override_template":"0","override":[{"template":"1","single_blog_custom":"","parallax":"1","fullscreen":"1","layout":"right-sidebar","sidebar":"default-sidebar","second_sidebar":"default-sidebar","sticky_sidebar":"1","share_position":"top","share_float_style":"share-monocrhome","show_share_counter":"1","show_view_counter":"1","show_featured":"1","show_post_meta":"1","show_post_author":"1","show_post_author_image":"1","show_post_date":"1","post_date_format":"default","post_date_format_custom":"Y\/m\/d","show_post_category":"1","show_post_reading_time":"0","post_reading_time_wpm":"300","show_zoom_button":"0","zoom_button_out_step":"2","zoom_button_in_step":"3","show_post_tag":"1","show_prev_next_post":"1","show_popup_post":"1","number_popup_post":"1","show_author_box":"0","show_post_related":"0","show_inline_post_related":"0"}],"override_image_size":"0","image_override":[{"single_post_thumbnail_size":"crop-500","single_post_gallery_size":"crop-500"}],"trending_post":"0","trending_post_position":"meta","trending_post_label":"Trending","sponsored_post":"0","sponsored_post_label":"Sponsored by","sponsored_post_name":"","sponsored_post_url":"","sponsored_post_logo_enable":"0","sponsored_post_logo":"","sponsored_post_desc":"","disable_ad":"0"},"jnews_primary_category":{"id":""},"jnews_social_meta":{"fb_title":"","fb_description":"","fb_image":"","twitter_title":"","twitter_description":"","twitter_image":""},"footnotes":""},"categories":[39],"tags":[],"class_list":["post-334787","post","type-post","status-publish","format-standard","has-post-thumbnail","hentry","category-viajes"],"_links":{"self":[{"href":"https:\/\/dimensionturistica.com\/es\/wp-json\/wp\/v2\/posts\/334787","targetHints":{"allow":["GET"]}}],"collection":[{"href":"https:\/\/dimensionturistica.com\/es\/wp-json\/wp\/v2\/posts"}],"about":[{"href":"https:\/\/dimensionturistica.com\/es\/wp-json\/wp\/v2\/types\/post"}],"author":[{"embeddable":true,"href":"https:\/\/dimensionturistica.com\/es\/wp-json\/wp\/v2\/users\/1"}],"replies":[{"embeddable":true,"href":"https:\/\/dimensionturistica.com\/es\/wp-json\/wp\/v2\/comments?post=334787"}],"version-history":[{"count":0,"href":"https:\/\/dimensionturistica.com\/es\/wp-json\/wp\/v2\/posts\/334787\/revisions"}],"wp:featuredmedia":[{"embeddable":true,"href":"https:\/\/dimensionturistica.com\/es\/wp-json\/wp\/v2\/media\/334783"}],"wp:attachment":[{"href":"https:\/\/dimensionturistica.com\/es\/wp-json\/wp\/v2\/media?parent=334787"}],"wp:term":[{"taxonomy":"category","embeddable":true,"href":"https:\/\/dimensionturistica.com\/es\/wp-json\/wp\/v2\/categories?post=334787"},{"taxonomy":"post_tag","embeddable":true,"href":"https:\/\/dimensionturistica.com\/es\/wp-json\/wp\/v2\/tags?post=334787"}],"curies":[{"name":"wp","href":"https:\/\/api.w.org\/{rel}","templated":true}]}}