{"id":334776,"date":"2022-06-18T20:27:14","date_gmt":"2022-06-18T20:27:14","guid":{"rendered":"https:\/\/dimensionturistica.com\/es\/?p=334776"},"modified":"2022-06-18T20:27:15","modified_gmt":"2022-06-18T20:27:15","slug":"vicky-foods-fabricante-de-dulcesol-crece-un-65-y-preve-invertir-75-millones","status":"publish","type":"post","link":"https:\/\/dimensionturistica.com\/es\/vicky-foods-fabricante-de-dulcesol-crece-un-65-y-preve-invertir-75-millones\/","title":{"rendered":"Vicky Foods, fabricante de Dulcesol, crece un 6,5% y prev\u00e9 invertir 75 millones"},"content":{"rendered":"<p> <br \/>\n<\/p>\n<div>\n<div class=\"row no-gutters\">\n<div class=\"Article_time col-12\">\n<address class=\"d-inline\">Valencia<\/address>\n<p><time class=\"timestamp\">22\/03\/2021 &#8211; 11:35<\/time>\n<\/div>\n<\/div>\n<p>El grupo de alimentaci\u00f3n Vicky Meals, que produce y comercializa las marcas Dulcesol, Beplus y Hermanos Juan, ha sido uno de los beneficiados por el aumento del consumo en el hogar el a\u00f1o pasado con el confinamiento por el coronavirus.<\/p>\n<p>La empresa valenciana registr\u00f3 un aumento de las ventas de sus l\u00edneas de productos b\u00e1sicos, tanto de boller\u00eda como de pan. Una evoluci\u00f3n que le permiti\u00f3 alcanzar los 376 millones de euros de facturaci\u00f3n, un 6,5% m\u00e1s, con una producci\u00f3n whole de m\u00e1s de 175.000 toneladas.<\/p>\n<p>Especialmente significativo fue el crecimiento en productos de pan, con m\u00e1s del 40% en su volumen de producci\u00f3n tras la inversi\u00f3n el a\u00f1o pasado con dos nuevas l\u00edneas de fabricaci\u00f3n. Este segmento aport\u00f3 96,7 millones en ventas.<\/p>\n<p>La otra gran l\u00ednea de crecimiento de negocio fue el mercado internacional. Pese a la pandemia el grupo valenciano consigui\u00f3 incrementar su negocio exterior un 18%, hasta 78 millones de euros, con Portugal, Francia, Italia, Reino Unido y Argelia, donde cuenta con una factor\u00eda propia, como principales mercados.<\/p>\n<p>El crecimiento de la demanda y su expansi\u00f3n llev\u00f3 al grupo a ampliar su plantilla en cerca de 200 personas, hasta 2.650 trabajadores, la mayor\u00eda en su pink comercial, fundamentalmente internacional.<\/p>\n<p>La otra cara de la moneda fue su l\u00ednea de productos de alimentaci\u00f3n saludable y platos preparados, que comercializa con la marca Beplus. <a target=\"_blank\" href=\"https:\/\/www.eleconomista.es\/empresas-finanzas\/noticias\/10013106\/07\/19\/Rafael-Juan-Dulcesol-En-absoluto-descartamos-fabricar-en-China-o-EEUU.html\" rel=\"noopener\">Rafael Juan, CEO del grupo familiar<\/a>, explic\u00f3 que la irrupci\u00f3n de la pandemia fren\u00f3 sus planes de lanzamiento de nuevos productos de esta l\u00ednea, al ir dirigidos a un segmento de clientes m\u00e1s especializado que las boller\u00eda y panader\u00eda. Juan se\u00f1al\u00f3 que ya est\u00e1n retomando sus planes.<\/p>\n<h2>Inversiones en dos a\u00f1os<\/h2>\n<p>El grupo valenciano tiene previsto invertir 75 millones de euros en 2021 y 2022 para mantener su crecimiento. Entre las actuaciones previstas, incorporar\u00e1 una tercera l\u00ednea de fabricaci\u00f3n para los productos de pan. Su CEO tambi\u00e9n detall\u00f3 que adem\u00e1s de ampliar la capacidad de producci\u00f3n destinar\u00e1n parte de las inversiones a sus centros de distribuci\u00f3n. Una parte tambi\u00e9n se dirigir\u00e1 a innovaci\u00f3n y nuevos productos.<\/p>\n<p>Pese a esperar mantener el crecimiento este a\u00f1o, Juan reconoci\u00f3 que est\u00e1 habiendo &#8220;un encarecimiento muy significativo de las materias primas como el aceite, las margarinas o los envases pl\u00e1sticos que va a tener un impacto este a\u00f1o&#8221;.<\/p>\n<div class=\"Article__socialShareContent text-center d-flex justify-content-center align-items-center\">\n<span class=\"d-none\">comentarios<\/span><a target=\"_blank\" href=\"#1648118541665_forum\" onclick=\"jQuery('#not_11117195 .articleZone_Footer').show();window.dataLayer.push({'event': 'event', 'eventoCategoria': 'noticia','eventoAccion': 'boton-flotante-comentarios','eventoEtiqueta': 'Ir a comentar'});\" rel=\"noopener\"><svg xmlns=\"http:\/\/www.w3.org\/2000\/svg\" height=\"34px\" viewbox=\"0 0 24 24\" width=\"34px\" fill=\"currentColor\" style=\"vertical-align: middle;\"><path d=\"M0 0h24v24H0z\" fill=\"none\"\/><path d=\"M21 6h-2v9H6v2c0 .55.45 1 1 1h11l4 4V7c0-.55-.45-1-1-1zm-4 6V3c0-.55-.45-1-1-1H3c-.55 0-1 .45-1 1v14l4-4h10c.55 0 1-.45 1-1z\"\/><\/svg><span class=\"badge badge-danger\">0<\/span><\/a><span class=\"d-none\">WhatsApp<\/span><a target=\"_blank\" href=\"https:\/\/api.whatsapp.com\/send?text=https:\/\/www.eleconomista.es\/distribucion\/noticias\/11117195\/03\/21\/Vicky-Foods-fabricante-de-Dulcesol-crece-un-65-y-preve-invertir-75-millones.html?utm_source%3Dwhatsapp%26utm_medium%3Dshare_button&amp;id=1648118629957_whatsapp\" data-action=\"share\/whatsapp\/share\" rel=\"noopener\"><img decoding=\"async\" style=\"vertical-align:middle;\" onclick=\"window.dataLayer.push({'event': 'event', 'eventoCategoria': 'noticia','eventoAccion': 'boton-flotante-whatsapp','eventoEtiqueta': 'Compartir en Whatsapp'});\" src=\"https:\/\/s03.s3c.es\/imag3\/iconos\/svg\/whatsAppGreen.svg\" width=\"33px\" height=\"33px\" alt=\"WhatsApp\"\/><\/a><span class=\"d-none\">Fb<\/span><a target=\"_blank\" onclick=\"return abrirFacebook();\" href=\"#1648118806784_facebook\" rel=\"noopener\"><img decoding=\"async\" style=\"vertical-align:middle;\" onclick=\"window.dataLayer.push({'event': 'event', 'eventoCategoria': 'noticia','eventoAccion': 'boton-flotante-facebook','eventoEtiqueta': 'Compartir en Facebook'});\" src=\"https:\/\/s03.s3c.es\/imag3\/iconos\/svg\/facebookBlue.svg\" width=\"22px\" height=\"34.05px\" alt=\"Facebook\"\/><\/a><span class=\"d-none\">Twitter<\/span><a target=\"_blank\" href=\"https:\/\/twitter.com\/share?text=Vicky+Foods%2C+fabricante+de+Dulcesol%2C+crece+un+6%2C5%25+y+prev%C3%A9+invertir+75+millones&amp;url=https:\/\/www.eleconomista.es\/distribucion\/noticias\/11117195\/03\/21\/Vicky-Foods-fabricante-de-Dulcesol-crece-un-65-y-preve-invertir-75-millones.html&amp;via=elEconomistaes&amp;id=1648118839245_twitter\" rel=\"noopener\"><img decoding=\"async\" style=\"vertical-align:middle;\" onclick=\"window.dataLayer.push({'event': 'event', 'eventoCategoria': 'noticia','eventoAccion': 'boton-flotante-twitter','eventoEtiqueta': 'Compartir en Twitter'});\" src=\"https:\/\/s03.s3c.es\/imag3\/iconos\/svg\/twitterBlue.svg\" width=\"33px\" height=\"33px\" alt=\"Twitter\"\/><\/a><span class=\"d-none\">Linkedin<\/span><a target=\"_blank\" onclick=\"return abrirLinkedin();\" href=\"#1648118858235_linkedin\" rel=\"noopener\"><img decoding=\"async\" style=\"vertical-align:middle;\" onclick=\"window.dataLayer.push({'event': 'event', 'eventoCategoria': 'noticia','eventoAccion': 'boton-flotante-linkedin','eventoEtiqueta': 'Compartir en Linkedin'});\" src=\"https:\/\/s03.s3c.es\/imag3\/iconos\/svg\/linkedinBlue.svg\" width=\"33px\" height=\"33px\" alt=\"linkedin\"\/><\/a>\n<\/div>\n<\/div>\n<p><script async src=\"\/\/platform.twitter.com\/widgets.js\" charset=\"utf-8\"><\/script><script>\n  !function(f,b,e,v,n,t,s)\n  {if(f.fbq)return;n=f.fbq=function(){n.callMethod?\n  n.callMethod.apply(n,arguments):n.queue.push(arguments)};\n  if(!f._fbq)f._fbq=n;n.push=n;n.loaded=!0;n.version='2.0';\n  n.queue=[];t=b.createElement(e);t.async=!0;\n  t.src=v;s=b.getElementsByTagName(e)[0];\n  s.parentNode.insertBefore(t,s)}(window, document,'script',\n  'https:\/\/connect.facebook.net\/en_US\/fbevents.js');\n  fbq('init', '113015305983050');\n  fbq('track', 'PageView');\n<\/script><br \/>\n<br \/><\/p>\n<p><em> \u2018 The preceding article may include information circulated by third parties \u2019 <\/em><\/p>\n<p><em> \u2018 Some details of this article were extracted from the following source www.eleconomista.es \u2019 <\/em><\/p>\n","protected":false},"excerpt":{"rendered":"<p>Valencia 22\/03\/2021 &#8211; 11:35 El grupo de alimentaci\u00f3n Vicky Meals, que produce y comercializa las marcas Dulcesol, Beplus y Hermanos Juan, ha sido uno de los beneficiados por el aumento del consumo en el hogar el a\u00f1o pasado con el confinamiento por el coronavirus. La empresa valenciana registr\u00f3 un aumento de las ventas de sus [&hellip;]<\/p>\n","protected":false},"author":2,"featured_media":334777,"comment_status":"open","ping_status":"closed","sticky":false,"template":"","format":"standard","meta":{"om_disable_all_campaigns":false,"jnews-multi-image_gallery":[],"jnews_single_post":[],"jnews_primary_category":[],"jnews_social_meta":[],"footnotes":""},"categories":[43],"tags":[],"class_list":["post-334776","post","type-post","status-publish","format-standard","has-post-thumbnail","hentry","category-gourmet"],"_links":{"self":[{"href":"https:\/\/dimensionturistica.com\/es\/wp-json\/wp\/v2\/posts\/334776","targetHints":{"allow":["GET"]}}],"collection":[{"href":"https:\/\/dimensionturistica.com\/es\/wp-json\/wp\/v2\/posts"}],"about":[{"href":"https:\/\/dimensionturistica.com\/es\/wp-json\/wp\/v2\/types\/post"}],"author":[{"embeddable":true,"href":"https:\/\/dimensionturistica.com\/es\/wp-json\/wp\/v2\/users\/2"}],"replies":[{"embeddable":true,"href":"https:\/\/dimensionturistica.com\/es\/wp-json\/wp\/v2\/comments?post=334776"}],"version-history":[{"count":0,"href":"https:\/\/dimensionturistica.com\/es\/wp-json\/wp\/v2\/posts\/334776\/revisions"}],"wp:featuredmedia":[{"embeddable":true,"href":"https:\/\/dimensionturistica.com\/es\/wp-json\/wp\/v2\/media\/334777"}],"wp:attachment":[{"href":"https:\/\/dimensionturistica.com\/es\/wp-json\/wp\/v2\/media?parent=334776"}],"wp:term":[{"taxonomy":"category","embeddable":true,"href":"https:\/\/dimensionturistica.com\/es\/wp-json\/wp\/v2\/categories?post=334776"},{"taxonomy":"post_tag","embeddable":true,"href":"https:\/\/dimensionturistica.com\/es\/wp-json\/wp\/v2\/tags?post=334776"}],"curies":[{"name":"wp","href":"https:\/\/api.w.org\/{rel}","templated":true}]}}