{"id":334731,"date":"2022-06-18T17:25:45","date_gmt":"2022-06-18T17:25:45","guid":{"rendered":"https:\/\/dimensionturistica.com\/es\/?p=334731"},"modified":"2022-06-18T17:25:45","modified_gmt":"2022-06-18T17:25:45","slug":"feria-turistica-busca-promocionar-atracciones-locales-en-la-laguna","status":"publish","type":"post","link":"https:\/\/dimensionturistica.com\/es\/feria-turistica-busca-promocionar-atracciones-locales-en-la-laguna\/","title":{"rendered":"Feria Tur\u00edstica busca promocionar atracciones locales en La Laguna"},"content":{"rendered":"<p> <br \/>\n<\/p>\n<div id=\"\">\n<p>A fin de promover los lugares m\u00e1s importantes de paseo y recreaci\u00f3n en el municipio de G\u00f3mez Palacio y otros municipios, la <b>Direcci\u00f3n de Turismo y Cinematograf\u00eda en la Laguna de Durango,<\/b> organiza ya la <b>Feria Tur\u00edstica<\/b>, cuya fecha de inicio est\u00e1 por decidirse, ya que buscan no empalmar actividades ni con la Feria de Durango ni con la de este municipio.<\/p>\n<p><b>Arely Nahoul Guti\u00e9rrez, ti<\/b>tular de esta dependencia, coment\u00f3 que ya se trabaja en el tema, con la finalidad de promocionar los diversos centros tur\u00edsticos, en los cuales destacan la<b> Zona del Silencio, El Puente de Ojuela, Las Grutas del Rosario, el Ca\u00f1\u00f3n de Fern\u00e1ndez<\/b> entre otros.<\/p>\n<p>Ante la cercan\u00eda las vacaciones de verano, se busca impulsar esta feria y para que la ciudadan\u00eda tenga opciones para visitar sus lugares favoritos, g<b>enerando a la vez econom\u00eda.<\/b><\/p>\n<p>Dijo que se pondr\u00e1n en la mesa los diversos centros de esparcimiento de la regi\u00f3n y se dar\u00e1 tambi\u00e9n a conocer las agencias de viaje que cuentan con todos los permisos ya establecidos.<\/p>\n<blockquote><p>\u201cAnalizamos a\u00fan la fecha para arrancar la Feria Tur\u00edstica, ya que tenemos algunas fechas tentativas, pero vemos que algunos d\u00edas se empalman con la realizaci\u00f3n de la Feria G\u00f3mez Palacio y la Feria Nacional de Durango, de ah\u00ed que en los pr\u00f3ximos d\u00edas habremos de definir&#8221;.<\/p><\/blockquote>\n<p>Advirti\u00f3 a la ciudadan\u00eda evitar ser presa de agencias fraudulentas, de ah\u00ed que este evento, es con la intenci\u00f3n de que la ciudadan\u00eda conozca y pueda realizar <b>viajes a establecimientos seguros,<\/b> con agencias de viajes que le manejan paquetes dentro y fuera de la regi\u00f3n.<\/p>\n<p>Incluso, agreg\u00f3, se dar\u00e1 a conocer una tarjeta que al acercar el celular a trav\u00e9s de un <b>c\u00f3digo QR <\/b>abrir\u00e1 un hyperlink en el que podr\u00e1n observarse los atractivos de paseo y vacaciones de la regi\u00f3n lagunera. <\/p>\n<\/p><\/div>\n<p><script async defer crossorigin=\"anonymous\" src=\"https:\/\/connect.facebook.net\/es_LA\/sdk.js#xfbml=1&#038;version=v12.0&#038;appId=1741736236111875&#038;autoLogAppEvents=1\" nonce=\"e8xJsCI4\"><\/script><br \/>\n<br \/><\/p>\n<p><em> &#8221; Fuentes www.telediario.mx &#8221; <\/em><\/p>\n","protected":false},"excerpt":{"rendered":"<p>A fin de promover los lugares m\u00e1s importantes de paseo y recreaci\u00f3n en el municipio de G\u00f3mez Palacio y otros municipios, la Direcci\u00f3n de Turismo y Cinematograf\u00eda en la Laguna de Durango, organiza ya la Feria Tur\u00edstica, cuya fecha de inicio est\u00e1 por decidirse, ya que buscan no empalmar actividades ni con la Feria de [&hellip;]<\/p>\n","protected":false},"author":4,"featured_media":334732,"comment_status":"open","ping_status":"closed","sticky":false,"template":"","format":"standard","meta":{"om_disable_all_campaigns":false,"jnews-multi-image_gallery":[],"jnews_single_post":[],"jnews_primary_category":[],"jnews_social_meta":[],"footnotes":""},"categories":[40],"tags":[47515,1690,39411,3190,544,1861],"class_list":["post-334731","post","type-post","status-publish","format-standard","has-post-thumbnail","hentry","category-industria","tag-atracciones-locales","tag-durango","tag-feria-turistica","tag-gomez-palacio","tag-turismo","tag-vacaciones"],"_links":{"self":[{"href":"https:\/\/dimensionturistica.com\/es\/wp-json\/wp\/v2\/posts\/334731","targetHints":{"allow":["GET"]}}],"collection":[{"href":"https:\/\/dimensionturistica.com\/es\/wp-json\/wp\/v2\/posts"}],"about":[{"href":"https:\/\/dimensionturistica.com\/es\/wp-json\/wp\/v2\/types\/post"}],"author":[{"embeddable":true,"href":"https:\/\/dimensionturistica.com\/es\/wp-json\/wp\/v2\/users\/4"}],"replies":[{"embeddable":true,"href":"https:\/\/dimensionturistica.com\/es\/wp-json\/wp\/v2\/comments?post=334731"}],"version-history":[{"count":0,"href":"https:\/\/dimensionturistica.com\/es\/wp-json\/wp\/v2\/posts\/334731\/revisions"}],"wp:featuredmedia":[{"embeddable":true,"href":"https:\/\/dimensionturistica.com\/es\/wp-json\/wp\/v2\/media\/334732"}],"wp:attachment":[{"href":"https:\/\/dimensionturistica.com\/es\/wp-json\/wp\/v2\/media?parent=334731"}],"wp:term":[{"taxonomy":"category","embeddable":true,"href":"https:\/\/dimensionturistica.com\/es\/wp-json\/wp\/v2\/categories?post=334731"},{"taxonomy":"post_tag","embeddable":true,"href":"https:\/\/dimensionturistica.com\/es\/wp-json\/wp\/v2\/tags?post=334731"}],"curies":[{"name":"wp","href":"https:\/\/api.w.org\/{rel}","templated":true}]}}