{"id":334331,"date":"2022-06-17T21:35:14","date_gmt":"2022-06-17T21:35:14","guid":{"rendered":"https:\/\/dimensionturistica.com\/es\/?p=334331"},"modified":"2022-06-17T21:35:14","modified_gmt":"2022-06-17T21:35:14","slug":"descubre-los-mejores-destinos-europeos-para-viajar-este-verano","status":"publish","type":"post","link":"https:\/\/dimensionturistica.com\/es\/descubre-los-mejores-destinos-europeos-para-viajar-este-verano\/","title":{"rendered":"Descubre los mejores destinos europeos para viajar este verano"},"content":{"rendered":"<p> <br \/>\n<\/p>\n<div id=\"\"><span class=\"data\"><\/p>\n<footer class=\"autores\"><span class=\"autor\"><a rel=\"nofollow noopener\" target=\"_blank\" class=\"nombre\" title=\"Descuentos ABC\">Descuentos ABC<\/a><span class=\"autor\" title=\"Descuentos ABC\" style=\"display: none;\"\/><\/span><\/footer>\n<p><span class=\"datos-articulo\"><span class=\"datos\"><span class=\"fecha\"><br \/>\n                  Actualizado:<time class=\"actualizado\" datetime=\"2022-06-06T16:31:28Z\">06\/06\/2022\u00a018:31h<\/time><\/span><\/span><a rel=\"nofollow noopener\" target=\"_blank\" title=\"Guardar el art\u00edculo\" class=\"guardar-articulo nibara-element-inview\" data-nibara-module=\"starred\" data-nibara-inview-mode=\"one\" data-btn=\"starred\" data-type=\"noticia\" data-id=\"a6b06b5a-dcfe-11ec-a987-0d2ee9595764\" data-voc-vtm-id=\"leerdespues\" data-voc-vtm-info=\"sticky\"><span class=\"icono leer-despues\"><svg viewbox=\"0 0 24 24\"><path d=\"M17,3H7A2,2 0 0,0 5,5V21L12,18L19,21V5C19,3.89 18.1,3 17,3Z\"\/><\/svg><\/span><br \/>\n   Guardar<br \/>\n <\/a><\/span><\/span><\/p>\n<p>El mes de mayo es el momento que todos solemos escoger para preparar las<strong> vacaciones de verano<\/strong>. Llega el momento de buscar                         <a rel=\"nofollow noopener\" target=\"_blank\" href=\"https:\/\/descuentos.abc.es\/codigo-descuento-vueling\" data-voc-vtm-id=\"in-text-traffic\"><br \/>\n        un c\u00f3digo descuento Vueling <\/a>para lograr vuelos m\u00e1s baratos y elegir el destino para el <strong>viaje del verano<\/strong> que llegar\u00e1 en julio o agosto.<\/p>\n<p>La votaci\u00f3n que hace el portal <strong>European Finest Locations<\/strong> lo pone m\u00e1s f\u00e1cil porque permite conocer las preferencias de un buen n\u00famero de viajeros que han recorrido distintos puntos de Europa y que han elegido los mejores destinos. De entre este grupo de elegidos, hemos seleccionado los mejores destinos de Europa para el <strong>verano 2022.<\/strong><\/p>\n<h3 class=\"ladillo\">\u00bfD\u00f3nde ir este verano 2022?<\/h3>\n<p>Es la pregunta que nos hacemos todos y, para responderla, hay que tener muy en cuenta los gustos y preferencias de los viajeros.<\/p>\n<aside class=\"roba-intercalado sin-fondo layer_inpage\"><span class=\"creatividad cmv_intext\" data-voc-vam=\"\" data-voc-vam-position=\"layer_inpage\" data-voc-vam-outofpage=\"true\" id=\"layer_inpage-id\"\/><\/aside>\n<p>Por eso, hemos combinado ciudades en las que la playa es la protagonista con otras que esgrimen como atractivo su riqueza cultural o monumental.<\/p>\n<h3 class=\"ladillo\">Marbella<\/h3>\n<figure class=\"foto-intercalada\"><span class=\"imagen\"><img decoding=\"async\" class=\"lzld\" loading=\"lazy\" src=\"https:\/\/static3.abc.es\/media\/recreo\/2022\/05\/26\/marbella-kVdC--510x349@abc.png\" alt=\"Marbella es una ciudad perfecta para viajar en verano por sus playas y el ambiente de sus calles.\"\/><\/span><figcaption class=\"pie-foto\">Marbella es una ciudad perfecta para viajar en verano por sus playas y el ambiente de sus calles. &#8211; <span class=\"firma\">Simon Hermans \/ Unsplash<\/span><\/figcaption><\/figure>\n<p>Marbella es uno de los mejores destinos de 2022 en la votaci\u00f3n de Finest European Locations y el favorito de millones de personas, especialmente de muchos turistas con un elevado poder adquisitivo.Marbella se ha convertido en un lugar en el que el lujo de Puerto Ban\u00fas y los restaurantes con estrellas Michelin se funden con los bares de pueblo y el sabor m\u00e1s aut\u00e9ntico de la Costa del Sol y sus fant\u00e1sticas playas. Es, sin duda, uno de los mejores destinos para el <strong>verano de 2022 en Espa\u00f1a<\/strong>.<\/p>\n<h3 class=\"ladillo\">Viena<\/h3>\n<figure class=\"foto-intercalada\"><span class=\"imagen\"><img decoding=\"async\" class=\"lzld\" loading=\"lazy\" src=\"https:\/\/static1.abc.es\/media\/recreo\/2022\/05\/26\/viena-kVdC--510x349@abc.png\" alt=\"El Teatro de la \u00d3pera de Viena es uno de los grandes iconos de la ciudad.\"\/><\/span><figcaption class=\"pie-foto\">El Teatro de la \u00d3pera de Viena es uno de los grandes iconos de la ciudad. &#8211; <span class=\"firma\">Dimitry Anikin \/ Unsplash<\/span><\/figcaption><\/figure>\n<p>Viena ha sabido mantener el esplendor de su pasado imperial e integrarlo en una ciudad moderna y con una actividad cultural apabullante. Los palacios de Hofburg, <strong>Sch\u00f6nbrunn<\/strong> y Belvedere, la Biblioteca Nacional de Austria, El Ayuntamiento, la \u00d3pera\u2026 en Viena hay un monumento casi en cada esquina. Pero tambi\u00e9n hay tarta Sacher, filetes Shnitzel, una gran selecci\u00f3n de cervezas y una gastronom\u00eda por descubrir.<\/p>\n<p>El parque de atracciones del <strong>Prater<\/strong> y un paseo en barco por el Danubio no pueden faltar en tu visita a la capital austriaca.<\/p>\n<h3 class=\"ladillo\">Atenas<\/h3>\n<figure class=\"foto-intercalada\"><span class=\"imagen\"><img decoding=\"async\" class=\"lzld\" loading=\"lazy\" src=\"https:\/\/static4.abc.es\/media\/recreo\/2022\/05\/26\/Clipboard-kVdC--510x349@abc.png\" alt=\"Atenas es una ciudad con una actividad incesante y un rico patrimonio hist\u00f3rico.\"\/><\/span><figcaption class=\"pie-foto\">Atenas es una ciudad con una actividad incesante y un rico patrimonio hist\u00f3rico. &#8211; <span class=\"firma\">David Tip \/ Unsplash<\/span><\/figcaption><\/figure>\n<p>Bulliciosa, sorprendente, con una interesante <strong>vida nocturna<\/strong>, una gran <strong>riqueza arqueol\u00f3gica<\/strong> representada sobre todo por la Acr\u00f3polis y la playa a un paso, Atenas es uno de los mejores destinos para el verano 2022. La gastronom\u00eda y la posibilidad de completar el viaje con uno o varios d\u00edas en islas com Santorini o Mykonos completan el atractivo de la capital griega.<\/p>\n<h3 class=\"ladillo\">Praga<\/h3>\n<figure class=\"foto-intercalada\"><span class=\"imagen\"><img decoding=\"async\" class=\"lzld\" loading=\"lazy\" src=\"https:\/\/static1.abc.es\/media\/recreo\/2022\/05\/26\/Clipboard-0006-kVdC--510x349@abc.png\" alt=\"El Puente de Carlos es uno de los lugares m\u00e1s emblem\u00e1ticos de Praga.\"\/><\/span><figcaption class=\"pie-foto\">El Puente de Carlos es uno de los lugares m\u00e1s emblem\u00e1ticos de Praga. &#8211; <span class=\"firma\">Martin Krchnacek \/ Unsplash<\/span><\/figcaption><\/figure>\n<p>La capital checa sigue siendo una de las m\u00e1s visitadas de Europa por el encanto de sus barrios tradicionales como Mala Strana y por atractivos como el complejo del Castillo, el Ayuntamiento con el <strong>reloj astron\u00f3mico<\/strong> o el imprescindible Puente de Carlos.<\/p>\n<p>En verano no hay que perderse las vistas desde Vysehrad y refrescarse con alguna de las reconocidas cervezas checas. No te saldr\u00e1 por mucho porque Praga es uno de los mejores destinos de Europa baratos en 2022.<\/p>\n<h3 class=\"ladillo\">Creta<\/h3>\n<figure class=\"foto-intercalada\"><span class=\"imagen\"><img decoding=\"async\" class=\"lzld\" loading=\"lazy\" src=\"https:\/\/static4.abc.es\/media\/recreo\/2022\/05\/26\/creta-kVdC--510x349@abc.png\" alt=\"Las playas son uno de los grandes atractivos tur\u00edsticos de Creta\"\/><\/span><figcaption class=\"pie-foto\">Las playas son uno de los grandes atractivos tur\u00edsticos de Creta &#8211; <span class=\"firma\">Evangelos Mpikakis \/ Unsplash<\/span><\/figcaption><\/figure>\n<p>Creta es uno de los mejores destinos para viajar en verano. Con <strong>playas<\/strong> tan espectaculares como la <strong>Laguna de Balos<\/strong> es un destino perfecto para disfrutar del mar y el calor.<\/p>\n<p>Pero la isla griega ofrece mucho m\u00e1s como los restos del<strong> Palacio de Cnosos<\/strong>, clave para entender la cultura minoica que precedi\u00f3 a la griega y una rica gastronom\u00eda que no hay que perderse. Si quieres descubrir nuevos destinos en los que descansar en la playa y divertirte, Creta es una buena opci\u00f3n.<\/p>\n<h3 class=\"ladillo\">Estambul<\/h3>\n<figure class=\"foto-intercalada\"><span class=\"imagen\"><img decoding=\"async\" class=\"lzld\" loading=\"lazy\" src=\"https:\/\/static2.abc.es\/media\/recreo\/2022\/05\/26\/Clipboard-0008-kVdC--510x349@abc.png\" alt=\"Estambul es una ciudad con una gran importancia hist\u00f3rica de la que quedan muchos vestigios\"\/><\/span><figcaption class=\"pie-foto\">Estambul es una ciudad con una gran importancia hist\u00f3rica de la que quedan muchos vestigios &#8211; <span class=\"firma\">Lewis J Goetz \/ Unsplash<\/span><\/figcaption><\/figure>\n<p>En Estambul se pueden admirar grandes joyas hist\u00f3ricas y arquitect\u00f3nicas como <strong>Santa Sof\u00eda<\/strong> o la Mezquita Azul, pero lo m\u00e1s interesante es perderse por sus barrios, como Balat; y mercados y, sobre todo, por el <strong>Gran Bazar<\/strong> o el Bazar de las Especias para disfrutar de sus tiendas.<\/p>\n<p>M\u00e1s all\u00e1 del consabido kebab, la gastronom\u00eda turca es capaz de sorprender al viajero m\u00e1s exigente y, a apenas unos kil\u00f3metros, se pueden encontrar playas espectaculares. <\/p>\n<p>Ya no hay excusas para quedarse en casa este verano. Solo hay que elegir el destino que prefieras y empezar a disfrutar de nuevo este verano de los lugares m\u00e1s atractivos de Europa.<\/p>\n<p><a rel=\"nofollow noopener\" target=\"_blank\" class=\"boton-comentarios\" href=\"#ancla_comentarios\" title=\"Ver los comentarios\" data-voc-comments-count=\"a6b06b5a-dcfe-11ec-a987-0d2ee9595764\" data-voc-comments-count-zero-text=\"\" data-voc-comments-count-show-zero=\"false\" data-voc-comments-count-action=\"abc:comments:countForButton\">Ver los<br \/>\n    <strong\/> comentarios<\/a><\/p>\n<aside id=\"widget_outbrain_293\" class=\"nibara-element\" data-nibara-module=\"outbrain\" data-template-outbrain=\"vocentoes\"\/><\/div>\n\n<p><em> &#8221; Fuentes www.abc.es &#8221; <\/em><\/p>\n","protected":false},"excerpt":{"rendered":"<p>Descuentos ABC Actualizado:06\/06\/2022\u00a018:31h Guardar El mes de mayo es el momento que todos solemos escoger para preparar las vacaciones de verano. Llega el momento de buscar un c\u00f3digo descuento Vueling para lograr vuelos m\u00e1s baratos y elegir el destino para el viaje del verano que llegar\u00e1 en julio o agosto. La votaci\u00f3n que hace el [&hellip;]<\/p>\n","protected":false},"author":4,"featured_media":334332,"comment_status":"open","ping_status":"closed","sticky":false,"template":"","format":"standard","meta":{"om_disable_all_campaigns":false,"jnews-multi-image_gallery":[],"jnews_single_post":[],"jnews_primary_category":[],"jnews_social_meta":[],"footnotes":""},"categories":[39],"tags":[8465],"class_list":["post-334331","post","type-post","status-publish","format-standard","has-post-thumbnail","hentry","category-viajes","tag-vueling"],"_links":{"self":[{"href":"https:\/\/dimensionturistica.com\/es\/wp-json\/wp\/v2\/posts\/334331","targetHints":{"allow":["GET"]}}],"collection":[{"href":"https:\/\/dimensionturistica.com\/es\/wp-json\/wp\/v2\/posts"}],"about":[{"href":"https:\/\/dimensionturistica.com\/es\/wp-json\/wp\/v2\/types\/post"}],"author":[{"embeddable":true,"href":"https:\/\/dimensionturistica.com\/es\/wp-json\/wp\/v2\/users\/4"}],"replies":[{"embeddable":true,"href":"https:\/\/dimensionturistica.com\/es\/wp-json\/wp\/v2\/comments?post=334331"}],"version-history":[{"count":0,"href":"https:\/\/dimensionturistica.com\/es\/wp-json\/wp\/v2\/posts\/334331\/revisions"}],"wp:featuredmedia":[{"embeddable":true,"href":"https:\/\/dimensionturistica.com\/es\/wp-json\/wp\/v2\/media\/334332"}],"wp:attachment":[{"href":"https:\/\/dimensionturistica.com\/es\/wp-json\/wp\/v2\/media?parent=334331"}],"wp:term":[{"taxonomy":"category","embeddable":true,"href":"https:\/\/dimensionturistica.com\/es\/wp-json\/wp\/v2\/categories?post=334331"},{"taxonomy":"post_tag","embeddable":true,"href":"https:\/\/dimensionturistica.com\/es\/wp-json\/wp\/v2\/tags?post=334331"}],"curies":[{"name":"wp","href":"https:\/\/api.w.org\/{rel}","templated":true}]}}