{"id":334315,"date":"2022-06-17T22:13:41","date_gmt":"2022-06-17T22:13:41","guid":{"rendered":"https:\/\/dimensionturistica.com\/es\/?p=334315"},"modified":"2022-06-17T22:13:41","modified_gmt":"2022-06-17T22:13:41","slug":"ihg-hotels-resorts-certificada-en-mexico-como-mejor-lugar-para-trabajar-por-equidad-lgbtq-iza-la-bandera-con-la-comunidad","status":"publish","type":"post","link":"https:\/\/dimensionturistica.com\/es\/ihg-hotels-resorts-certificada-en-mexico-como-mejor-lugar-para-trabajar-por-equidad-lgbtq-iza-la-bandera-con-la-comunidad\/","title":{"rendered":"IHG Hotels Resorts, certificada en M\u00e9xico como \u201cMejor Lugar para trabajar por Equidad LGBTQ+\u201d, iza la bandera con la comunidad"},"content":{"rendered":"<p><img decoding=\"async\" class=\"size-medium wp-image-334349 alignleft\" src=\"https:\/\/dimensionturistica.com\/es\/wp-content\/uploads\/2022\/06\/IMG-9366-225x300.jpg\" alt=\"\" width=\"225\" height=\"300\" srcset=\"https:\/\/dimensionturistica.com\/es\/wp-content\/uploads\/2022\/06\/IMG-9366-225x300.jpg 225w, https:\/\/dimensionturistica.com\/es\/wp-content\/uploads\/2022\/06\/IMG-9366-768x1024.jpg 768w, https:\/\/dimensionturistica.com\/es\/wp-content\/uploads\/2022\/06\/IMG-9366-1152x1536.jpg 1152w, https:\/\/dimensionturistica.com\/es\/wp-content\/uploads\/2022\/06\/IMG-9366-1536x2048.jpg 1536w, https:\/\/dimensionturistica.com\/es\/wp-content\/uploads\/2022\/06\/IMG-9366-750x1000.jpg 750w, https:\/\/dimensionturistica.com\/es\/wp-content\/uploads\/2022\/06\/IMG-9366-1140x1520.jpg 1140w, https:\/\/dimensionturistica.com\/es\/wp-content\/uploads\/2022\/06\/IMG-9366-scaled.jpg 1920w\" sizes=\"(max-width: 225px) 100vw, 225px\" \/>IHG Hotels\u00a0 Resorts (IHG), una de las compa\u00f1\u00edas hoteleras l\u00edderes en el mundo, celebr\u00f3 una ceremonia de izamiento de la bandera representativa de la comunidad LGBTQ+ en el ic\u00f3nico Hotel Presidente InterContinental Ciudad de M\u00e9xico, en la que directivos abordaron los compromisos en el \u00e1rea de \u2018 Nuestra Gente y Comunidades\u2019 que forman parte del plan vigente de responsabilidad corporativa y social de IHG \u201cJourney to Tomorrow\u201d.<br \/>\nCentrados en la equidad, la diversidad y la inclusi\u00f3n, el grupo hotelero reconoce y celebra la diversidad en su gente y las comunicades en las que opera y que hacen de nuestro mundo un lugar donde todos pueden prosperar. En presencia de colaboradores, activistas, <img decoding=\"async\" class=\"size-medium wp-image-334348 alignleft\" src=\"https:\/\/dimensionturistica.com\/es\/wp-content\/uploads\/2022\/06\/IMG-9381-1-225x300.jpg\" alt=\"\" width=\"225\" height=\"300\" srcset=\"https:\/\/dimensionturistica.com\/es\/wp-content\/uploads\/2022\/06\/IMG-9381-1-225x300.jpg 225w, https:\/\/dimensionturistica.com\/es\/wp-content\/uploads\/2022\/06\/IMG-9381-1-768x1024.jpg 768w, https:\/\/dimensionturistica.com\/es\/wp-content\/uploads\/2022\/06\/IMG-9381-1-1152x1536.jpg 1152w, https:\/\/dimensionturistica.com\/es\/wp-content\/uploads\/2022\/06\/IMG-9381-1-1536x2048.jpg 1536w, https:\/\/dimensionturistica.com\/es\/wp-content\/uploads\/2022\/06\/IMG-9381-1-750x1000.jpg 750w, https:\/\/dimensionturistica.com\/es\/wp-content\/uploads\/2022\/06\/IMG-9381-1-1140x1520.jpg 1140w, https:\/\/dimensionturistica.com\/es\/wp-content\/uploads\/2022\/06\/IMG-9381-1-scaled.jpg 1920w\" sizes=\"(max-width: 225px) 100vw, 225px\" \/>prensa y creadores de contenido, que representan esta diversidad, se izaron banderas emblem\u00e1ticas del movimiento por Francisco Robledo, socio fundador de ADIL, Mauricio Orenday, Sr. Brand PR Manager para M\u00e9xico Am\u00e9rica Latina y el Caribe en IHG y Jean Prioux, Subgerente de la propiedad y siguieron palabras por Alberto Arriaga, Director General de Pride Connection M\u00e9xico y Julien Debarle, Vicepresidente de Operaciones de Grupo Presidente.<br \/>\nJulien Debarle, Vicepresidente de Operaciones de Grupo Presidente, coment\u00f3: \u201cComo socios comerciales de IHG, nos adherimos a sus principios en este sentido y promovemos una cultura diversa e incluyente donde todos puedan prosperar, nuestra principal estrategia es seguir predicando con el ejemplo\u201d.<br \/>\nIHG Hotels &amp;amp; Resorts est\u00e1 afiliada a Pride Connection M\u00e9xico, una asociaci\u00f3n dedicada a compartir y difundir mejores pr\u00e1cticas, fomentar la educaci\u00f3n y propiciar el networking con enfoque LGBT en el \u00e1mbito corporativo, para crear espacios seguros.<br \/>\nEste 2022, IHG recibi\u00f3 por octavo a\u00f1o la Certificaci\u00f3n \u201cMejor Lugar para trabajar por Equidad LGBT\u201d, de Human Rights Campaign, en Estados Unidos, <img decoding=\"async\" class=\"size-medium wp-image-334350 alignright\" src=\"https:\/\/dimensionturistica.com\/es\/wp-content\/uploads\/2022\/06\/IMG-9377-225x300.jpg\" alt=\"\" width=\"225\" height=\"300\" srcset=\"https:\/\/dimensionturistica.com\/es\/wp-content\/uploads\/2022\/06\/IMG-9377-225x300.jpg 225w, https:\/\/dimensionturistica.com\/es\/wp-content\/uploads\/2022\/06\/IMG-9377.jpg 500w\" sizes=\"(max-width: 225px) 100vw, 225px\" \/>y por primera ocasi\u00f3n en M\u00e9xico.<br \/>\nMauricio Orenday, Sr. Brand PR Manager para M\u00e9xico Am\u00e9rica Latina y el Caribe en IHG, Francisco Robledo, socio fundador de ADIL M\u00e9xico y Jean Prioux, Subgerente del Hotel Presidente InterContinental Polanco, izan la bandera de la comunidad LGBTQ+.<br \/>\nPara conocer m\u00e1s acerca de las actividades que realiza IHG alredor del mundo, visita: https:\/\/www.ihgplc.com\/en\/news-and-media\/news-releases\/2022\/pride- around-the-world-celebrate-lgbtq-month-with-ihg-hotels-and-resorts<br \/>\nDescubre m\u00e1s en<br \/>\n@IHGnewsroom<\/p>\n","protected":false},"excerpt":{"rendered":"<p>IHG Hotels\u00a0 Resorts (IHG), una de las compa\u00f1\u00edas hoteleras l\u00edderes en el mundo, celebr\u00f3 una ceremonia de izamiento de la bandera representativa de la comunidad LGBTQ+ en el ic\u00f3nico Hotel Presidente InterContinental Ciudad de M\u00e9xico, en la que directivos abordaron los compromisos en el \u00e1rea de \u2018 Nuestra Gente y Comunidades\u2019 que forman parte del [&hellip;]<\/p>\n","protected":false},"author":1,"featured_media":334347,"comment_status":"open","ping_status":"closed","sticky":false,"template":"","format":"standard","meta":{"om_disable_all_campaigns":false,"jnews-multi-image_gallery":[],"jnews_single_post":{"source_name":"","source_url":"","via_name":"","via_url":"","override_template":"0","override":[{"template":"1","single_blog_custom":"","parallax":"1","fullscreen":"1","layout":"right-sidebar","sidebar":"default-sidebar","second_sidebar":"default-sidebar","sticky_sidebar":"1","share_position":"top","share_float_style":"share-monocrhome","show_share_counter":"1","show_view_counter":"1","show_featured":"1","show_post_meta":"1","show_post_author":"1","show_post_author_image":"1","show_post_date":"1","post_date_format":"default","post_date_format_custom":"Y\/m\/d","show_post_category":"1","show_post_reading_time":"0","post_reading_time_wpm":"300","show_zoom_button":"0","zoom_button_out_step":"2","zoom_button_in_step":"3","show_post_tag":"1","show_prev_next_post":"1","show_popup_post":"1","number_popup_post":"1","show_author_box":"0","show_post_related":"0","show_inline_post_related":"0"}],"override_image_size":"0","image_override":[{"single_post_thumbnail_size":"crop-500","single_post_gallery_size":"crop-500"}],"trending_post":"0","trending_post_position":"meta","trending_post_label":"Trending","sponsored_post":"0","sponsored_post_label":"Sponsored by","sponsored_post_name":"","sponsored_post_url":"","sponsored_post_logo_enable":"0","sponsored_post_logo":"","sponsored_post_desc":"","disable_ad":"0"},"jnews_primary_category":{"id":""},"jnews_social_meta":{"fb_title":"","fb_description":"","fb_image":"","twitter_title":"","twitter_description":"","twitter_image":""},"footnotes":""},"categories":[40],"tags":[],"class_list":["post-334315","post","type-post","status-publish","format-standard","has-post-thumbnail","hentry","category-industria"],"_links":{"self":[{"href":"https:\/\/dimensionturistica.com\/es\/wp-json\/wp\/v2\/posts\/334315","targetHints":{"allow":["GET"]}}],"collection":[{"href":"https:\/\/dimensionturistica.com\/es\/wp-json\/wp\/v2\/posts"}],"about":[{"href":"https:\/\/dimensionturistica.com\/es\/wp-json\/wp\/v2\/types\/post"}],"author":[{"embeddable":true,"href":"https:\/\/dimensionturistica.com\/es\/wp-json\/wp\/v2\/users\/1"}],"replies":[{"embeddable":true,"href":"https:\/\/dimensionturistica.com\/es\/wp-json\/wp\/v2\/comments?post=334315"}],"version-history":[{"count":0,"href":"https:\/\/dimensionturistica.com\/es\/wp-json\/wp\/v2\/posts\/334315\/revisions"}],"wp:featuredmedia":[{"embeddable":true,"href":"https:\/\/dimensionturistica.com\/es\/wp-json\/wp\/v2\/media\/334347"}],"wp:attachment":[{"href":"https:\/\/dimensionturistica.com\/es\/wp-json\/wp\/v2\/media?parent=334315"}],"wp:term":[{"taxonomy":"category","embeddable":true,"href":"https:\/\/dimensionturistica.com\/es\/wp-json\/wp\/v2\/categories?post=334315"},{"taxonomy":"post_tag","embeddable":true,"href":"https:\/\/dimensionturistica.com\/es\/wp-json\/wp\/v2\/tags?post=334315"}],"curies":[{"name":"wp","href":"https:\/\/api.w.org\/{rel}","templated":true}]}}