{"id":334311,"date":"2022-06-17T21:10:34","date_gmt":"2022-06-17T21:10:34","guid":{"rendered":"https:\/\/dimensionturistica.com\/es\/?p=334311"},"modified":"2022-06-17T21:10:34","modified_gmt":"2022-06-17T21:10:34","slug":"richard-branson-apuesta-por-espana-con-la-apertura-de-un-nuevo-hotel","status":"publish","type":"post","link":"https:\/\/dimensionturistica.com\/es\/richard-branson-apuesta-por-espana-con-la-apertura-de-un-nuevo-hotel\/","title":{"rendered":"Richard Branson apuesta por Espa\u00f1a con la apertura de un nuevo hotel"},"content":{"rendered":"<p> <br \/>\n<\/p>\n<div id=\"\">\n<p><strong>Virgin Restricted Version<\/strong> es sin\u00f3nimo de exclusividad. La marca de Virgin Group, empresa propiedad de <strong>Richard Branson<\/strong>, aglutina algunos de los mejores hoteles del mundo. Ahora, Branson <strong>ha apostado por Espa\u00f1a para abrir su nuevo establecimiento.<\/strong><\/p>\n<aside class=\"morenews\">\n<h3>Noticias relacionadas<\/h3>\n<\/aside>\n<p>Estar\u00e1 situado <strong>en Mallorca, concretamente en la Finca Son Buyola <\/strong>(Tramuntana), y su inauguraci\u00f3n est\u00e1 prevista para <strong>junio de 2023<\/strong>. La finca, que information del siglo XV y est\u00e1 rodeada de vi\u00f1edos, limoneros, naranjos, almendros y olivos, es un monumento hist\u00f3rico.<\/p>\n<div data-oembed-type=\"youtube\" class=\"body-components__oembed st-swap-parent st-swap--active youtube-player-preview\">\n<figure><picture><source srcset=\"&#10;              https:\/\/img.youtube.com\/vi_webp\/_NU2cZswwWc\/hqdefault.webp 480w,&#10;              https:\/\/img.youtube.com\/vi_webp\/_NU2cZswwWc\/sddefault.webp 640w&#10;            \" type=\"image\/webp\"\/><img alt=\"In aller Ruhe geniessen. Son Bunyola Hotel &amp; Villas, Mallorca.\" src=\"https:\/\/img.youtube.com\/vi\/_NU2cZswwWc\/sddefault.jpg\" srcset=\"&#10;              https:\/\/img.youtube.com\/vi\/_NU2cZswwWc\/hqdefault.jpg 420w,&#10;              https:\/\/img.youtube.com\/vi\/_NU2cZswwWc\/sddefault.jpg 640w&#10;            \" sizes=\"auto, (max-width: 480px) calc(100vw - 16px), 600px\" width=\"100%\" loading=\"lazy\" decoding=\"async\"\/><\/picture><\/figure>\n<p><button class=\"play-button\" aria-label=\"Reproducir v\u00eddeo\"><svg width=\"100%\" height=\"100%\" version=\"1.1\" viewbox=\"0 0 68 48\" focusable=\"false\" role=\"presentation\"><path d=\"M66.52,7.74c-0.78-2.93-2.49-5.41-5.42-6.19C55.79,.13,34,0,34,0S12.21,.13,6.9,1.55 C3.97,2.33,2.27,4.81,1.48,7.74C0.06,13.05,0,24,0,24s0.06,10.95,1.48,16.26c0.78,2.93,2.49,5.41,5.42,6.19 C12.21,47.87,34,48,34,48s21.79-0.13,27.1-1.55c2.93-0.78,4.64-3.26,5.42-6.19C67.94,34.95,68,24,68,24S67.94,13.05,66.52,7.74z\" fill=\"#f00\"\/><path d=\"M 45,24 27,14 27,34\" fill=\"#fff\"\/><\/svg><\/button><template><\/p>\n<div class=\"jeg_video_container jeg_video_content\"><iframe loading=\"lazy\" title=\"In aller Ruhe geniessen. Son Bunyola Hotel &amp; Villas, Mallorca.\" width=\"500\" height=\"281\" src=\"https:\/\/www.youtube.com\/embed\/_NU2cZswwWc?feature=oembed\" frameborder=\"0\" allow=\"accelerometer; autoplay; clipboard-write; encrypted-media; gyroscope; picture-in-picture; web-share\" referrerpolicy=\"strict-origin-when-cross-origin\" allowfullscreen><\/iframe><\/div>\n<p>          <\/template><\/div>\n<p>\u201cLa costa noroeste de Mallorca siempre ha sido un lugar muy especial para Sir Richard Branson y Virgin Limited Edition y estamos encantados de tener la oportunidad de restaurar esta hermosa finca, honrar su rica historia e impulsar m\u00e1s turismo a esta hermosa isla\u201d, ha explicado <strong>Jon Brown<\/strong>, director basic de Virgin Restricted Version.<\/p>\n<p>El resort se distribuir\u00e1 a lo largo de<strong> 810 hect\u00e1reas y constar\u00e1 de 28 habitaciones<\/strong>, incluidas dos \u2018Torres Suites\u2019, una de las cuales fue originalmente una torre de defensa medieval. El resort ofrecer\u00e1 dos restaurantes, salones, varias terrazas para comer en el exterior y una impresionante piscina con incre\u00edbles vistas de los alrededores y a Sa Foradada.<\/p>\n<aside style=\"max-width:615px;min-width:300px;width:100%;height:462px\" class=\"ad all sunmedia1 bg-placeholder \"\/>\n<p><strong>Su est\u00e9tica respetar\u00e1 al m\u00e1ximo la del edificio hist\u00f3rico<\/strong>. Para ello, se est\u00e1n empleando materiales locales, y el objetivo es combinar a la perfecci\u00f3n los elementos de nuevo dise\u00f1o con los m\u00e1s tradicionales del monumento, como la carpinter\u00eda de madera, los arcos de piedra o el trabajo en hierro forjado.<\/p>\n<p>Y como el establecimiento est\u00e1 situado en uno de los pulmones de la isla, el proyecto basar\u00e1 su evoluci\u00f3n en la <strong>sostenibilidad<\/strong>. As\u00ed, el agua caliente del resort ser\u00e1 precalentada utilizando energ\u00eda almacenada de los sistemas de aire acondicionado y refrigeraci\u00f3n. Adem\u00e1s, la caldera de biomasa ser\u00e1 alimentada con astillas de madera reciclada y se potenciar\u00e1 el aislamiento t\u00e9rmino de la estructura durante la construcci\u00f3n.<\/p>\n<\/div>\n\n<p><em> &#8221; Fuentes www.larazon.es &#8221; <\/em><\/p>\n","protected":false},"excerpt":{"rendered":"<p>Virgin Restricted Version es sin\u00f3nimo de exclusividad. La marca de Virgin Group, empresa propiedad de Richard Branson, aglutina algunos de los mejores hoteles del mundo. Ahora, Branson ha apostado por Espa\u00f1a para abrir su nuevo establecimiento. Noticias relacionadas Estar\u00e1 situado en Mallorca, concretamente en la Finca Son Buyola (Tramuntana), y su inauguraci\u00f3n est\u00e1 prevista para [&hellip;]<\/p>\n","protected":false},"author":4,"featured_media":334312,"comment_status":"open","ping_status":"closed","sticky":false,"template":"","format":"standard","meta":{"om_disable_all_campaigns":false,"jnews-multi-image_gallery":[],"jnews_single_post":[],"jnews_primary_category":[],"jnews_social_meta":[],"footnotes":""},"categories":[39],"tags":[1289],"class_list":["post-334311","post","type-post","status-publish","format-standard","has-post-thumbnail","hentry","category-viajes","tag-hoteles"],"_links":{"self":[{"href":"https:\/\/dimensionturistica.com\/es\/wp-json\/wp\/v2\/posts\/334311","targetHints":{"allow":["GET"]}}],"collection":[{"href":"https:\/\/dimensionturistica.com\/es\/wp-json\/wp\/v2\/posts"}],"about":[{"href":"https:\/\/dimensionturistica.com\/es\/wp-json\/wp\/v2\/types\/post"}],"author":[{"embeddable":true,"href":"https:\/\/dimensionturistica.com\/es\/wp-json\/wp\/v2\/users\/4"}],"replies":[{"embeddable":true,"href":"https:\/\/dimensionturistica.com\/es\/wp-json\/wp\/v2\/comments?post=334311"}],"version-history":[{"count":0,"href":"https:\/\/dimensionturistica.com\/es\/wp-json\/wp\/v2\/posts\/334311\/revisions"}],"wp:featuredmedia":[{"embeddable":true,"href":"https:\/\/dimensionturistica.com\/es\/wp-json\/wp\/v2\/media\/334312"}],"wp:attachment":[{"href":"https:\/\/dimensionturistica.com\/es\/wp-json\/wp\/v2\/media?parent=334311"}],"wp:term":[{"taxonomy":"category","embeddable":true,"href":"https:\/\/dimensionturistica.com\/es\/wp-json\/wp\/v2\/categories?post=334311"},{"taxonomy":"post_tag","embeddable":true,"href":"https:\/\/dimensionturistica.com\/es\/wp-json\/wp\/v2\/tags?post=334311"}],"curies":[{"name":"wp","href":"https:\/\/api.w.org\/{rel}","templated":true}]}}