{"id":334165,"date":"2022-06-17T18:29:46","date_gmt":"2022-06-17T18:29:46","guid":{"rendered":"https:\/\/dimensionturistica.com\/es\/?p=334165"},"modified":"2022-06-17T18:29:46","modified_gmt":"2022-06-17T18:29:46","slug":"inicia-en-tamaulipas-la-tercera-convencion-nacional-de-los-centros-de-atencion-y-proteccion-al-turista","status":"publish","type":"post","link":"https:\/\/dimensionturistica.com\/es\/inicia-en-tamaulipas-la-tercera-convencion-nacional-de-los-centros-de-atencion-y-proteccion-al-turista\/","title":{"rendered":"Inicia en Tamaulipas la Tercera Convenci\u00f3n Nacional de los Centros de Atenci\u00f3n y Protecci\u00f3n al Turista"},"content":{"rendered":"<p><img decoding=\"async\" class=\"size-medium wp-image-334216 alignright\" src=\"https:\/\/dimensionturistica.com\/es\/wp-content\/uploads\/2022\/06\/2-3-300x200.jpg\" alt=\"\" width=\"300\" height=\"200\" srcset=\"https:\/\/dimensionturistica.com\/es\/wp-content\/uploads\/2022\/06\/2-3-300x200.jpg 300w, https:\/\/dimensionturistica.com\/es\/wp-content\/uploads\/2022\/06\/2-3-1024x682.jpg 1024w, https:\/\/dimensionturistica.com\/es\/wp-content\/uploads\/2022\/06\/2-3-768x512.jpg 768w, https:\/\/dimensionturistica.com\/es\/wp-content\/uploads\/2022\/06\/2-3-750x500.jpg 750w, https:\/\/dimensionturistica.com\/es\/wp-content\/uploads\/2022\/06\/2-3-1140x760.jpg 1140w, https:\/\/dimensionturistica.com\/es\/wp-content\/uploads\/2022\/06\/2-3.jpg 1280w\" sizes=\"(max-width: 300px) 100vw, 300px\" \/>Promoviendo la cultura de la prevenci\u00f3n, la profesionalizaci\u00f3n y competitividad de los Centros de Atenci\u00f3n y Protecci\u00f3n al Turista en el pa\u00eds, Tamaulipas es la sede de la tercera Convenci\u00f3n Nacional de los CAPTAs.<br \/>\nLos trabajos de este encuentro son presididos por el secretario de Turismo de Tamaulipas, Fernando Olivera Rocha y por el director general de Profesionalizaci\u00f3n y Competitividad Tur\u00edstica de la Secretar\u00eda de Turismo de M\u00e9xico, Ram\u00f3n Mart\u00ednez Gasca.<img decoding=\"async\" class=\"size-medium wp-image-334217 alignright\" src=\"https:\/\/dimensionturistica.com\/es\/wp-content\/uploads\/2022\/06\/4-2-300x200.jpg\" alt=\"\" width=\"300\" height=\"200\" srcset=\"https:\/\/dimensionturistica.com\/es\/wp-content\/uploads\/2022\/06\/4-2-300x200.jpg 300w, https:\/\/dimensionturistica.com\/es\/wp-content\/uploads\/2022\/06\/4-2-1024x682.jpg 1024w, https:\/\/dimensionturistica.com\/es\/wp-content\/uploads\/2022\/06\/4-2-768x512.jpg 768w, https:\/\/dimensionturistica.com\/es\/wp-content\/uploads\/2022\/06\/4-2-750x500.jpg 750w, https:\/\/dimensionturistica.com\/es\/wp-content\/uploads\/2022\/06\/4-2-1140x760.jpg 1140w, https:\/\/dimensionturistica.com\/es\/wp-content\/uploads\/2022\/06\/4-2.jpg 1280w\" sizes=\"(max-width: 300px) 100vw, 300px\" \/><br \/>\nRepresentantes de los CAPTAs de los estados de Baja California Sur, Quer\u00e9taro, Sinaloa, Quintana Roo, Oaxaca y Tamaulipas participan en esta convenci\u00f3n que tiene como objetivo ampliar el modelo a m\u00e1s destinos tur\u00edsticos, generando esquemas de buenas pr\u00e1cticas de operaci\u00f3n y coordinaci\u00f3n entre los tres niveles de gobierno.<br \/>\nDurante el encuentro se trabajar\u00e1 en la conformaci\u00f3n de nuevos modelos de prevenci\u00f3n para garantizar la seguridad y mejora de la experiencia a los visitantes, elevando con ello la competitividad de los destinos tur\u00edsticos.<br \/>\nPromoviendo la creaci\u00f3n de programas de capacitaci\u00f3n dise\u00f1ados a los problem\u00e1ticas particulares presentadas en los destinos y estableciendo protocolos para bajar la estad\u00edstica de incidencias y mejorar la seguridad de los turistas.<br \/>\n\u201cDesde su inauguraci\u00f3n en marzo del 2018, el CAPTA Miramar nos ha dado<img decoding=\"async\" class=\"size-medium wp-image-334218 alignright\" src=\"https:\/\/dimensionturistica.com\/es\/wp-content\/uploads\/2022\/06\/5-1-300x200.jpg\" alt=\"\" width=\"300\" height=\"200\" srcset=\"https:\/\/dimensionturistica.com\/es\/wp-content\/uploads\/2022\/06\/5-1-300x200.jpg 300w, https:\/\/dimensionturistica.com\/es\/wp-content\/uploads\/2022\/06\/5-1-1024x682.jpg 1024w, https:\/\/dimensionturistica.com\/es\/wp-content\/uploads\/2022\/06\/5-1-768x512.jpg 768w, https:\/\/dimensionturistica.com\/es\/wp-content\/uploads\/2022\/06\/5-1-750x500.jpg 750w, https:\/\/dimensionturistica.com\/es\/wp-content\/uploads\/2022\/06\/5-1-1140x760.jpg 1140w, https:\/\/dimensionturistica.com\/es\/wp-content\/uploads\/2022\/06\/5-1.jpg 1280w\" sizes=\"(max-width: 300px) 100vw, 300px\" \/> la oportunidad de trabajar integralmente este modelo de servicio en nuestro m\u00e1ximo paseo tur\u00edstico del estado. Convirti\u00e9ndose en una oportunidad para colaborar juntos dependencias federales, estatales, municipales y aliados en beneficio de nuestros amigos turistas\u201d, mencion\u00f3 el secretario<img decoding=\"async\" class=\"size-medium wp-image-334219 alignright\" src=\"https:\/\/dimensionturistica.com\/es\/wp-content\/uploads\/2022\/06\/6-3-300x200.jpg\" alt=\"\" width=\"300\" height=\"200\" srcset=\"https:\/\/dimensionturistica.com\/es\/wp-content\/uploads\/2022\/06\/6-3-300x200.jpg 300w, https:\/\/dimensionturistica.com\/es\/wp-content\/uploads\/2022\/06\/6-3-1024x682.jpg 1024w, https:\/\/dimensionturistica.com\/es\/wp-content\/uploads\/2022\/06\/6-3-768x512.jpg 768w, https:\/\/dimensionturistica.com\/es\/wp-content\/uploads\/2022\/06\/6-3-750x500.jpg 750w, https:\/\/dimensionturistica.com\/es\/wp-content\/uploads\/2022\/06\/6-3-1140x760.jpg 1140w, https:\/\/dimensionturistica.com\/es\/wp-content\/uploads\/2022\/06\/6-3.jpg 1280w\" sizes=\"(max-width: 300px) 100vw, 300px\" \/> Olivera Rocha.<br \/>\nDentro de la jornada inaugural se cont\u00f3 con la participaci\u00f3n de la secretaria de Salud de Tamaulipas, Gloria Molina Gamboa, quien expuso la conferencia \u201cBioseguridad en los destinos tur\u00edsticos, nuevas amenazas\u201d.<br \/>\nDestacando ponencias complementarias como \u201cEl uso de la tecnolog\u00eda, innovaci\u00f3n y tendencias para destinos tur\u00edsticos\u201d y el \u201cRol de los CAPTAs durante la pandemia del COVID-19\u201d.<\/p>\n","protected":false},"excerpt":{"rendered":"<p>Promoviendo la cultura de la prevenci\u00f3n, la profesionalizaci\u00f3n y competitividad de los Centros de Atenci\u00f3n y Protecci\u00f3n al Turista en el pa\u00eds, Tamaulipas es la sede de la tercera Convenci\u00f3n Nacional de los CAPTAs. Los trabajos de este encuentro son presididos por el secretario de Turismo de Tamaulipas, Fernando Olivera Rocha y por el director [&hellip;]<\/p>\n","protected":false},"author":1,"featured_media":334215,"comment_status":"open","ping_status":"closed","sticky":false,"template":"","format":"standard","meta":{"om_disable_all_campaigns":false,"jnews-multi-image_gallery":[],"jnews_single_post":{"source_name":"","source_url":"","via_name":"","via_url":"","override_template":"0","override":[{"template":"1","single_blog_custom":"","parallax":"1","fullscreen":"1","layout":"right-sidebar","sidebar":"default-sidebar","second_sidebar":"default-sidebar","sticky_sidebar":"1","share_position":"top","share_float_style":"share-monocrhome","show_share_counter":"1","show_view_counter":"1","show_featured":"1","show_post_meta":"1","show_post_author":"1","show_post_author_image":"1","show_post_date":"1","post_date_format":"default","post_date_format_custom":"Y\/m\/d","show_post_category":"1","show_post_reading_time":"0","post_reading_time_wpm":"300","show_zoom_button":"0","zoom_button_out_step":"2","zoom_button_in_step":"3","show_post_tag":"1","show_prev_next_post":"1","show_popup_post":"1","number_popup_post":"1","show_author_box":"0","show_post_related":"0","show_inline_post_related":"0"}],"override_image_size":"0","image_override":[{"single_post_thumbnail_size":"crop-500","single_post_gallery_size":"crop-500"}],"trending_post":"0","trending_post_position":"meta","trending_post_label":"Trending","sponsored_post":"0","sponsored_post_label":"Sponsored by","sponsored_post_name":"","sponsored_post_url":"","sponsored_post_logo_enable":"0","sponsored_post_logo":"","sponsored_post_desc":"","disable_ad":"0"},"jnews_primary_category":{"id":""},"jnews_social_meta":{"fb_title":"","fb_description":"","fb_image":"","twitter_title":"","twitter_description":"","twitter_image":""},"footnotes":""},"categories":[39],"tags":[],"class_list":["post-334165","post","type-post","status-publish","format-standard","has-post-thumbnail","hentry","category-viajes"],"_links":{"self":[{"href":"https:\/\/dimensionturistica.com\/es\/wp-json\/wp\/v2\/posts\/334165","targetHints":{"allow":["GET"]}}],"collection":[{"href":"https:\/\/dimensionturistica.com\/es\/wp-json\/wp\/v2\/posts"}],"about":[{"href":"https:\/\/dimensionturistica.com\/es\/wp-json\/wp\/v2\/types\/post"}],"author":[{"embeddable":true,"href":"https:\/\/dimensionturistica.com\/es\/wp-json\/wp\/v2\/users\/1"}],"replies":[{"embeddable":true,"href":"https:\/\/dimensionturistica.com\/es\/wp-json\/wp\/v2\/comments?post=334165"}],"version-history":[{"count":0,"href":"https:\/\/dimensionturistica.com\/es\/wp-json\/wp\/v2\/posts\/334165\/revisions"}],"wp:featuredmedia":[{"embeddable":true,"href":"https:\/\/dimensionturistica.com\/es\/wp-json\/wp\/v2\/media\/334215"}],"wp:attachment":[{"href":"https:\/\/dimensionturistica.com\/es\/wp-json\/wp\/v2\/media?parent=334165"}],"wp:term":[{"taxonomy":"category","embeddable":true,"href":"https:\/\/dimensionturistica.com\/es\/wp-json\/wp\/v2\/categories?post=334165"},{"taxonomy":"post_tag","embeddable":true,"href":"https:\/\/dimensionturistica.com\/es\/wp-json\/wp\/v2\/tags?post=334165"}],"curies":[{"name":"wp","href":"https:\/\/api.w.org\/{rel}","templated":true}]}}