{"id":334133,"date":"2022-06-17T16:53:14","date_gmt":"2022-06-17T16:53:14","guid":{"rendered":"https:\/\/dimensionturistica.com\/es\/?p=334133"},"modified":"2022-06-17T16:53:14","modified_gmt":"2022-06-17T16:53:14","slug":"agentes-de-viajes-de-sevilla-viajan-a-la-provincia-de-castellon","status":"publish","type":"post","link":"https:\/\/dimensionturistica.com\/es\/agentes-de-viajes-de-sevilla-viajan-a-la-provincia-de-castellon\/","title":{"rendered":"Agentes de viajes de Sevilla viajan a la provincia de Castell\u00f3n."},"content":{"rendered":"<p> <br \/>\n<\/p>\n<div>\n<p>Sevilla, 17 de junio de 2022<\/p>\n<p>La conexi\u00f3n a\u00e9rea directa entre los aeropuertos de Sevilla y Castell\u00f3n, operada dos d\u00edas a la semana por la compa\u00f1\u00eda Air Nostrum, ha permitido incrementar la relaci\u00f3n tur\u00edstica entre ambos territorios. Por ello, una decena de agentes de viajes sevillanos han visitado varias poblaciones castellonenses para comprobar de primera mano los atractivos de la zona.<\/p>\n<p>As\u00ed se han desplazado hasta Benic\u00e0ssim, Montanejos, Pe\u00f1\u00edscola, Morella y Cinc Torres, pudiendo verificar que tanto a nivel de turismo de sol y playa como de naturaleza y cultura, el destino tiene grandes atributos que permiten sea ofertado a los clientes de las agencias de viajes de Sevilla.<\/p>\n<p>Durante el viaje han mantenido encuentros con el presidente de Introducing Castell\u00f3n, Javier Gallego, y con el Director Adjunto del Aeropuerto de Castell\u00f3n, Enrique Vidal, quien les ha trasladado los planes de expansi\u00f3n de este aer\u00f3dromo.<\/p>\n<p>Jos\u00e9 Manuel Lastra, presidente de AEVISE, se muestra muy satisfecho con esta acci\u00f3n: \u201cHemos comprobado de primera mano como podemos incorporar a nuestro portfolio de productos un destino a\u00fan desconocido para el p\u00fablico sevillano, teniendo en estos momentos la gran ventaja que nos ofrece disponer de un vuelo que conecta ambas ciudades en menos de una hora. Sus playas y naturaleza, unidas a joyas cargadas de cultura e historia, como Pe\u00f1\u00edscola y Morella, hacen de Castell\u00f3n una provincia que debe ser muy tenida en cuenta de cara tanto a las inminentes vacaciones de verano como para escapadas a lo largo de todo el a\u00f1o. Asimismo, nuestras agencias receptivas pueden aprovechar el vuelo directo de Air Nostrum para ofrecer el producto Sevilla a los castellonenses, incrementando as\u00ed la llegada de turistas provenientes de la comunidad valenciana, que en 2019 generaron m\u00e1s de 150.000 pernoctaciones en nuestra ciudad\u201d.<\/p>\n<div class=\"wysiwyg-photo\">\n<div class=\"wysiwyg-photo\"><img decoding=\"async\" src=\"https:\/\/static.hosteltur.com\/app\/public\/uploads\/img\/releases\/2022\/06\/17\/L_183252_fam-castellon.jpg\" alt=\"Imagen nota de prensa Hosteltur\" width=\"382\" height=\"506\"\/><\/div>\n<div class=\"wysiwyg-photo\"><img decoding=\"async\" src=\"https:\/\/static.hosteltur.com\/app\/public\/uploads\/img\/releases\/2022\/06\/17\/L_183308_castellon.jpg\" alt=\"Imagen nota de prensa Hosteltur\" width=\"259\" height=\"190\"\/><\/div><\/div><\/div>\n\n<p><em> &#8221; Fuentes www.hosteltur.com &#8221; <\/em><\/p>\n","protected":false},"excerpt":{"rendered":"<p>Sevilla, 17 de junio de 2022 La conexi\u00f3n a\u00e9rea directa entre los aeropuertos de Sevilla y Castell\u00f3n, operada dos d\u00edas a la semana por la compa\u00f1\u00eda Air Nostrum, ha permitido incrementar la relaci\u00f3n tur\u00edstica entre ambos territorios. Por ello, una decena de agentes de viajes sevillanos han visitado varias poblaciones castellonenses para comprobar de primera [&hellip;]<\/p>\n","protected":false},"author":4,"featured_media":334134,"comment_status":"open","ping_status":"closed","sticky":false,"template":"","format":"standard","meta":{"om_disable_all_campaigns":false,"jnews-multi-image_gallery":[],"jnews_single_post":[],"jnews_primary_category":[],"jnews_social_meta":[],"footnotes":""},"categories":[39],"tags":[572],"class_list":["post-334133","post","type-post","status-publish","format-standard","has-post-thumbnail","hentry","category-viajes","tag-distribucion"],"_links":{"self":[{"href":"https:\/\/dimensionturistica.com\/es\/wp-json\/wp\/v2\/posts\/334133","targetHints":{"allow":["GET"]}}],"collection":[{"href":"https:\/\/dimensionturistica.com\/es\/wp-json\/wp\/v2\/posts"}],"about":[{"href":"https:\/\/dimensionturistica.com\/es\/wp-json\/wp\/v2\/types\/post"}],"author":[{"embeddable":true,"href":"https:\/\/dimensionturistica.com\/es\/wp-json\/wp\/v2\/users\/4"}],"replies":[{"embeddable":true,"href":"https:\/\/dimensionturistica.com\/es\/wp-json\/wp\/v2\/comments?post=334133"}],"version-history":[{"count":0,"href":"https:\/\/dimensionturistica.com\/es\/wp-json\/wp\/v2\/posts\/334133\/revisions"}],"wp:featuredmedia":[{"embeddable":true,"href":"https:\/\/dimensionturistica.com\/es\/wp-json\/wp\/v2\/media\/334134"}],"wp:attachment":[{"href":"https:\/\/dimensionturistica.com\/es\/wp-json\/wp\/v2\/media?parent=334133"}],"wp:term":[{"taxonomy":"category","embeddable":true,"href":"https:\/\/dimensionturistica.com\/es\/wp-json\/wp\/v2\/categories?post=334133"},{"taxonomy":"post_tag","embeddable":true,"href":"https:\/\/dimensionturistica.com\/es\/wp-json\/wp\/v2\/tags?post=334133"}],"curies":[{"name":"wp","href":"https:\/\/api.w.org\/{rel}","templated":true}]}}