{"id":334070,"date":"2022-06-17T16:05:18","date_gmt":"2022-06-17T16:05:18","guid":{"rendered":"https:\/\/dimensionturistica.com\/es\/?p=334070"},"modified":"2022-06-17T16:05:18","modified_gmt":"2022-06-17T16:05:18","slug":"en-martes-ciudadano-turismo-apoya-a-atlixquenses-en-profesionalizacion-como-guias-turisticos","status":"publish","type":"post","link":"https:\/\/dimensionturistica.com\/es\/en-martes-ciudadano-turismo-apoya-a-atlixquenses-en-profesionalizacion-como-guias-turisticos\/","title":{"rendered":"En &#8220;Martes Ciudadano&#8221;, Turismo apoya a atlixquenses en profesionalizaci\u00f3n como gu\u00edas tur\u00edsticos"},"content":{"rendered":"<p><img decoding=\"async\" class=\"size-medium wp-image-334074 alignright\" src=\"https:\/\/dimensionturistica.com\/es\/wp-content\/uploads\/2022\/06\/unnamed-29-300x200.jpg\" alt=\"\" width=\"300\" height=\"200\" srcset=\"https:\/\/dimensionturistica.com\/es\/wp-content\/uploads\/2022\/06\/unnamed-29-300x200.jpg 300w, https:\/\/dimensionturistica.com\/es\/wp-content\/uploads\/2022\/06\/unnamed-29-1024x683.jpg 1024w, https:\/\/dimensionturistica.com\/es\/wp-content\/uploads\/2022\/06\/unnamed-29-768x512.jpg 768w, https:\/\/dimensionturistica.com\/es\/wp-content\/uploads\/2022\/06\/unnamed-29-1536x1024.jpg 1536w, https:\/\/dimensionturistica.com\/es\/wp-content\/uploads\/2022\/06\/unnamed-29-2048x1365.jpg 2048w, https:\/\/dimensionturistica.com\/es\/wp-content\/uploads\/2022\/06\/unnamed-29-750x500.jpg 750w, https:\/\/dimensionturistica.com\/es\/wp-content\/uploads\/2022\/06\/unnamed-29-1140x760.jpg 1140w\" sizes=\"(max-width: 300px) 100vw, 300px\" \/>Derivado de una solicitud en el \u201cMartes Ciudadano\u201d, la Secretar\u00eda de Turismo asesorar\u00e1 y apoyar\u00e1 a habitantes de este municipio para profesionalizarse como gu\u00edas tur\u00edsticos y que obtengan su certificado.<br \/>\nTal fue el caso del profesor jubilado de 65 a\u00f1os y gu\u00eda amateur, Guillermo Molina Reyes, quien se acerc\u00f3 al m\u00f3dulo de la dependencia para capacitarse y certificarse en dicha actividad. Ante esto, la secretaria Marta Ornelas Guerrero estableci\u00f3 enlace con la Direcci\u00f3n General de Innovaci\u00f3n y Capacitaci\u00f3n, a fin de dar seguimiento a su proceso y que pueda participar en los talleres de profesionalizaci\u00f3n.<br \/>\nAl respecto, Molina Reyes consider\u00f3 que, la estrategia impulsada por el<img decoding=\"async\" class=\"size-medium wp-image-334078 alignright\" src=\"https:\/\/dimensionturistica.com\/es\/wp-content\/uploads\/2022\/06\/unnamed-3-13-300x200.jpg\" alt=\"\" width=\"300\" height=\"200\" srcset=\"https:\/\/dimensionturistica.com\/es\/wp-content\/uploads\/2022\/06\/unnamed-3-13-300x200.jpg 300w, https:\/\/dimensionturistica.com\/es\/wp-content\/uploads\/2022\/06\/unnamed-3-13-1024x683.jpg 1024w, https:\/\/dimensionturistica.com\/es\/wp-content\/uploads\/2022\/06\/unnamed-3-13-768x512.jpg 768w, https:\/\/dimensionturistica.com\/es\/wp-content\/uploads\/2022\/06\/unnamed-3-13-1536x1024.jpg 1536w, https:\/\/dimensionturistica.com\/es\/wp-content\/uploads\/2022\/06\/unnamed-3-13-2048x1365.jpg 2048w, https:\/\/dimensionturistica.com\/es\/wp-content\/uploads\/2022\/06\/unnamed-3-13-750x500.jpg 750w, https:\/\/dimensionturistica.com\/es\/wp-content\/uploads\/2022\/06\/unnamed-3-13-1140x760.jpg 1140w\" sizes=\"(max-width: 300px) 100vw, 300px\" \/> gobernador Miguel Barbosa Huerta para acercar los servicios del Gobierno del Estado, genera en la poblaci\u00f3n confianza y muestra el inter\u00e9s de las autoridades por trabajar a favor de todos.<br \/>\nDurante la jornada, tambi\u00e9n Roberto L\u00f3pez Gonzaga, director de la turoperadora Atlixtur, recibi\u00f3 el sello Safe Travels por parte de la Secretar\u00eda que lo acredit\u00f3 como operador con<img decoding=\"async\" class=\"size-medium wp-image-334079 alignright\" src=\"https:\/\/dimensionturistica.com\/es\/wp-content\/uploads\/2022\/06\/unnamed-2-19-300x200.jpg\" alt=\"\" width=\"300\" height=\"200\" srcset=\"https:\/\/dimensionturistica.com\/es\/wp-content\/uploads\/2022\/06\/unnamed-2-19-300x200.jpg 300w, https:\/\/dimensionturistica.com\/es\/wp-content\/uploads\/2022\/06\/unnamed-2-19-1024x683.jpg 1024w, https:\/\/dimensionturistica.com\/es\/wp-content\/uploads\/2022\/06\/unnamed-2-19-768x512.jpg 768w, https:\/\/dimensionturistica.com\/es\/wp-content\/uploads\/2022\/06\/unnamed-2-19-1536x1024.jpg 1536w, https:\/\/dimensionturistica.com\/es\/wp-content\/uploads\/2022\/06\/unnamed-2-19-2048x1365.jpg 2048w, https:\/\/dimensionturistica.com\/es\/wp-content\/uploads\/2022\/06\/unnamed-2-19-750x500.jpg 750w, https:\/\/dimensionturistica.com\/es\/wp-content\/uploads\/2022\/06\/unnamed-2-19-1140x760.jpg 1140w\" sizes=\"(max-width: 300px) 100vw, 300px\" \/> pr\u00e1cticas sanitarias anti COVID.<br \/>\nMientras, Martha Acaitla, gerente del hotel Casa de la Audiencia, acudi\u00f3 a solicitar informaci\u00f3n para la renovaci\u00f3n de su Registro Nacional de Turismo. Consider\u00f3 que atender directamente en los municipios a los prestadores de servicios es una buena estrategia que les permite ahorrar tiempo y agilizar los tr\u00e1mites.<\/p>\n","protected":false},"excerpt":{"rendered":"<p>Derivado de una solicitud en el \u201cMartes Ciudadano\u201d, la Secretar\u00eda de Turismo asesorar\u00e1 y apoyar\u00e1 a habitantes de este municipio para profesionalizarse como gu\u00edas tur\u00edsticos y que obtengan su certificado. Tal fue el caso del profesor jubilado de 65 a\u00f1os y gu\u00eda amateur, Guillermo Molina Reyes, quien se acerc\u00f3 al m\u00f3dulo de la dependencia para [&hellip;]<\/p>\n","protected":false},"author":1,"featured_media":334080,"comment_status":"open","ping_status":"closed","sticky":false,"template":"","format":"standard","meta":{"om_disable_all_campaigns":false,"jnews-multi-image_gallery":[],"jnews_single_post":{"source_name":"","source_url":"","via_name":"","via_url":"","override_template":"0","override":[{"template":"1","single_blog_custom":"","parallax":"1","fullscreen":"1","layout":"right-sidebar","sidebar":"default-sidebar","second_sidebar":"default-sidebar","sticky_sidebar":"1","share_position":"top","share_float_style":"share-monocrhome","show_share_counter":"1","show_view_counter":"1","show_featured":"1","show_post_meta":"1","show_post_author":"1","show_post_author_image":"1","show_post_date":"1","post_date_format":"default","post_date_format_custom":"Y\/m\/d","show_post_category":"1","show_post_reading_time":"0","post_reading_time_wpm":"300","show_zoom_button":"0","zoom_button_out_step":"2","zoom_button_in_step":"3","show_post_tag":"1","show_prev_next_post":"1","show_popup_post":"1","number_popup_post":"1","show_author_box":"0","show_post_related":"0","show_inline_post_related":"0"}],"override_image_size":"0","image_override":[{"single_post_thumbnail_size":"crop-500","single_post_gallery_size":"crop-500"}],"trending_post":"0","trending_post_position":"meta","trending_post_label":"Trending","sponsored_post":"0","sponsored_post_label":"Sponsored by","sponsored_post_name":"","sponsored_post_url":"","sponsored_post_logo_enable":"0","sponsored_post_logo":"","sponsored_post_desc":"","disable_ad":"0"},"jnews_primary_category":{"id":""},"jnews_social_meta":{"fb_title":"","fb_description":"","fb_image":"","twitter_title":"","twitter_description":"","twitter_image":""},"footnotes":""},"categories":[43],"tags":[],"class_list":["post-334070","post","type-post","status-publish","format-standard","has-post-thumbnail","hentry","category-gourmet"],"_links":{"self":[{"href":"https:\/\/dimensionturistica.com\/es\/wp-json\/wp\/v2\/posts\/334070","targetHints":{"allow":["GET"]}}],"collection":[{"href":"https:\/\/dimensionturistica.com\/es\/wp-json\/wp\/v2\/posts"}],"about":[{"href":"https:\/\/dimensionturistica.com\/es\/wp-json\/wp\/v2\/types\/post"}],"author":[{"embeddable":true,"href":"https:\/\/dimensionturistica.com\/es\/wp-json\/wp\/v2\/users\/1"}],"replies":[{"embeddable":true,"href":"https:\/\/dimensionturistica.com\/es\/wp-json\/wp\/v2\/comments?post=334070"}],"version-history":[{"count":0,"href":"https:\/\/dimensionturistica.com\/es\/wp-json\/wp\/v2\/posts\/334070\/revisions"}],"wp:featuredmedia":[{"embeddable":true,"href":"https:\/\/dimensionturistica.com\/es\/wp-json\/wp\/v2\/media\/334080"}],"wp:attachment":[{"href":"https:\/\/dimensionturistica.com\/es\/wp-json\/wp\/v2\/media?parent=334070"}],"wp:term":[{"taxonomy":"category","embeddable":true,"href":"https:\/\/dimensionturistica.com\/es\/wp-json\/wp\/v2\/categories?post=334070"},{"taxonomy":"post_tag","embeddable":true,"href":"https:\/\/dimensionturistica.com\/es\/wp-json\/wp\/v2\/tags?post=334070"}],"curies":[{"name":"wp","href":"https:\/\/api.w.org\/{rel}","templated":true}]}}