{"id":334041,"date":"2022-06-17T15:55:34","date_gmt":"2022-06-17T15:55:34","guid":{"rendered":"https:\/\/dimensionturistica.com\/es\/?p=334041"},"modified":"2022-06-17T15:55:34","modified_gmt":"2022-06-17T15:55:34","slug":"guia-para-vivir-el-mes-del-orgullo-lgbtq-en-los-angeles-california","status":"publish","type":"post","link":"https:\/\/dimensionturistica.com\/es\/guia-para-vivir-el-mes-del-orgullo-lgbtq-en-los-angeles-california\/","title":{"rendered":"Gu\u00eda para vivir el mes del Orgullo LGBTQ+ en Los \u00c1ngeles, California"},"content":{"rendered":"<p><img decoding=\"async\" class=\"size-medium wp-image-334047 alignright\" src=\"https:\/\/dimensionturistica.com\/es\/wp-content\/uploads\/2022\/06\/Pride-Picnic_Copyright-Christina-Rubalcava--300x240.webp\" alt=\"\" width=\"300\" height=\"240\" \/> Los \u00c1ngeles tiene una rica y larga historia relacionada a la comunidad LGBTQ+ incluyendo a una de las primeras manifestaciones en Estados Unidos, que se llev\u00f3 a cabo en el bar Black Cat en el a\u00f1o 1967, y el primer desfile oficial en el que se exigieron derechos y respeto, en 1970. Para seguir con esta fuerte y necesaria tradici\u00f3n, la ciudad albergar\u00e1 diversas actividades que incluyen celebraciones, proyecciones de emblem\u00e1ticas pel\u00edculas, conciertos y muchas otras experiencias que pondr\u00e1n en alto las voces y vivencias de esta importante comunidad.<br \/>\nMarchar, desfilar y vivir siempre con orgullo<br \/>\nPor su parte Los Angeles LGBT Center se enorgullece en presentar el Trans Pride L.A., una de las celebraciones m\u00e1s antiguas de la comunidad TGI\/ENBY+, que en esta ocasi\u00f3n se llevar\u00e1 a cabo del 16 al 18 de junio con eventos in situ y digitales, como una feria del trabajo, un VarieTy show y un<img decoding=\"async\" class=\"size-medium wp-image-334048 alignright\" src=\"https:\/\/dimensionturistica.com\/es\/wp-content\/uploads\/2022\/06\/Pride-Picnic-Copyright-Christina-Rubalcava-300x151.webp\" alt=\"\" width=\"300\" height=\"151\" \/> Big Queer Convo, por mencionar algunos. ?<br \/>\nEn su octava edici\u00f3n, el LA Black Pride celebra las artes, las expresiones diversas y la salud mental de la comunidad afrodescendiente LGBTQ+. Este a\u00f1o, el evento tendr\u00e1 lugar del 30 de junio al 3 de julio, con actividades como una exhibici\u00f3n de negocios con propietarios afrodescendientes queer y dos fiestas: una en Catch One y otra en Heart WeHo.<br \/>\nA celebrar<br \/>\nLos Angeles LGBT Center llevar\u00e1 a cabo su Pride Picnic anual, el cual tendr\u00e1 lugar el 26 de junio en Hollywood Forever, de 6:00 a 10:00 pm. El evento incluir\u00e1 un espacio para disfrutar de un picnic al aire libre, con m\u00fasica de DJ Nico Craig, presentaciones drag por parte de Amber Crane y Lauren Banall, y un performance vogue de Chauncey Dominique. Lo recaudado ser\u00e1 destinado a los programas y servicios de este centro.<br \/>\nLas historias m\u00e1s representativas<br \/>\nEl emblem\u00e1tico Rooftop Cinema Club realizar\u00e1 varias proyecciones especiales con algunos de los \u00e9xitos taquilleros m\u00e1s representativos para la comunidad LGBTQ+, como The Rocky Horror Picture Show (junio 17), Set It Off (junio 18), But I\u2019m a Cheerleader (junio 21), To Wong Foo (junio 28) y Tangerine (junio 29). Parte de lo recaudado por la venta de entradas se donar\u00e1 a The Trevor Project, la organizaci\u00f3n m\u00e1s grande del mundo dedicada a la prevenci\u00f3n de suicidios y apoyo en crisis para los j\u00f3venes LGBTQ+.<br \/>\nNo te pierdas estas incre\u00edbles experiencias y actividades en Los \u00c1ngeles para ? celebrar este verano la equidad, la diversidad y la inclusi\u00f3n. Para m\u00e1s informaci\u00f3n acerca de este y otros eventos, visita: www.discoverlosangeles.com<br \/>\nEn caso de que decidas viajar pr\u00f3ximamente a L.A., te recomendamos que lo hagas de manera responsable, siguiendo todas las medidas de prevenci\u00f3n y salud del Departamento de Salud P\u00fablica del Condado de Los \u00c1ngeles y consultando la nueva pol\u00edtica de viajes para entrar Estados Unidos, vigente desde el 8 de noviembre de 2021.<\/p>\n","protected":false},"excerpt":{"rendered":"<p>Los \u00c1ngeles tiene una rica y larga historia relacionada a la comunidad LGBTQ+ incluyendo a una de las primeras manifestaciones en Estados Unidos, que se llev\u00f3 a cabo en el bar Black Cat en el a\u00f1o 1967, y el primer desfile oficial en el que se exigieron derechos y respeto, en 1970. Para seguir con [&hellip;]<\/p>\n","protected":false},"author":1,"featured_media":334063,"comment_status":"open","ping_status":"closed","sticky":false,"template":"","format":"standard","meta":{"om_disable_all_campaigns":false,"jnews-multi-image_gallery":[],"jnews_single_post":{"source_name":"","source_url":"","via_name":"","via_url":"","override_template":"0","override":[{"template":"1","single_blog_custom":"","parallax":"1","fullscreen":"1","layout":"right-sidebar","sidebar":"default-sidebar","second_sidebar":"default-sidebar","sticky_sidebar":"1","share_position":"top","share_float_style":"share-monocrhome","show_share_counter":"1","show_view_counter":"1","show_featured":"1","show_post_meta":"1","show_post_author":"1","show_post_author_image":"1","show_post_date":"1","post_date_format":"default","post_date_format_custom":"Y\/m\/d","show_post_category":"1","show_post_reading_time":"0","post_reading_time_wpm":"300","show_zoom_button":"0","zoom_button_out_step":"2","zoom_button_in_step":"3","show_post_tag":"1","show_prev_next_post":"1","show_popup_post":"1","number_popup_post":"1","show_author_box":"0","show_post_related":"0","show_inline_post_related":"0"}],"override_image_size":"0","image_override":[{"single_post_thumbnail_size":"crop-500","single_post_gallery_size":"crop-500"}],"trending_post":"0","trending_post_position":"meta","trending_post_label":"Trending","sponsored_post":"0","sponsored_post_label":"Sponsored by","sponsored_post_name":"","sponsored_post_url":"","sponsored_post_logo_enable":"0","sponsored_post_logo":"","sponsored_post_desc":"","disable_ad":"0"},"jnews_primary_category":{"id":""},"jnews_social_meta":{"fb_title":"","fb_description":"","fb_image":"","twitter_title":"","twitter_description":"","twitter_image":""},"footnotes":""},"categories":[39],"tags":[],"class_list":["post-334041","post","type-post","status-publish","format-standard","has-post-thumbnail","hentry","category-viajes"],"_links":{"self":[{"href":"https:\/\/dimensionturistica.com\/es\/wp-json\/wp\/v2\/posts\/334041","targetHints":{"allow":["GET"]}}],"collection":[{"href":"https:\/\/dimensionturistica.com\/es\/wp-json\/wp\/v2\/posts"}],"about":[{"href":"https:\/\/dimensionturistica.com\/es\/wp-json\/wp\/v2\/types\/post"}],"author":[{"embeddable":true,"href":"https:\/\/dimensionturistica.com\/es\/wp-json\/wp\/v2\/users\/1"}],"replies":[{"embeddable":true,"href":"https:\/\/dimensionturistica.com\/es\/wp-json\/wp\/v2\/comments?post=334041"}],"version-history":[{"count":0,"href":"https:\/\/dimensionturistica.com\/es\/wp-json\/wp\/v2\/posts\/334041\/revisions"}],"wp:featuredmedia":[{"embeddable":true,"href":"https:\/\/dimensionturistica.com\/es\/wp-json\/wp\/v2\/media\/334063"}],"wp:attachment":[{"href":"https:\/\/dimensionturistica.com\/es\/wp-json\/wp\/v2\/media?parent=334041"}],"wp:term":[{"taxonomy":"category","embeddable":true,"href":"https:\/\/dimensionturistica.com\/es\/wp-json\/wp\/v2\/categories?post=334041"},{"taxonomy":"post_tag","embeddable":true,"href":"https:\/\/dimensionturistica.com\/es\/wp-json\/wp\/v2\/tags?post=334041"}],"curies":[{"name":"wp","href":"https:\/\/api.w.org\/{rel}","templated":true}]}}