{"id":334007,"date":"2022-06-17T15:16:31","date_gmt":"2022-06-17T15:16:31","guid":{"rendered":"https:\/\/dimensionturistica.com\/es\/?p=334007"},"modified":"2022-06-17T15:16:31","modified_gmt":"2022-06-17T15:16:31","slug":"el-caribe-mexicano-continua-con-su-promocion-por-los-estados-unidos","status":"publish","type":"post","link":"https:\/\/dimensionturistica.com\/es\/el-caribe-mexicano-continua-con-su-promocion-por-los-estados-unidos\/","title":{"rendered":"El Caribe Mexicano continua con su promoci\u00f3n por los Estados Unidos"},"content":{"rendered":"<p><img decoding=\"async\" class=\"size-medium wp-image-334018 alignright\" src=\"https:\/\/dimensionturistica.com\/es\/wp-content\/uploads\/2022\/06\/unnamed-27-300x200.jpg\" alt=\"\" width=\"300\" height=\"200\" srcset=\"https:\/\/dimensionturistica.com\/es\/wp-content\/uploads\/2022\/06\/unnamed-27-300x200.jpg 300w, https:\/\/dimensionturistica.com\/es\/wp-content\/uploads\/2022\/06\/unnamed-27-1024x683.jpg 1024w, https:\/\/dimensionturistica.com\/es\/wp-content\/uploads\/2022\/06\/unnamed-27-768x512.jpg 768w, https:\/\/dimensionturistica.com\/es\/wp-content\/uploads\/2022\/06\/unnamed-27-750x500.jpg 750w, https:\/\/dimensionturistica.com\/es\/wp-content\/uploads\/2022\/06\/unnamed-27-1140x761.jpg 1140w, https:\/\/dimensionturistica.com\/es\/wp-content\/uploads\/2022\/06\/unnamed-27.jpg 1280w\" sizes=\"(max-width: 300px) 100vw, 300px\" \/> Como parte de la estrategia de promoci\u00f3n tur\u00edstica para fortalecer la imagen del Caribe Mexicano en Estados Unidos, el principal mercado emisor de turistas para Quintana Roo, se lanz\u00f3 una campa\u00f1a de presencia de marca previa a la temporada de verano, que contempla la proyecci\u00f3n de videos promocionales en m\u00e1s de mil cuatrocientas pantallas ubicadas en los principales centros comerciales de este pa\u00eds.<br \/>\nLa campa\u00f1a que inici\u00f3 el 25 de mayo en diferentes ciudades de los estados de: Nueva York, California, Florida, Georgia, Illinois, Texas, Pensilvania, Massachusetts, Carolina del Norte, Filadelfia, M\u00edchigan y Colorado; tendr\u00e1 una duraci\u00f3n de tres meses durante los cuales se proyecta alcanzar 246,822,987 impactos.<br \/>\n\u201cBuscamos mantener presencia en el principal mercado para el Caribe Mexicano de acuerdo con la informaci\u00f3n que genera nuestro sistema de Inteligencia de Mercados Tur\u00edsticos, determinando as\u00ed las ciudades y contenidos clave a promocionar de los destinos tur\u00edsticos de Quintaba Roo, considerando de igual manera la conectividad a\u00e9rea con estas ciudades. Para la segunda mitad del a\u00f1o, tenemos una oferta disponible de 3.5 millones de asientos de avi\u00f3n en 20 mil vuelos provenientes de 44 aeropuertos, en 41 ciudades, ofertados por 11 aerol\u00edneas, lo que representa 50% m\u00e1s que en el<img decoding=\"async\" class=\"size-medium wp-image-334019 alignright\" src=\"https:\/\/dimensionturistica.com\/es\/wp-content\/uploads\/2022\/06\/unnamed-2-18-300x199.jpg\" alt=\"\" width=\"300\" height=\"199\" srcset=\"https:\/\/dimensionturistica.com\/es\/wp-content\/uploads\/2022\/06\/unnamed-2-18-300x199.jpg 300w, https:\/\/dimensionturistica.com\/es\/wp-content\/uploads\/2022\/06\/unnamed-2-18-1024x681.jpg 1024w, https:\/\/dimensionturistica.com\/es\/wp-content\/uploads\/2022\/06\/unnamed-2-18-768x511.jpg 768w, https:\/\/dimensionturistica.com\/es\/wp-content\/uploads\/2022\/06\/unnamed-2-18-750x499.jpg 750w, https:\/\/dimensionturistica.com\/es\/wp-content\/uploads\/2022\/06\/unnamed-2-18-1140x758.jpg 1140w, https:\/\/dimensionturistica.com\/es\/wp-content\/uploads\/2022\/06\/unnamed-2-18.jpg 1280w\" sizes=\"(max-width: 300px) 100vw, 300px\" \/> mismo periodo de 2019\u201d, coment\u00f3 Dar\u00edo Flota Ocampo, director general del Consejo de Promoci\u00f3n Tur\u00edstica de Quintana Roo.<br \/>\nEn 2021 el mercado estadounidense se convirti\u00f3 en el principal emisor de visitantes al Caribe Mexicano con 4,759,134, por encima del mercado nacional con 4,719,332 visitantes y el canadiense con 264,072.<\/p>\n","protected":false},"excerpt":{"rendered":"<p>Como parte de la estrategia de promoci\u00f3n tur\u00edstica para fortalecer la imagen del Caribe Mexicano en Estados Unidos, el principal mercado emisor de turistas para Quintana Roo, se lanz\u00f3 una campa\u00f1a de presencia de marca previa a la temporada de verano, que contempla la proyecci\u00f3n de videos promocionales en m\u00e1s de mil cuatrocientas pantallas ubicadas [&hellip;]<\/p>\n","protected":false},"author":1,"featured_media":334014,"comment_status":"open","ping_status":"closed","sticky":false,"template":"","format":"standard","meta":{"om_disable_all_campaigns":false,"jnews-multi-image_gallery":[],"jnews_single_post":{"source_name":"","source_url":"","via_name":"","via_url":"","override_template":"0","override":[{"template":"1","single_blog_custom":"","parallax":"1","fullscreen":"1","layout":"right-sidebar","sidebar":"default-sidebar","second_sidebar":"default-sidebar","sticky_sidebar":"1","share_position":"top","share_float_style":"share-monocrhome","show_share_counter":"1","show_view_counter":"1","show_featured":"1","show_post_meta":"1","show_post_author":"1","show_post_author_image":"1","show_post_date":"1","post_date_format":"default","post_date_format_custom":"Y\/m\/d","show_post_category":"1","show_post_reading_time":"0","post_reading_time_wpm":"300","show_zoom_button":"0","zoom_button_out_step":"2","zoom_button_in_step":"3","show_post_tag":"1","show_prev_next_post":"1","show_popup_post":"1","number_popup_post":"1","show_author_box":"0","show_post_related":"0","show_inline_post_related":"0"}],"override_image_size":"0","image_override":[{"single_post_thumbnail_size":"crop-500","single_post_gallery_size":"crop-500"}],"trending_post":"0","trending_post_position":"meta","trending_post_label":"Trending","sponsored_post":"0","sponsored_post_label":"Sponsored by","sponsored_post_name":"","sponsored_post_url":"","sponsored_post_logo_enable":"0","sponsored_post_logo":"","sponsored_post_desc":"","disable_ad":"0"},"jnews_primary_category":{"id":""},"jnews_social_meta":{"fb_title":"","fb_description":"","fb_image":"","twitter_title":"","twitter_description":"","twitter_image":""},"footnotes":""},"categories":[39],"tags":[],"class_list":["post-334007","post","type-post","status-publish","format-standard","has-post-thumbnail","hentry","category-viajes"],"_links":{"self":[{"href":"https:\/\/dimensionturistica.com\/es\/wp-json\/wp\/v2\/posts\/334007","targetHints":{"allow":["GET"]}}],"collection":[{"href":"https:\/\/dimensionturistica.com\/es\/wp-json\/wp\/v2\/posts"}],"about":[{"href":"https:\/\/dimensionturistica.com\/es\/wp-json\/wp\/v2\/types\/post"}],"author":[{"embeddable":true,"href":"https:\/\/dimensionturistica.com\/es\/wp-json\/wp\/v2\/users\/1"}],"replies":[{"embeddable":true,"href":"https:\/\/dimensionturistica.com\/es\/wp-json\/wp\/v2\/comments?post=334007"}],"version-history":[{"count":0,"href":"https:\/\/dimensionturistica.com\/es\/wp-json\/wp\/v2\/posts\/334007\/revisions"}],"wp:featuredmedia":[{"embeddable":true,"href":"https:\/\/dimensionturistica.com\/es\/wp-json\/wp\/v2\/media\/334014"}],"wp:attachment":[{"href":"https:\/\/dimensionturistica.com\/es\/wp-json\/wp\/v2\/media?parent=334007"}],"wp:term":[{"taxonomy":"category","embeddable":true,"href":"https:\/\/dimensionturistica.com\/es\/wp-json\/wp\/v2\/categories?post=334007"},{"taxonomy":"post_tag","embeddable":true,"href":"https:\/\/dimensionturistica.com\/es\/wp-json\/wp\/v2\/tags?post=334007"}],"curies":[{"name":"wp","href":"https:\/\/api.w.org\/{rel}","templated":true}]}}