{"id":333973,"date":"2022-06-17T14:55:27","date_gmt":"2022-06-17T14:55:27","guid":{"rendered":"https:\/\/dimensionturistica.com\/es\/?p=333973"},"modified":"2022-06-17T14:55:27","modified_gmt":"2022-06-17T14:55:27","slug":"invita-teziutlan-a-disfrutar-del-festival-del-tlayoyo","status":"publish","type":"post","link":"https:\/\/dimensionturistica.com\/es\/invita-teziutlan-a-disfrutar-del-festival-del-tlayoyo\/","title":{"rendered":"Invita Teziutl\u00e1n a disfrutar del Festival del Tlayoyo"},"content":{"rendered":"<p><img decoding=\"async\" class=\"size-medium wp-image-333977 alignright\" src=\"https:\/\/dimensionturistica.com\/es\/wp-content\/uploads\/2022\/06\/unnamed-26-300x200.jpg\" alt=\"\" width=\"300\" height=\"200\" srcset=\"https:\/\/dimensionturistica.com\/es\/wp-content\/uploads\/2022\/06\/unnamed-26-300x200.jpg 300w, https:\/\/dimensionturistica.com\/es\/wp-content\/uploads\/2022\/06\/unnamed-26-1024x683.jpg 1024w, https:\/\/dimensionturistica.com\/es\/wp-content\/uploads\/2022\/06\/unnamed-26-768x512.jpg 768w, https:\/\/dimensionturistica.com\/es\/wp-content\/uploads\/2022\/06\/unnamed-26-1536x1024.jpg 1536w, https:\/\/dimensionturistica.com\/es\/wp-content\/uploads\/2022\/06\/unnamed-26-2048x1365.jpg 2048w, https:\/\/dimensionturistica.com\/es\/wp-content\/uploads\/2022\/06\/unnamed-26-750x500.jpg 750w, https:\/\/dimensionturistica.com\/es\/wp-content\/uploads\/2022\/06\/unnamed-26-1140x760.jpg 1140w\" sizes=\"(max-width: 300px) 100vw, 300px\" \/>\u00a0A fin de rendir tributo a uno de los platillos m\u00e1s representativos de la Sierra Nororiental del estado, los d\u00edas 11 y 12 de junio, a partir de las 10:00 horas, el municipio de Teziutl\u00e1n llevar\u00e1 a cabo la tercera edici\u00f3n del Festival del Tlayoyo, con 43 espacios de exposici\u00f3n que albergar\u00e1n a m\u00e1s de 50 cocineras tradicionales y 80 artesanos de la regi\u00f3n, inform\u00f3 Alejandro Gonz\u00e1lez P\u00e9rez, director de Turismo de ese municipio.<br \/>\nGonz\u00e1lez P\u00e9rez destac\u00f3 que, en esta edici\u00f3n, esperan una afluencia de 4 mil visitantes y una derrama econ\u00f3mica de por lo menos 5 millones de pesos.<img decoding=\"async\" class=\"size-medium wp-image-333980 alignright\" src=\"https:\/\/dimensionturistica.com\/es\/wp-content\/uploads\/2022\/06\/unnamed-1-19-300x200.jpg\" alt=\"\" width=\"300\" height=\"200\" srcset=\"https:\/\/dimensionturistica.com\/es\/wp-content\/uploads\/2022\/06\/unnamed-1-19-300x200.jpg 300w, https:\/\/dimensionturistica.com\/es\/wp-content\/uploads\/2022\/06\/unnamed-1-19-1024x683.jpg 1024w, https:\/\/dimensionturistica.com\/es\/wp-content\/uploads\/2022\/06\/unnamed-1-19-768x512.jpg 768w, https:\/\/dimensionturistica.com\/es\/wp-content\/uploads\/2022\/06\/unnamed-1-19-1536x1024.jpg 1536w, https:\/\/dimensionturistica.com\/es\/wp-content\/uploads\/2022\/06\/unnamed-1-19-2048x1365.jpg 2048w, https:\/\/dimensionturistica.com\/es\/wp-content\/uploads\/2022\/06\/unnamed-1-19-750x500.jpg 750w, https:\/\/dimensionturistica.com\/es\/wp-content\/uploads\/2022\/06\/unnamed-1-19-1140x760.jpg 1140w\" sizes=\"(max-width: 300px) 100vw, 300px\" \/><br \/>\nMar\u00eda Luisa Salazar, cocinera tradicional, invit\u00f3 a poblanas y poblanos al festival para probar el platillo preparado con masa de alverj\u00f3n, masa de ma\u00edz, hoja de aguacate, que es ba\u00f1ado por alguna de las tradicionales salsas verde, roja o chipotle.<br \/>\nAdem\u00e1s, mencion\u00f3 que representantes de nueve municipios invitados (Zacapoaxtla, Zaragoza, Tlatlauquitepec, Hueyapan, Teteles de \u00c1vila Castillo, Atempan, Chignautla, San Juan Xiutetelco, Hueytamalco), presentar\u00e1n este t\u00edpico platillo, por ejemplo, rellenos de hongos, chicharr\u00f3n o alg\u00fan otro producto.<br \/>\nEn su intervenci\u00f3n, la directora de Innovaci\u00f3n y Calidad, Guadalupe Lozano Garfias reconoci\u00f3 la importancia de promover la gastronom\u00eda t\u00edpica de las diferentes regiones de la entidad poblana, y record\u00f3 que el tercer motivo de viaje a la entidad es precisamente el culinario, y en este sentido, la entidad cuenta con una gran riqueza.<\/p>\n","protected":false},"excerpt":{"rendered":"<p>\u00a0A fin de rendir tributo a uno de los platillos m\u00e1s representativos de la Sierra Nororiental del estado, los d\u00edas 11 y 12 de junio, a partir de las 10:00 horas, el municipio de Teziutl\u00e1n llevar\u00e1 a cabo la tercera edici\u00f3n del Festival del Tlayoyo, con 43 espacios de exposici\u00f3n que albergar\u00e1n a m\u00e1s de [&hellip;]<\/p>\n","protected":false},"author":1,"featured_media":333978,"comment_status":"open","ping_status":"closed","sticky":false,"template":"","format":"standard","meta":{"om_disable_all_campaigns":false,"jnews-multi-image_gallery":[],"jnews_single_post":{"source_name":"","source_url":"","via_name":"","via_url":"","override_template":"0","override":[{"template":"1","single_blog_custom":"","parallax":"1","fullscreen":"1","layout":"right-sidebar","sidebar":"default-sidebar","second_sidebar":"default-sidebar","sticky_sidebar":"1","share_position":"top","share_float_style":"share-monocrhome","show_share_counter":"1","show_view_counter":"1","show_featured":"1","show_post_meta":"1","show_post_author":"1","show_post_author_image":"1","show_post_date":"1","post_date_format":"default","post_date_format_custom":"Y\/m\/d","show_post_category":"1","show_post_reading_time":"0","post_reading_time_wpm":"300","show_zoom_button":"0","zoom_button_out_step":"2","zoom_button_in_step":"3","show_post_tag":"1","show_prev_next_post":"1","show_popup_post":"1","number_popup_post":"1","show_author_box":"0","show_post_related":"0","show_inline_post_related":"0"}],"override_image_size":"0","image_override":[{"single_post_thumbnail_size":"crop-500","single_post_gallery_size":"crop-500"}],"trending_post":"0","trending_post_position":"meta","trending_post_label":"Trending","sponsored_post":"0","sponsored_post_label":"Sponsored by","sponsored_post_name":"","sponsored_post_url":"","sponsored_post_logo_enable":"0","sponsored_post_logo":"","sponsored_post_desc":"","disable_ad":"0"},"jnews_primary_category":{"id":""},"jnews_social_meta":{"fb_title":"","fb_description":"","fb_image":"","twitter_title":"","twitter_description":"","twitter_image":""},"footnotes":""},"categories":[43],"tags":[],"class_list":["post-333973","post","type-post","status-publish","format-standard","has-post-thumbnail","hentry","category-gourmet"],"_links":{"self":[{"href":"https:\/\/dimensionturistica.com\/es\/wp-json\/wp\/v2\/posts\/333973","targetHints":{"allow":["GET"]}}],"collection":[{"href":"https:\/\/dimensionturistica.com\/es\/wp-json\/wp\/v2\/posts"}],"about":[{"href":"https:\/\/dimensionturistica.com\/es\/wp-json\/wp\/v2\/types\/post"}],"author":[{"embeddable":true,"href":"https:\/\/dimensionturistica.com\/es\/wp-json\/wp\/v2\/users\/1"}],"replies":[{"embeddable":true,"href":"https:\/\/dimensionturistica.com\/es\/wp-json\/wp\/v2\/comments?post=333973"}],"version-history":[{"count":0,"href":"https:\/\/dimensionturistica.com\/es\/wp-json\/wp\/v2\/posts\/333973\/revisions"}],"wp:featuredmedia":[{"embeddable":true,"href":"https:\/\/dimensionturistica.com\/es\/wp-json\/wp\/v2\/media\/333978"}],"wp:attachment":[{"href":"https:\/\/dimensionturistica.com\/es\/wp-json\/wp\/v2\/media?parent=333973"}],"wp:term":[{"taxonomy":"category","embeddable":true,"href":"https:\/\/dimensionturistica.com\/es\/wp-json\/wp\/v2\/categories?post=333973"},{"taxonomy":"post_tag","embeddable":true,"href":"https:\/\/dimensionturistica.com\/es\/wp-json\/wp\/v2\/tags?post=333973"}],"curies":[{"name":"wp","href":"https:\/\/api.w.org\/{rel}","templated":true}]}}