{"id":333838,"date":"2022-06-17T11:34:19","date_gmt":"2022-06-17T11:34:19","guid":{"rendered":"https:\/\/dimensionturistica.com\/es\/?p=333838"},"modified":"2022-06-17T11:34:19","modified_gmt":"2022-06-17T11:34:19","slug":"vuelo-cancelado-desastre-en-ranon-vueling-deja-tiradas-sin-previo-aviso-a-mas-de-200-personas-en-el-aeropuerto-de-asturias","status":"publish","type":"post","link":"https:\/\/dimensionturistica.com\/es\/vuelo-cancelado-desastre-en-ranon-vueling-deja-tiradas-sin-previo-aviso-a-mas-de-200-personas-en-el-aeropuerto-de-asturias\/","title":{"rendered":"VUELO CANCELADO | Desastre en Ran\u00f3n: &#8220;Vueling&#8221; deja tiradas sin previo aviso a m\u00e1s de 200 personas en el aeropuerto de Asturias"},"content":{"rendered":"<p> <br \/>\n<\/p>\n<p>\n        La compa\u00f1\u00eda &#8220;<a rel=\"nofollow noopener\" target=\"_blank\" href=\"https:\/\/www.lne.es\/comunicaciones-empresas\/2022\/06\/13\/cepsa-vueling-alian-acelerar-descarbonizacion-67216488.html\" title=\"Vueling\" class=\"link copy\">Vueling<\/a>&#8221; ha cancelado un avi\u00f3n, sin previo aviso, que transportaba a <strong>m\u00e1s de 200 personas desde Asturias a Barcelona<\/strong>. Los hechos han sucedido a las 8.00 del d\u00eda de hoy, cuando los pasajeros se han presentado en el aeropuerto para viajar. Entre ellos, un grupo de 35 personas, estudiantes de la Escuela Oficial e Idiomas de Oviedo. El avi\u00f3n, que deb\u00eda haber despegado a las 9.45, no ha podido volar <strong>&#8220;por problemas t\u00e9cnicos&#8221;<\/strong>. La compa\u00f1\u00eda a\u00e9rea explica que avis\u00f3 a todos los pasajeros, incluidas agencias de viaje, ayer por la tarde. Sin embargo, todas las personas implicadas aseguran que no han recibido ning\u00fan tipo de aviso sobre la cancelaci\u00f3n de este avi\u00f3n.\n<\/p>\n<div>\n<p class=\"article-body__text \">\n        El grupo de estudiantes ten\u00eda que llegar a Barcelona en hora para coger un siguiente avi\u00f3n que los llevar\u00eda a Palermo, Italia. A causa de este imprevisto, el grupo ha perdido los dos aviones, por lo que no podr\u00e1n disfrutar de la totalidad de su viaje, el cual ya llevaban preparando desde antes de la pandemia. &#8220;Nos han dejado completamente tirados&#8221;, declar\u00f3 una de las estudiantes.\n<\/p>\n<p class=\"article-body__text \">\n        El aeropuerto ha intentado mitigar estos da\u00f1os fletando un autob\u00fas que llevar\u00e1 al grupo hasta Santiago de Compostela para que puedan coger un avi\u00f3n que los llevar\u00e1 a Barcelona esta misma noche. Sin embargo, no podr\u00e1n volar a Palermo hasta ma\u00f1ana.\n<\/p>\n<p class=\"article-body__text \">\n        A las personas que volaban por cuenta propia se les ha ofrecido un vuelo a las 22.00 del d\u00eda de hoy.\n<\/p>\n<p class=\"article-body__text \">\n        Tanto los implicados a nivel particular person, como las agencias de viaje, ya han empezado a emprender acciones legales, tanto contra la compa\u00f1\u00eda Vueling, como contra la empresa que gestiona los aeropuertos de inter\u00e9s common en Espa\u00f1a, Aena.\n<\/p>\n<\/p><\/div>\n\n<p><em> &#8221; Fuentes www.lne.es &#8221; <\/em><\/p>\n","protected":false},"excerpt":{"rendered":"<p>La compa\u00f1\u00eda &#8220;Vueling&#8221; ha cancelado un avi\u00f3n, sin previo aviso, que transportaba a m\u00e1s de 200 personas desde Asturias a Barcelona. Los hechos han sucedido a las 8.00 del d\u00eda de hoy, cuando los pasajeros se han presentado en el aeropuerto para viajar. Entre ellos, un grupo de 35 personas, estudiantes de la Escuela Oficial [&hellip;]<\/p>\n","protected":false},"author":4,"featured_media":333839,"comment_status":"open","ping_status":"closed","sticky":false,"template":"","format":"standard","meta":{"om_disable_all_campaigns":false,"jnews-multi-image_gallery":[],"jnews_single_post":[],"jnews_primary_category":[],"jnews_social_meta":[],"footnotes":""},"categories":[40],"tags":[15438,47416,47417,47418,8465],"class_list":["post-333838","post","type-post","status-publish","format-standard","has-post-thumbnail","hentry","category-industria","tag-deja","tag-desastre","tag-ranon","tag-tiradas","tag-vueling"],"_links":{"self":[{"href":"https:\/\/dimensionturistica.com\/es\/wp-json\/wp\/v2\/posts\/333838","targetHints":{"allow":["GET"]}}],"collection":[{"href":"https:\/\/dimensionturistica.com\/es\/wp-json\/wp\/v2\/posts"}],"about":[{"href":"https:\/\/dimensionturistica.com\/es\/wp-json\/wp\/v2\/types\/post"}],"author":[{"embeddable":true,"href":"https:\/\/dimensionturistica.com\/es\/wp-json\/wp\/v2\/users\/4"}],"replies":[{"embeddable":true,"href":"https:\/\/dimensionturistica.com\/es\/wp-json\/wp\/v2\/comments?post=333838"}],"version-history":[{"count":0,"href":"https:\/\/dimensionturistica.com\/es\/wp-json\/wp\/v2\/posts\/333838\/revisions"}],"wp:featuredmedia":[{"embeddable":true,"href":"https:\/\/dimensionturistica.com\/es\/wp-json\/wp\/v2\/media\/333839"}],"wp:attachment":[{"href":"https:\/\/dimensionturistica.com\/es\/wp-json\/wp\/v2\/media?parent=333838"}],"wp:term":[{"taxonomy":"category","embeddable":true,"href":"https:\/\/dimensionturistica.com\/es\/wp-json\/wp\/v2\/categories?post=333838"},{"taxonomy":"post_tag","embeddable":true,"href":"https:\/\/dimensionturistica.com\/es\/wp-json\/wp\/v2\/tags?post=333838"}],"curies":[{"name":"wp","href":"https:\/\/api.w.org\/{rel}","templated":true}]}}