{"id":333809,"date":"2022-06-17T10:47:20","date_gmt":"2022-06-17T10:47:20","guid":{"rendered":"https:\/\/dimensionturistica.com\/es\/?p=333809"},"modified":"2022-06-17T10:47:21","modified_gmt":"2022-06-17T10:47:21","slug":"novedades-y-claves-para-viajar-a-francia-este-verano","status":"publish","type":"post","link":"https:\/\/dimensionturistica.com\/es\/novedades-y-claves-para-viajar-a-francia-este-verano\/","title":{"rendered":"Novedades y claves para viajar a Francia este verano"},"content":{"rendered":"<p> <br \/>\n<\/p>\n<div>\n<aside class=\"subscription-highlighted\">\n<div class=\"subscription-container\">\n<div class=\"non-subscribed\">\n<p class=\"description\">Somos de rutas, no de rutinas. Descubre Viajes Nationwide Geographic<\/p>\n<p><a rel=\"nofollow noopener\" target=\"_blank\" href=\"https:\/\/tienda.rbarevistas.com\/por-que-viajes-national-geographic.html?rba_source=viajes.nationalgeographic.com.es&amp;rba_medium=referral&amp;rba_campaign=NGMV&amp;rba_content=frase-articulo\" class=\"more-link\">SABER M\u00c1S<\/a><\/div>\n<\/div>\n<\/aside>\n<p style=\"display: none;\"><img decoding=\"async\" id=\"ctl01_ctl00_phMain_phMain_ctl00_ctl02_ctl17_ctl01_imgContent\" src=\"https:\/\/viajes.nationalgeographic.com.es\/medio\/2022\/06\/17\/biarritz_20f2a54d_800x800.jpg\" alt=\"Biarritz\" style=\"border-width:0px;\"\/><\/p>\n<aside class=\"add300x250 publi-interior-top ad-container-r1 ad-inline\"\/>\n<h2><strong>Adi\u00f3s a las restricciones COVID<\/strong><\/h2>\n<p><strong>Como en los principales pa\u00edses de la Uni\u00f3n Europea, el uso de la mascarilla en territorio franc\u00e9s ya no es obligatorio en los establecimientos abiertos al p\u00fablico<\/strong>, a excepci\u00f3n de los centros sanitarios o asistenciales (especialmente hospitales, farmacias o laboratorios m\u00e9dicos), donde sigue siendo obligatorio para los cuidadores, los pacientes y los visitantes. <strong>La mascarilla tampoco ha dejado de ser obligatoria en los transportes (metro, autob\u00fas, tren, avi\u00f3n, taxis) del pa\u00eds.<\/strong><\/p>\n<p>En cuanto a la llegada de viajeros a Francia desde pa\u00edses del extranjero, hay varias modalidades de requisitos que var\u00edan en funci\u00f3n de la situaci\u00f3n sanitaria de estos y de la vacunaci\u00f3n de sus viajeros. Existen as\u00ed dos categor\u00edas de pa\u00edses diferenciadas por colores, Verdes y Naranjas, seg\u00fan sus indicadores de salud. <strong>Espa\u00f1a se halla entre los primeros, as\u00ed que ya no hay requisitos de entrada, siempre que se tenga completa la pauta de vacunaci\u00f3n recomendada por la Uni\u00f3n Europea <\/strong>por lo que hay que <strong>presentar el pasaporte COVID<\/strong>. En el caso de una persona no vacunada, s\u00ed se le exigir\u00e1 resultado negativo de una prueba PCR de menos de 72 horas antes de la llegada o una prueba de ant\u00edgeno realizada hasta 48 horas antes. Si no se ha completado la pauta de vacunaci\u00f3n por haber pasado recientemente el virus, s\u00ed se solicita el certificado de recuperaci\u00f3n.<\/p>\n<h2>Novedades para este verano<\/h2>\n<p>Este verano 2022, Francia apuesta por unas vacaciones sostenibles. <strong>Para ello anima al visitante a redescubrir el pa\u00eds por caminos poco transitados, elegir destinos menos trillados y alojarse en hoteles rurales y granjas de enfoque eco-responsable, <\/strong>degustando una gastronom\u00eda biodin\u00e1mica y basada en productos de proximidad. Para ello es interesante conocer las distintas etiquetas y logos medioambientales que identifican visitas y establecimientos.<\/p>\n<p>Asimismo <strong>se potencian los destinos de naturaleza<\/strong>. Francia cuenta con 11 Parques Nacionales (7 en territorio continental y 3 de ultramar), desde los Alpes a los <a rel=\"nofollow noopener\" target=\"_blank\" href=\"https:\/\/viajes.nationalgeographic.com.es\/a\/midi-pyrenees-claves-pirineo-frances_15852\">Pirineos<\/a>, adem\u00e1s de 300 Reservas Naturales y medio centenar de Parques Naturales Regionales. Tras dos a\u00f1os de limitaciones, muchos de ellos presentan para la temporada estival nuevos senderos, infraestructuras&#8230; Asimismo se promociona <strong>nuevos destinos de monta\u00f1a, como los Paisajes del Cotentin, la zona de la Normand\u00eda <\/strong>que se adentra en el Canal de la Mancha, un itinerario que es un di\u00e1logo entre la tierra y el mar.<\/p>\n<p>En ese mismo contexto se refuerzan actividades al aire libre como el senderismo. Es pues la ocasi\u00f3n de <strong>descubrir el Camino de Santiago en Francia<\/strong>, cuatro rutas en complete que salen de Par\u00eds, V\u00e9zelay en Borgo\u00f1a, Le Puy en Auvernia y Arles en Provenza; o recorrer las etapas de un curioso Gran Recorrido (GR) en Francia, que sigue los pasos de Stevenson atravesando las monta\u00f1as de Cevenas y las tierras de G\u00e9vaudan; o la <strong>Ruta entre lagos y volcanes al Pico de Sancy, <\/strong>donde se halla el volc\u00e1n m\u00e1s alto de Francia continental que se eleva hasta los 1886 metros de altitud.<\/p>\n<figure class=\"thumb zoom\"><img loading=\"lazy\" decoding=\"async\" sizes=\"auto, 100vw\" srcset=\"https:\/\/viajes.nationalgeographic.com.es\/medio\/2022\/06\/17\/normandia_ff60dabe_720x479.jpg 720w,https:\/\/viajes.nationalgeographic.com.es\/medio\/2022\/06\/17\/normandia_cf61bfa3_1200x799.jpg 1200w\" src=\"https:\/\/viajes.nationalgeographic.com.es\/medio\/2022\/06\/17\/normandia_cf61bfa3_1200x799.jpg\" alt=\"Normand\u00eda\" class=\"lazyload\" width=\"1200\" height=\"799\" data-aspectratio=\"1200\/799\"\/><noscript><img decoding=\"async\" src=\"https:\/\/viajes.nationalgeographic.com.es\/medio\/2022\/06\/17\/normandia_cf61bfa3_1200x799.jpg\" alt=\"Normand\u00eda\"\/><\/noscript><\/p>\n<p>&#13;<figcaption class=\"by\">&#13;Foto: iStock<\/figcaption>&#13;<\/p>\n<\/figure>\n<p>Siguiendo en clave sostenible, en el norte del pa\u00eds se ha inaugurado <strong>La V\u00e9lodyss\u00e9e, un recorrido para bicicleta <\/strong>por etapas que discurre junto a la costa atl\u00e1ntica, en complete 1200 kil\u00f3metros desde Breta\u00f1a al <a rel=\"nofollow noopener\" target=\"_blank\" href=\"https:\/\/viajes.nationalgeographic.com.es\/a\/busca-secretos-pais-vasco-frances_16080\">Pa\u00eds Vasco Franc\u00e9s<\/a>, siempre con el oc\u00e9ano de tel\u00f3n de fondo: el 80% del recorrido est\u00e1 libre de veh\u00edculos.<\/p>\n<p>Junto a estas novedades, Francia no renuncia a su inmenso patrimonio, por ejemplo reivindicando destinos hist\u00f3ricos como la <strong>Ciudad Episcopal de Albi,<\/strong> cuyo <a rel=\"nofollow noopener\" target=\"_blank\" href=\"https:\/\/viajes.nationalgeographic.com.es\/lifestyle\/museo-toulouse-lautrec-albi-cumple-cien-anos_18155\">Museo de Toulouse Lautrec <\/a>est\u00e1 de celebraci\u00f3n este verano por su primer centenario. Otro destino favorito de los espa\u00f1oles es el <a rel=\"nofollow noopener\" target=\"_blank\" href=\"https:\/\/viajes.nationalgeographic.com.es\/a\/video-valle-loira-a-traves-sus-castillos_17753\">Valle del Loira<\/a>, que este 2022 invita a contemplar algunos de sus castillos como el de Chenonceau desde una perspectiva distinta, navegando en canoa por el cauce fluvial. O descubrir un <a rel=\"nofollow noopener\" target=\"_blank\" href=\"https:\/\/viajes.nationalgeographic.com.es\/multimedia\/versalles-universo-rey-sol_16486\">Versalles<\/a> fuera de radar que, tras la visita al suntuoso palacio, propone caminar por los senderos del bosque de 315 hect\u00e1reas que rodea el monumento, no hace mucho distinguido como Reserva de Biodiversidad y ampliado con humedales. Por cierto que desde el pasado verano es posible dormir como un rey en un <a rel=\"nofollow noopener\" target=\"_blank\" href=\"https:\/\/viajes.nationalgeographic.com.es\/lifestyle\/todo-sobre-primer-hotel-que-abrira-versalles-este-verano_16292\">nuevo alojamiento en Versalles.<\/a><\/p>\n<p><strong>Francia tambi\u00e9n se postula como un destino para viajar con ni\u00f1os.<\/strong> En la regi\u00f3n de <a rel=\"nofollow noopener\" target=\"_blank\" href=\"https:\/\/viajes.nationalgeographic.com.es\/a\/occitania-region-mas-legendaria-francia_18075\">Occitania<\/a> proponen 4 itinerarios que incluyen <strong>visitas y actividades especialmente indicadas para viajes en familia<\/strong>, como recorrer los montes de las Cevenas donde se siguen rutas para avistar en libertad isardos, \u00edbices o marmotas. Otra concept es participar en talleres artesanales, como los que ense\u00f1an c\u00f3mo crear perfumes o jabones en la <a rel=\"nofollow noopener\" target=\"_blank\" href=\"https:\/\/viajes.nationalgeographic.com.es\/multimedia\/video-todo-sobre-campos-lavanda-provenza-francesa_16775\">provenzal Grasse<\/a>. Indicado para los m\u00e1s peque\u00f1os, pero tambi\u00e9n para adultos, otra concept es navegar en barcaza por el r\u00edo subterr\u00e1neo que surca la Cueva de Padirac, en el valle del <a rel=\"nofollow noopener\" target=\"_blank\" href=\"https:\/\/viajes.nationalgeographic.com.es\/a\/perigord-ruta-por-dulce-valle-dordona_11933\">Dordo\u00f1a<\/a>, o las visitas comentadas a la Cueva de Carbonni\u00e8res, en el coraz\u00f3n del Parque Pure Regional de Causses du Quercy, en las inmediaciones de <strong>Rocamadour<\/strong>, uno de los <a rel=\"nofollow noopener\" target=\"_blank\" href=\"https:\/\/viajes.nationalgeographic.com.es\/a\/francia-diez-pueblos-colgantes-y-aptos-para-viajeros-vertigo_17951\">pueblos colgantes<\/a> m\u00e1s bellos de Francia.<\/p>\n<p>Y por cierto que el vecino pa\u00eds cuenta con un centenar de lugares declarados \u00ab<strong>Los pueblos m\u00e1s bonitos de Francia\u00bb, un listado que se renueva cada temporada, y que para el 2022 sit\u00faa entre los High 10<\/strong> a: Eguisheim en Alsacia, Verles-Les-Roses en Normand\u00eda, Saint-Suliac en Breta\u00f1a, Montr\u00e9sor en el Valle del Loira, Ch\u00e2teauneuf en Borgo\u00f1a, Bonneval-sur-Arc en los Alpes, Saint-Jean-Pied-de-Port en Biarritz, Auvillar en la Occitania, les Baux-de-Provence en la Provenza y Piana en la isla de C\u00f3rcega.<\/p>\n<figure class=\"thumb zoom\"><img loading=\"lazy\" decoding=\"async\" sizes=\"auto, 100vw\" srcset=\"https:\/\/viajes.nationalgeographic.com.es\/medio\/2022\/06\/17\/paris_a811926c_720x480.jpg 720w,https:\/\/viajes.nationalgeographic.com.es\/medio\/2022\/06\/17\/paris_f4f9220c_1200x800.jpg 1200w\" src=\"https:\/\/viajes.nationalgeographic.com.es\/medio\/2022\/06\/17\/paris_f4f9220c_1200x800.jpg\" alt=\"Paris\" class=\"lazyload\" width=\"1200\" height=\"800\" data-aspectratio=\"1200\/800\"\/><noscript><img decoding=\"async\" src=\"https:\/\/viajes.nationalgeographic.com.es\/medio\/2022\/06\/17\/paris_f4f9220c_1200x800.jpg\" alt=\"Paris\"\/><\/noscript><\/p>\n<p>&#13;<figcaption class=\"by\">&#13;Foto: iStock<\/figcaption>&#13;<\/p>\n<\/figure>\n<p>Y no se puede olvidar que <strong>Francia es uno de los motores art\u00edsticos en Europa, con un sinf\u00edn de museos y exposiciones temporales m\u00e1s destacadas del continente. <\/strong> Por ello es siempre recomendable consultar la agenda de los museos de <a rel=\"nofollow noopener\" target=\"_blank\" href=\"https:\/\/viajes.nationalgeographic.com.es\/a\/ruta-literaria-por-paris_12147\">Par\u00eds<\/a>, donde por cierto reabri\u00f3 hace escasos meses el singular <a rel=\"nofollow noopener\" target=\"_blank\" href=\"https:\/\/viajes.nationalgeographic.com.es\/lifestyle\/mundo-museo-jardin-reabre-centro-albert-kahn-paris_17924\">Centro de Fotograf\u00edas de Albert Khan<\/a>. Fuera de la capital francesa tambi\u00e9n destacamos para este verano las exhibiciones \u00abLa Gioconda, exposici\u00f3n inversiva\u00bb, en el Palacio de la Bolsa de Marsella, y \u00abPicasso, la efervescencia de las formas\u00bb, en la Cit\u00e9 du Vin de <a rel=\"nofollow noopener\" target=\"_blank\" href=\"https:\/\/viajes.nationalgeographic.com.es\/a\/que-ver-burdeos_15479\">Burdeos<\/a>.<\/p>\n<p>Una buena forma de concluir el verano ser\u00e1 participando de las Jornadas Europeas del Patrimonio, cuya 39 edici\u00f3n se celebra en 2022 del 17 y 18 de septiembre. Se trata de una oportunidad de visitar edificios emblem\u00e1ticos de Francia que esos d\u00edas abrir\u00e1n de forma excepcional, ofreciendo visitas guiadas y eventos especiales.<\/p>\n<aside class=\"add300x600 publi-interior-bot ad-inline ad-container-r2\"\/><\/div>\n\n<p><em> &#8221; Fuentes viajes.nationalgeographic.com.es &#8221; <\/em><\/p>\n","protected":false},"excerpt":{"rendered":"<p>Somos de rutas, no de rutinas. Descubre Viajes Nationwide Geographic SABER M\u00c1S Adi\u00f3s a las restricciones COVID Como en los principales pa\u00edses de la Uni\u00f3n Europea, el uso de la mascarilla en territorio franc\u00e9s ya no es obligatorio en los establecimientos abiertos al p\u00fablico, a excepci\u00f3n de los centros sanitarios o asistenciales (especialmente hospitales, farmacias [&hellip;]<\/p>\n","protected":false},"author":4,"featured_media":333810,"comment_status":"open","ping_status":"closed","sticky":false,"template":"","format":"standard","meta":{"om_disable_all_campaigns":false,"jnews-multi-image_gallery":[],"jnews_single_post":[],"jnews_primary_category":[],"jnews_social_meta":[],"footnotes":""},"categories":[39],"tags":[47258,47257],"class_list":["post-333809","post","type-post","status-publish","format-standard","has-post-thumbnail","hentry","category-viajes","tag-cargado-desde-el-fichero-de-recursos","tag-keywords-por-defecto"],"_links":{"self":[{"href":"https:\/\/dimensionturistica.com\/es\/wp-json\/wp\/v2\/posts\/333809","targetHints":{"allow":["GET"]}}],"collection":[{"href":"https:\/\/dimensionturistica.com\/es\/wp-json\/wp\/v2\/posts"}],"about":[{"href":"https:\/\/dimensionturistica.com\/es\/wp-json\/wp\/v2\/types\/post"}],"author":[{"embeddable":true,"href":"https:\/\/dimensionturistica.com\/es\/wp-json\/wp\/v2\/users\/4"}],"replies":[{"embeddable":true,"href":"https:\/\/dimensionturistica.com\/es\/wp-json\/wp\/v2\/comments?post=333809"}],"version-history":[{"count":0,"href":"https:\/\/dimensionturistica.com\/es\/wp-json\/wp\/v2\/posts\/333809\/revisions"}],"wp:featuredmedia":[{"embeddable":true,"href":"https:\/\/dimensionturistica.com\/es\/wp-json\/wp\/v2\/media\/333810"}],"wp:attachment":[{"href":"https:\/\/dimensionturistica.com\/es\/wp-json\/wp\/v2\/media?parent=333809"}],"wp:term":[{"taxonomy":"category","embeddable":true,"href":"https:\/\/dimensionturistica.com\/es\/wp-json\/wp\/v2\/categories?post=333809"},{"taxonomy":"post_tag","embeddable":true,"href":"https:\/\/dimensionturistica.com\/es\/wp-json\/wp\/v2\/tags?post=333809"}],"curies":[{"name":"wp","href":"https:\/\/api.w.org\/{rel}","templated":true}]}}